{"id":642,"date":"2025-12-01T08:43:54","date_gmt":"2025-12-01T11:43:54","guid":{"rendered":"https:\/\/trebolense.com.ar\/archivo\/?p=642"},"modified":"2026-03-30T11:32:37","modified_gmt":"2026-03-30T14:32:37","slug":"historias-del-club","status":"publish","type":"post","link":"https:\/\/trebolense.com.ar\/archivo\/historias-del-club\/","title":{"rendered":"Historias del Club Atl\u00e9tico Trebolense"},"content":{"rendered":"<p><strong>EL NACIMIENTO DE CLUB ATLETICO TREBOLENSE<\/strong><\/p>\n<p><strong>ACTA FUNDACIONAL\u00a0\u00a0<\/strong><\/p>\n<p><a href=\"https:\/\/trebolense.com.ar\/archivo\/wp-content\/uploads\/2025\/12\/ACTA-FUNDACIONAL-1.jpg\"><img loading=\"lazy\" decoding=\"async\" class=\"wp-image-754 size-full aligncenter\" src=\"https:\/\/trebolense.com.ar\/archivo\/wp-content\/uploads\/2025\/12\/ACTA-FUNDACIONAL-1.jpg\" alt=\"\" width=\"743\" height=\"1200\" srcset=\"https:\/\/trebolense.com.ar\/archivo\/wp-content\/uploads\/2025\/12\/ACTA-FUNDACIONAL-1.jpg 743w, https:\/\/trebolense.com.ar\/archivo\/wp-content\/uploads\/2025\/12\/ACTA-FUNDACIONAL-1-186x300.jpg 186w, https:\/\/trebolense.com.ar\/archivo\/wp-content\/uploads\/2025\/12\/ACTA-FUNDACIONAL-1-634x1024.jpg 634w, https:\/\/trebolense.com.ar\/archivo\/wp-content\/uploads\/2025\/12\/ACTA-FUNDACIONAL-1-696x1124.jpg 696w\" sizes=\"auto, (max-width: 743px) 100vw, 743px\" \/><\/a><a href=\"https:\/\/trebolense.com.ar\/archivo\/wp-content\/uploads\/2025\/12\/ACTA-FUNDACIONAL-2.jpg\"><img loading=\"lazy\" decoding=\"async\" class=\"wp-image-755 size-full aligncenter\" src=\"https:\/\/trebolense.com.ar\/archivo\/wp-content\/uploads\/2025\/12\/ACTA-FUNDACIONAL-2.jpg\" alt=\"\" width=\"754\" height=\"1200\" srcset=\"https:\/\/trebolense.com.ar\/archivo\/wp-content\/uploads\/2025\/12\/ACTA-FUNDACIONAL-2.jpg 754w, https:\/\/trebolense.com.ar\/archivo\/wp-content\/uploads\/2025\/12\/ACTA-FUNDACIONAL-2-189x300.jpg 189w, https:\/\/trebolense.com.ar\/archivo\/wp-content\/uploads\/2025\/12\/ACTA-FUNDACIONAL-2-643x1024.jpg 643w, https:\/\/trebolense.com.ar\/archivo\/wp-content\/uploads\/2025\/12\/ACTA-FUNDACIONAL-2-696x1108.jpg 696w\" sizes=\"auto, (max-width: 754px) 100vw, 754px\" \/><\/a><a href=\"https:\/\/trebolense.com.ar\/archivo\/wp-content\/uploads\/2025\/12\/ACTA-FUNDACIONAL-3.jpg\"><img loading=\"lazy\" decoding=\"async\" class=\"wp-image-756 size-large aligncenter\" src=\"https:\/\/trebolense.com.ar\/archivo\/wp-content\/uploads\/2025\/12\/ACTA-FUNDACIONAL-3-1024x877.jpg\" alt=\"\" width=\"696\" height=\"596\" srcset=\"https:\/\/trebolense.com.ar\/archivo\/wp-content\/uploads\/2025\/12\/ACTA-FUNDACIONAL-3-1024x877.jpg 1024w, https:\/\/trebolense.com.ar\/archivo\/wp-content\/uploads\/2025\/12\/ACTA-FUNDACIONAL-3-300x257.jpg 300w, https:\/\/trebolense.com.ar\/archivo\/wp-content\/uploads\/2025\/12\/ACTA-FUNDACIONAL-3-768x658.jpg 768w, https:\/\/trebolense.com.ar\/archivo\/wp-content\/uploads\/2025\/12\/ACTA-FUNDACIONAL-3-696x596.jpg 696w, https:\/\/trebolense.com.ar\/archivo\/wp-content\/uploads\/2025\/12\/ACTA-FUNDACIONAL-3-1068x915.jpg 1068w, https:\/\/trebolense.com.ar\/archivo\/wp-content\/uploads\/2025\/12\/ACTA-FUNDACIONAL-3.jpg 1200w\" sizes=\"auto, (max-width: 696px) 100vw, 696px\" \/><br \/>\n<\/a><\/p>\n<p><strong>PAGINA DEL DR. JUAN C. PODESTA<\/strong><\/p>\n<p><a href=\"https:\/\/trebolense.com.ar\/archivo\/wp-content\/uploads\/2025\/12\/PUBLICACION-JUAN-C-PODESTA-LIBRO-50-ANOS.jpg\"><img loading=\"lazy\" decoding=\"async\" class=\"aligncenter wp-image-747 size-large\" src=\"https:\/\/trebolense.com.ar\/archivo\/wp-content\/uploads\/2025\/12\/PUBLICACION-JUAN-C-PODESTA-LIBRO-50-ANOS-671x1024.jpg\" alt=\"\" width=\"671\" height=\"1024\" srcset=\"https:\/\/trebolense.com.ar\/archivo\/wp-content\/uploads\/2025\/12\/PUBLICACION-JUAN-C-PODESTA-LIBRO-50-ANOS-671x1024.jpg 671w, https:\/\/trebolense.com.ar\/archivo\/wp-content\/uploads\/2025\/12\/PUBLICACION-JUAN-C-PODESTA-LIBRO-50-ANOS-197x300.jpg 197w, https:\/\/trebolense.com.ar\/archivo\/wp-content\/uploads\/2025\/12\/PUBLICACION-JUAN-C-PODESTA-LIBRO-50-ANOS-768x1173.jpg 768w, https:\/\/trebolense.com.ar\/archivo\/wp-content\/uploads\/2025\/12\/PUBLICACION-JUAN-C-PODESTA-LIBRO-50-ANOS-696x1063.jpg 696w, https:\/\/trebolense.com.ar\/archivo\/wp-content\/uploads\/2025\/12\/PUBLICACION-JUAN-C-PODESTA-LIBRO-50-ANOS.jpg 786w\" sizes=\"auto, (max-width: 671px) 100vw, 671px\" \/><\/a><\/p>\n<h3><\/h3>\n<h4><span style=\"color: #222222;font-size: 15px\"><strong>PEDRO FERNANDO AGUILERA<\/strong>\u00a0 \u00a0 \u00a0 \u00a0<\/span><\/h4>\n<p><strong>HISTORIA INSTITUCIONAL\u00a0 \u00a0 \u00a0 \u00a0 \u00a0 \u00a0 <\/strong><strong><span style=\"color: #222222;font-size: 15px\">Noviembre de 2023.<\/span><\/strong><\/p>\n<p style=\"text-align: justify\">La ciudad de El Tr\u00e9bol se encuentra en el centro oeste de la provincia de Santa Fe, a 160 km de la ciudad de Rosario y a 180 km de la ciudad capital provincial de Santa Fe. Data su existencia de 1890, coincidiendo con la ola inmigratoria de fines del siglo XIX, por lo que su etnia principal se compone de familias de origen italiano y espa\u00f1ol. Enclavada en el norte de la pampa h\u00fameda argentina siendo la actividad agropecuaria su principal fuente de sustento, su territorio es una gran planicie f\u00e9rtil tanto para los cultivos de soja, ma\u00edz, trigo, como para la explotaci\u00f3n ganadera ya que la misma proporciona terrenos muy aptos para las diferentes pasturas.<\/p>\n<p style=\"text-align: justify\">La ciudad de El Tr\u00e9bol, de acuerdo al \u00faltimo censo practicado, cuenta con aproximadamente 20.000 habitantes y se halla enclavada en una importante zona de influencia de comunidades menores por lo que su desarrollo industrial y comercial es el motor principal del quehacer cotidiano.<\/p>\n<p style=\"text-align: justify\">El Club Atl\u00e9tico Trebolense nace al abrigo y por una necesidad de este pueblo de inmigrantes s\u00f3lo 19 a\u00f1os luego de su fundaci\u00f3n; 1890 fundaci\u00f3n de El Tr\u00e9bol, 1909 fundaci\u00f3n del Club Atl\u00e9tico Trebolense.<\/p>\n<p style=\"text-align: justify\">Al comp\u00e1s del nacimiento de muchos clubes de futbol de la Argentina de principios de siglo XX, y con las ideas y reglamentos del viejo continente sus inmigrantes emularon sus inquietudes y comenzaron a aparecer peque\u00f1os clubes en el interior de nuestro pa\u00eds que regaron de futbol y la magia que lleva consigo este deporte. Nuestro pueblo de esos tiempos no fue ajeno a esta inquietud ni tampoco a otras actividades sociales y culturales que tanto necesitaba el vecino y, sobre todo el inmigrante para completar sus jornadas de trabajo y su vida.<\/p>\n<figure id=\"attachment_675\" aria-describedby=\"caption-attachment-675\" style=\"width: 696px\" class=\"wp-caption aligncenter\"><a href=\"https:\/\/trebolense.com.ar\/archivo\/wp-content\/uploads\/2025\/12\/1954.jpg\"><img loading=\"lazy\" decoding=\"async\" class=\"wp-image-675 size-large\" src=\"https:\/\/trebolense.com.ar\/archivo\/wp-content\/uploads\/2025\/12\/1954-1024x303.jpg\" alt=\"\" width=\"696\" height=\"206\" srcset=\"https:\/\/trebolense.com.ar\/archivo\/wp-content\/uploads\/2025\/12\/1954-1024x303.jpg 1024w, https:\/\/trebolense.com.ar\/archivo\/wp-content\/uploads\/2025\/12\/1954-300x89.jpg 300w, https:\/\/trebolense.com.ar\/archivo\/wp-content\/uploads\/2025\/12\/1954-768x227.jpg 768w, https:\/\/trebolense.com.ar\/archivo\/wp-content\/uploads\/2025\/12\/1954-696x206.jpg 696w, https:\/\/trebolense.com.ar\/archivo\/wp-content\/uploads\/2025\/12\/1954-1068x316.jpg 1068w, https:\/\/trebolense.com.ar\/archivo\/wp-content\/uploads\/2025\/12\/1954.jpg 1200w\" sizes=\"auto, (max-width: 696px) 100vw, 696px\" \/><\/a><figcaption id=\"caption-attachment-675\" class=\"wp-caption-text\">Membrete utilizado para papeler\u00eda en el a\u00f1o 1954<\/figcaption><\/figure>\n<p style=\"text-align: justify\">As\u00ed nace un d\u00eda 01 de Agosto de 1909 en El Tr\u00e9bol el Club Atl\u00e9tico Trebolense.<\/p>\n<p style=\"text-align: justify\">Tal como versa el relato anterior, en sus or\u00edgenes fue solamente el futbol el motor principal durante sus primeras tres d\u00e9cadas de existencia, deambulando por la comarca en predios prestados para la pr\u00e1ctica del deporte y en habitaciones rentadas de casas de familia para el funcionamiento de las Comisiones Directivas.<\/p>\n<p style=\"text-align: justify\">Promediando la d\u00e9cada de 1940 y luego de los tr\u00e1mites burocr\u00e1ticos de rigor y la ayuda de legisladores de la zona el Club Trebolense logra la adjudicaci\u00f3n de un predio de 4 manzanas destinadas originariamente a plaza p\u00fablica enclavado en una importante zona de la ciudad de hoy. Concretamente el a\u00f1o 1945 ser\u00e1 un hito en la historia institucional del Club Trebolense porque obtendr\u00e1 su primer t\u00edtulo inmobiliario pero ser\u00e1 el puntapi\u00e9 inicial de un crecimiento sostenido de la instituci\u00f3n tanto en los aspectos deportivos como sociales y culturales de la comunidad.<\/p>\n<p style=\"text-align: justify\">Por esos a\u00f1os de [1945] aparece el segundo deporte con la pr\u00e1ctica de las bochas y las actividades culturales de Biblioteca y Teatro Vocacional. En la d\u00e9cada siguiente de [1950] aparece el Basquet y la Nataci\u00f3n. El club adquiere a la Sociedad Espa\u00f1ola de El Tr\u00e9bol [1945], instituci\u00f3n que hab\u00eda cesado en sus funciones diez a\u00f1os antes, el predio del Teatro Cervantes enclavado en pleno centro de la ciudad de hoy, teatro que ser\u00e1 centro de todas las actividades sociales y culturales de la comunidad y comunidades vecinas: bailes populares, actuaci\u00f3n de los principales conjuntos orquestales de la \u00e9poca en todos los rubros, fiestas populares de la comunidad, fiestas aniversario del club, etc.<\/p>\n<p style=\"text-align: justify\">Por la d\u00e9cada de [1970] el club contin\u00faa su engrandecimiento en cuanto a disciplinas deportivas y obras edilicias, irrumpen en la vida institucional dos hechos trascendentes: la creaci\u00f3n de DEFYDA (Departamento de educaci\u00f3n f\u00edsica y deportes amateur) y la construcci\u00f3n del gran gimnasio de CAT. Pero por estos a\u00f1os [1986] tambi\u00e9n dar\u00e1 un salto hacia la calidad institucional y, sobre todo, hacia la provisi\u00f3n de fuentes de recursos econ\u00f3micos, tan importantes para el sostenimiento de la propia infraestructura edilicia y de personal necesario para su mantenimiento.<\/p>\n<p style=\"text-align: justify\">Club Atl\u00e9tico Trebolense Asociaci\u00f3n Civil cesa en sus funciones como tal y adquiere una nueva forma jur\u00eddica que ser\u00e1 Club Atl\u00e9tico Trebolense Mutual, Social y Biblioteca.<\/p>\n<p style=\"text-align: justify\">Inaugura en la ciudad el: Servicio de Ayuda Econ\u00f3mica de Club Atl\u00e9tico Trebolense lo que ser\u00e1 el inicio de una actividad que volcar\u00e1 gran parte de sus beneficios al sost\u00e9n de las distintas disciplinas del club,\u00a0 a la conformaci\u00f3n de un sinn\u00famero de obras de infraestructura y a la adquisici\u00f3n de otros predios que se agregar\u00e1n al patrimonio deportivo de la instituci\u00f3n.<\/p>\n<p style=\"text-align: justify\">En la actualidad, con m\u00e1s de 110 a\u00f1os de existencia, Club Atl\u00e9tico Trebolense M.S. y Biblioteca cuenta con m\u00e1s de 25 disciplinas deportivas repartidas en cuatro predios destinados a esos fines, otros predios destinados a desarrollos inmobiliarios donde se intentar\u00e1 subsanar la importante falencia de unidades habitacionales para las j\u00f3venes familias, una intensa actividad social y cultural entre las que se encuentra la Fiesta Nacional de la Orde\u00f1adora donde la ciudad de El Tr\u00e9bol es su anfitriona y el Club Atl\u00e9tico Trebolense la instituci\u00f3n organizadora, y la actividad del Servicio de Ayuda Econ\u00f3mica que en la actualidad posee 6 sucursales repartidas en distintas comunidades de la zona de influencia, correspondientes a las provincias de Santa Fe y C\u00f3rdoba.<\/p>\n<p>&nbsp;<\/p>\n<figure id=\"attachment_268\" aria-describedby=\"caption-attachment-268\" style=\"width: 696px\" class=\"wp-caption aligncenter\"><a href=\"https:\/\/trebolense.com.ar\/archivo\/wp-content\/uploads\/2025\/12\/COLOSO-DE-DIA-scaled.jpg\"><img loading=\"lazy\" decoding=\"async\" class=\"wp-image-268\" src=\"https:\/\/trebolense.com.ar\/archivo\/wp-content\/uploads\/2025\/12\/COLOSO-DE-DIA-1024x461.jpg\" alt=\"\" width=\"696\" height=\"313\" srcset=\"https:\/\/trebolense.com.ar\/archivo\/wp-content\/uploads\/2025\/12\/COLOSO-DE-DIA-1024x461.jpg 1024w, https:\/\/trebolense.com.ar\/archivo\/wp-content\/uploads\/2025\/12\/COLOSO-DE-DIA-300x135.jpg 300w, https:\/\/trebolense.com.ar\/archivo\/wp-content\/uploads\/2025\/12\/COLOSO-DE-DIA-768x346.jpg 768w, https:\/\/trebolense.com.ar\/archivo\/wp-content\/uploads\/2025\/12\/COLOSO-DE-DIA-1536x691.jpg 1536w, https:\/\/trebolense.com.ar\/archivo\/wp-content\/uploads\/2025\/12\/COLOSO-DE-DIA-2048x922.jpg 2048w, https:\/\/trebolense.com.ar\/archivo\/wp-content\/uploads\/2025\/12\/COLOSO-DE-DIA-696x313.jpg 696w, https:\/\/trebolense.com.ar\/archivo\/wp-content\/uploads\/2025\/12\/COLOSO-DE-DIA-1068x481.jpg 1068w, https:\/\/trebolense.com.ar\/archivo\/wp-content\/uploads\/2025\/12\/COLOSO-DE-DIA-1920x864.jpg 1920w, https:\/\/trebolense.com.ar\/archivo\/wp-content\/uploads\/2025\/12\/COLOSO-DE-DIA-scaled.jpg 1200w\" sizes=\"auto, (max-width: 696px) 100vw, 696px\" \/><\/a><figcaption id=\"caption-attachment-268\" class=\"wp-caption-text\">Portada actual inaugurada para el Centenario del Club<strong style=\"color: #222222;font-size: 15px\">\u00a0<\/strong><\/figcaption><\/figure>\n<p>&nbsp;<\/p>\n<p>&nbsp;<\/p>\n<p>&nbsp;<\/p>\n<p>&nbsp;<\/p>\n","protected":false},"excerpt":{"rendered":"<p>EL NACIMIENTO DE CLUB ATLETICO TREBOLENSE ACTA FUNDACIONAL\u00a0\u00a0 PAGINA DEL DR. JUAN C. PODESTA PEDRO FERNANDO AGUILERA\u00a0 \u00a0 \u00a0 \u00a0 HISTORIA INSTITUCIONAL\u00a0 \u00a0 \u00a0 \u00a0 \u00a0 \u00a0 Noviembre de 2023. La ciudad de El Tr\u00e9bol se encuentra en el centro oeste de la provincia de Santa Fe, a 160 km de la ciudad de Rosario [&hellip;]<\/p>\n","protected":false},"author":2,"featured_media":191,"comment_status":"closed","ping_status":"closed","sticky":false,"template":"","format":"standard","meta":{"footnotes":""},"categories":[4,98],"tags":[],"class_list":["post-642","post","type-post","status-publish","format-standard","has-post-thumbnail","category-historia","category-historias-del-club"],"_links":{"self":[{"href":"https:\/\/trebolense.com.ar\/archivo\/wp-json\/wp\/v2\/posts\/642","targetHints":{"allow":["GET"]}}],"collection":[{"href":"https:\/\/trebolense.com.ar\/archivo\/wp-json\/wp\/v2\/posts"}],"about":[{"href":"https:\/\/trebolense.com.ar\/archivo\/wp-json\/wp\/v2\/types\/post"}],"author":[{"embeddable":true,"href":"https:\/\/trebolense.com.ar\/archivo\/wp-json\/wp\/v2\/users\/2"}],"replies":[{"embeddable":true,"href":"https:\/\/trebolense.com.ar\/archivo\/wp-json\/wp\/v2\/comments?post=642"}],"version-history":[{"count":19,"href":"https:\/\/trebolense.com.ar\/archivo\/wp-json\/wp\/v2\/posts\/642\/revisions"}],"predecessor-version":[{"id":2386,"href":"https:\/\/trebolense.com.ar\/archivo\/wp-json\/wp\/v2\/posts\/642\/revisions\/2386"}],"wp:featuredmedia":[{"embeddable":true,"href":"https:\/\/trebolense.com.ar\/archivo\/wp-json\/wp\/v2\/media\/191"}],"wp:attachment":[{"href":"https:\/\/trebolense.com.ar\/archivo\/wp-json\/wp\/v2\/media?parent=642"}],"wp:term":[{"taxonomy":"category","embeddable":true,"href":"https:\/\/trebolense.com.ar\/archivo\/wp-json\/wp\/v2\/categories?post=642"},{"taxonomy":"post_tag","embeddable":true,"href":"https:\/\/trebolense.com.ar\/archivo\/wp-json\/wp\/v2\/tags?post=642"}],"curies":[{"name":"wp","href":"https:\/\/api.w.org\/{rel}","templated":true}]}}