{"id":2686,"date":"2026-05-17T19:03:46","date_gmt":"2026-05-17T22:03:46","guid":{"rendered":"https:\/\/trebolense.com.ar\/archivo\/?p=2686"},"modified":"2026-06-12T09:48:30","modified_gmt":"2026-06-12T12:48:30","slug":"futbol-de-salon-futsal","status":"publish","type":"post","link":"https:\/\/trebolense.com.ar\/archivo\/futbol-de-salon-futsal\/","title":{"rendered":"Futbol de Sal\u00f3n   Futsal"},"content":{"rendered":"<p style=\"text-align: justify\">Diremos que los comienzos de Futsal (hemos encontrado diferentes nombres para la actividad, hasta el del viejo baby futbol), debemos buscarlos en la d\u00e9cada de 1990. Y comienza justamente de manera similar al se\u00f1alado en Futbol Senior de Futbol Tradicional; es decir por los entusiastas del futbol que ya cumplieron su etapa juvenil de futbolistas pero a\u00fan a\u00f1orando los cortos y la redonda. Siendo esto una forma de expresarlo porque la realidad es que Futsal a nivel mundial ha cobrado un auge tremendo y las diferentes ligas que dictan sus reglamentos y organizaci\u00f3n establecieron diferentes categor\u00edas comenzando desde 8va con 11 a\u00f1os hasta 1ra categor\u00eda juveniles. Para los adultos en diferentes ligas hay categor\u00edas Senior y Master para las personas de mayor edad. Es muy probable que desde los Juegos Ol\u00edmpicos de 2028 Futsal sea incluido como Deporte Ol\u00edmpico.<\/p>\n<p style=\"text-align: justify\">Recorramos primero lo que dec\u00edan las publicaciones del Club. Libro del Centenario y Boletines Informativos de la \u00e9poca.<\/p>\n<p><a href=\"https:\/\/trebolense.com.ar\/archivo\/wp-content\/uploads\/2026\/04\/FUT-SAL-LIBRO-DEL-CENTENARIO.jpg\"><img loading=\"lazy\" decoding=\"async\" class=\" wp-image-3354 aligncenter\" src=\"https:\/\/trebolense.com.ar\/archivo\/wp-content\/uploads\/2026\/04\/FUT-SAL-LIBRO-DEL-CENTENARIO-300x205.jpg\" alt=\"\" width=\"405\" height=\"277\" srcset=\"https:\/\/trebolense.com.ar\/archivo\/wp-content\/uploads\/2026\/04\/FUT-SAL-LIBRO-DEL-CENTENARIO-300x205.jpg 300w, https:\/\/trebolense.com.ar\/archivo\/wp-content\/uploads\/2026\/04\/FUT-SAL-LIBRO-DEL-CENTENARIO-1024x698.jpg 1024w, https:\/\/trebolense.com.ar\/archivo\/wp-content\/uploads\/2026\/04\/FUT-SAL-LIBRO-DEL-CENTENARIO-768x524.jpg 768w, https:\/\/trebolense.com.ar\/archivo\/wp-content\/uploads\/2026\/04\/FUT-SAL-LIBRO-DEL-CENTENARIO-218x150.jpg 218w, https:\/\/trebolense.com.ar\/archivo\/wp-content\/uploads\/2026\/04\/FUT-SAL-LIBRO-DEL-CENTENARIO-696x474.jpg 696w, https:\/\/trebolense.com.ar\/archivo\/wp-content\/uploads\/2026\/04\/FUT-SAL-LIBRO-DEL-CENTENARIO-1068x728.jpg 1068w, https:\/\/trebolense.com.ar\/archivo\/wp-content\/uploads\/2026\/04\/FUT-SAL-LIBRO-DEL-CENTENARIO.jpg 1200w\" sizes=\"auto, (max-width: 405px) 100vw, 405px\" \/><\/a><\/p>\n<p><a href=\"https:\/\/trebolense.com.ar\/archivo\/wp-content\/uploads\/2026\/04\/2003.jpg\"><img loading=\"lazy\" decoding=\"async\" class=\" wp-image-3353 aligncenter\" src=\"https:\/\/trebolense.com.ar\/archivo\/wp-content\/uploads\/2026\/04\/2003-225x300.jpg\" alt=\"\" width=\"338\" height=\"451\" srcset=\"https:\/\/trebolense.com.ar\/archivo\/wp-content\/uploads\/2026\/04\/2003-225x300.jpg 225w, https:\/\/trebolense.com.ar\/archivo\/wp-content\/uploads\/2026\/04\/2003-769x1024.jpg 769w, https:\/\/trebolense.com.ar\/archivo\/wp-content\/uploads\/2026\/04\/2003-768x1023.jpg 768w, https:\/\/trebolense.com.ar\/archivo\/wp-content\/uploads\/2026\/04\/2003-696x927.jpg 696w, https:\/\/trebolense.com.ar\/archivo\/wp-content\/uploads\/2026\/04\/2003.jpg 901w\" sizes=\"auto, (max-width: 338px) 100vw, 338px\" \/><\/a><\/p>\n<p style=\"text-align: center\"><strong>MEMORIA DE PROTAGONISTAS\u00a0 &#8211; <\/strong><strong>SERGIO CHIABRANDO\u00a0 \u00a02026<\/strong><\/p>\n<p style=\"text-align: justify\">A comienzos del A\u00f1o 1992, Club Atl\u00e9tico Trebolense me contacta para acordar condiciones y comenzar a ser parte del Staff de Profesores de la Instituci\u00f3n. En la propuesta deportiva me dan la posibilidad de estar a cargo de la Actividad \u00abFUTBOL DE SALON\u00bb (as\u00ed se llamaba, Hoy Futsal). Cumpl\u00eda la funci\u00f3n de Preparador F\u00edsico y Director T\u00e9cnico a la vez, como \u00fanico encargado.<\/p>\n<p style=\"text-align: justify\">La misma estaba destinada a personas mayores, masculinos, que buscaban ser incluidos donde pudieran socializar y compartir momentos deportivos. Aclaro que en ese momento, la actividad era de car\u00e1cter \u00abRECREATIVO\u00bb (a diferencia de la actualidad).<\/p>\n<p style=\"text-align: justify\">Entren\u00e1bamos entre dos y tres veces por semana, en el Gimnasio Mayor de la instituci\u00f3n, generalmente en la cancha de Basquetbol y en oportunidades ocup\u00e1bamos tambi\u00e9n la cancha oficial de Voleibol, en el horario de 20 hs a 22 hs.<\/p>\n<p style=\"text-align: justify\">Como no hab\u00eda competencia organizada desde una instituci\u00f3n Regional, deb\u00edamos acordar la realizaci\u00f3n de partidos entre instituciones, o sea, acord\u00e1bamos entre Profesores llevar a cabo alg\u00fan encuentro. El objetivo adem\u00e1s era el aprovechamiento del \u00ab3er tiempo\u00bb, donde el equipo local recib\u00eda a su par, con la condici\u00f3n de organizar una cena\/agasajo, al finalizar la noche deportiva. Generalmente las brasas nos convocaban, y\u00a0en otros casos, una comida elaborada era tambi\u00e9n muy motivante.<\/p>\n<p style=\"text-align: justify\">Oportunamente hab\u00eda\u00a04 categor\u00edas, determinadas por edades, eventualmente se organizaba 3 categor\u00edas, esto ocurr\u00eda cuando clubes rivales no ten\u00edan para formalizar alguna de ellas, por lo tanto se acordaba, incluso al momento de la visita y de acuerdo a la asistencia, y se comenzaba a jugar desde categor\u00edas menores a mayores consecutivamente.<\/p>\n<p style=\"text-align: justify\">Los \u00abpartidos\u00bb se llevaban a cabo los d\u00edas Viernes por la noche, d\u00eda de Pe\u00f1a\/Salida\/Cena.<\/p>\n<p style=\"text-align: justify\">El Reglamento era acorde a actividades de Sal\u00f3n, Se comenzaba con un saque inicial de parte del equipo visitante, en primer t\u00e9rmino,\u00a0y en el segundo tiempo cumpl\u00eda el local con el inicio.<\/p>\n<p style=\"text-align: justify\">Los equipos estaban compuestos por<strong>\u00a05 jugadores titulares<\/strong>: un Arquero y cuatro jugadores de Campo, y suplentes, libre en cantidad.<\/p>\n<p style=\"text-align: justify\">La pelota era propia de la actividad de aquel momento, de dimensiones tipo N\u00famero 2 de Futbol, con un peso importante, la sensaci\u00f3n era de poco pique, poco rebote, algo \u00abpesada\u00bb, la idea era que rodara mucho y volara poco. Igualmente los <strong>Arqueros<\/strong>\u00a0recib\u00edan golpes importantes ante ejecuciones rivales, por lo tanto deb\u00edan estar muy atentos y bastante protegidos, adem\u00e1s, solo deb\u00edan desempe\u00f1arse dentro del \u00e1rea de juego, y no pod\u00edan salir de la misma a defender; por esta falta, se les atribu\u00eda un tiro libre sobre el borde del \u00e1rea.<\/p>\n<p style=\"text-align: justify\">El saque de arco lo realizaba el arquero, y siempre con las manos; ante esto, la pelota deb\u00eda picar antes de media cancha, si picaba en la media cancha del oponente se consideraba falta, y deb\u00eda sacar el equipo\/arquero rival.<\/p>\n<p style=\"text-align: justify\">Otra de las condiciones era que solo se les permit\u00eda sumarse a otras categor\u00edas,\u00a0quienes eran de las categor\u00edas de mayor edad por sobre la de menor edad; A la inversa <strong>NO<\/strong>.<\/p>\n<p style=\"text-align: justify\">La mayor\u00eda de los jugadores utilizaban calzados tipo zapatillas\/botines. Estas son las que tienen suela de goma, para evitar resbalar, y con una importante cantidad de tapones peque\u00f1os, con buen agarre al piso.<\/p>\n<p style=\"text-align: justify\">Dentro del reglamento los jugadores no deb\u00edan \u00ab<u>ir al piso<\/u>\u00ab, condici\u00f3n b\u00e1sica; la idea era que el juego no sea tan brusco o se torne peligroso, y as\u00ed evitar lesiones, ya que como coment\u00e9 anteriormente la recreaci\u00f3n nos convocaba, no era profesional, era totalmente \u00abamateur\u00bb.<\/p>\n<p style=\"text-align: justify\">Las dimensiones del campo de juego eran siempre adaptables, En CAT, utiliz\u00e1bamos las similares a un campo de juego de Basquetbol, o sea la cancha a lo ancho del Sal\u00f3n Mayor, pero incluso en algunas instituciones utiliz\u00e1bamos los espacios que exist\u00edan o consegu\u00edan para recibir\u00a0rivales.<\/p>\n<p style=\"text-align: justify\">En cada encuentro, igualmente se llevaba una planilla de juego, para que quede constancia de lo sucedido, la misma quedaba archivada en cada instituci\u00f3n, a la vez, el visitante se llevaba un duplicado, como comprobante del encuentro.<\/p>\n<p style=\"text-align: justify\">Generalmente los tiempos de juego eran entre 15 a 20 minutos, con un descanso de 5\u00a0a 10 minutos, aproximadamente. <strong>o hasta que el fr\u00edo no les \u00abbaje tanto la temperatura a los jugadores\u00bb, y ah\u00ed se escuchaba la simple broma \u00ab&#8230;bueno, bueno, vamos que los viejos nos enfriamos, daleee !!!!\u00bb<\/strong><\/p>\n<p style=\"text-align: justify\">El Arbitraje era casi siempre local, no hab\u00eda convocatoria de \u00c1rbitros profesionales, ni de ligas, por lo tanto cualquier jugador de una categor\u00eda diferente a la que estaba jugando en ese momento y que se animara, dirig\u00eda; y en muchas oportunidades nos hac\u00edamos cargo los profesores a cargo de la actividad.<\/p>\n<p style=\"text-align: justify\">Los saques desde los laterales se realizaban con ambas manos, pies paralelos, de frente a la l\u00ednea lateral. Y los tiros de esquina, tambi\u00e9n con las manos, y con un pie en l\u00ednea lateral y el otro en l\u00ednea de fondo.<\/p>\n<p style=\"text-align: justify\">En cada visita a alguna instituci\u00f3n de la zona, se acordaba quien ten\u00eda disponibilidad de veh\u00edculos para poder viajar, muy pocas veces se viajaba en transportes contratados, ya que el costo era determinante, adem\u00e1s, se viajaba de acuerdo al horario de juego, o sea, las categor\u00edas que jugaban m\u00e1s tarde, se tomaban su tiempo para organizarse y poder asistir.<\/p>\n<p style=\"text-align: justify\">Los acuerdos con otras instituciones eran con: Club La Emilia de San Jorge, Club Americano de Carlos Pellegrini, Club Atl\u00e9tico El Expreso, Club San Jorge, Uni\u00f3n de Los Cardos; Atl\u00e9tico de Bouquet en alguna oportunidad, y en otras con clubes de diferentes contactos, propios o de diversos clubes.<\/p>\n<p style=\"text-align: justify\">Las fotograf\u00edas muestran algunos de los muchos entusiastas deportistas que practicaban Futsal.<\/p>\n<p><a href=\"https:\/\/trebolense.com.ar\/archivo\/wp-content\/uploads\/2026\/04\/EQUIPO-FUTSAL-1993-copia-1.jpg\"><img loading=\"lazy\" decoding=\"async\" class=\"wp-image-3349 aligncenter\" src=\"https:\/\/trebolense.com.ar\/archivo\/wp-content\/uploads\/2026\/04\/EQUIPO-FUTSAL-1993-copia-1-300x200.jpg\" alt=\"\" width=\"359\" height=\"239\" srcset=\"https:\/\/trebolense.com.ar\/archivo\/wp-content\/uploads\/2026\/04\/EQUIPO-FUTSAL-1993-copia-1-300x200.jpg 300w, https:\/\/trebolense.com.ar\/archivo\/wp-content\/uploads\/2026\/04\/EQUIPO-FUTSAL-1993-copia-1-1024x681.jpg 1024w, https:\/\/trebolense.com.ar\/archivo\/wp-content\/uploads\/2026\/04\/EQUIPO-FUTSAL-1993-copia-1-768x511.jpg 768w, https:\/\/trebolense.com.ar\/archivo\/wp-content\/uploads\/2026\/04\/EQUIPO-FUTSAL-1993-copia-1-696x463.jpg 696w, https:\/\/trebolense.com.ar\/archivo\/wp-content\/uploads\/2026\/04\/EQUIPO-FUTSAL-1993-copia-1-1068x710.jpg 1068w, https:\/\/trebolense.com.ar\/archivo\/wp-content\/uploads\/2026\/04\/EQUIPO-FUTSAL-1993-copia-1.jpg 1200w\" sizes=\"auto, (max-width: 359px) 100vw, 359px\" \/><\/a> <a href=\"https:\/\/trebolense.com.ar\/archivo\/wp-content\/uploads\/2026\/04\/FUTSAL-1993-copia-1.jpg\"><img loading=\"lazy\" decoding=\"async\" class=\"wp-image-3350 aligncenter\" src=\"https:\/\/trebolense.com.ar\/archivo\/wp-content\/uploads\/2026\/04\/FUTSAL-1993-copia-1-300x231.jpg\" alt=\"\" width=\"358\" height=\"276\" srcset=\"https:\/\/trebolense.com.ar\/archivo\/wp-content\/uploads\/2026\/04\/FUTSAL-1993-copia-1-300x231.jpg 300w, https:\/\/trebolense.com.ar\/archivo\/wp-content\/uploads\/2026\/04\/FUTSAL-1993-copia-1-1024x788.jpg 1024w, https:\/\/trebolense.com.ar\/archivo\/wp-content\/uploads\/2026\/04\/FUTSAL-1993-copia-1-768x591.jpg 768w, https:\/\/trebolense.com.ar\/archivo\/wp-content\/uploads\/2026\/04\/FUTSAL-1993-copia-1-696x535.jpg 696w, https:\/\/trebolense.com.ar\/archivo\/wp-content\/uploads\/2026\/04\/FUTSAL-1993-copia-1-1068x821.jpg 1068w, https:\/\/trebolense.com.ar\/archivo\/wp-content\/uploads\/2026\/04\/FUTSAL-1993-copia-1.jpg 1200w\" sizes=\"auto, (max-width: 358px) 100vw, 358px\" \/><\/a> <a href=\"https:\/\/trebolense.com.ar\/archivo\/wp-content\/uploads\/2026\/04\/FUTSAL-19931-copia-1.jpg\"><img loading=\"lazy\" decoding=\"async\" class=\"wp-image-3351 aligncenter\" src=\"https:\/\/trebolense.com.ar\/archivo\/wp-content\/uploads\/2026\/04\/FUTSAL-19931-copia-1-300x185.jpg\" alt=\"\" width=\"357\" height=\"220\" srcset=\"https:\/\/trebolense.com.ar\/archivo\/wp-content\/uploads\/2026\/04\/FUTSAL-19931-copia-1-300x185.jpg 300w, https:\/\/trebolense.com.ar\/archivo\/wp-content\/uploads\/2026\/04\/FUTSAL-19931-copia-1-1024x631.jpg 1024w, https:\/\/trebolense.com.ar\/archivo\/wp-content\/uploads\/2026\/04\/FUTSAL-19931-copia-1-768x474.jpg 768w, https:\/\/trebolense.com.ar\/archivo\/wp-content\/uploads\/2026\/04\/FUTSAL-19931-copia-1-696x429.jpg 696w, https:\/\/trebolense.com.ar\/archivo\/wp-content\/uploads\/2026\/04\/FUTSAL-19931-copia-1-1068x659.jpg 1068w, https:\/\/trebolense.com.ar\/archivo\/wp-content\/uploads\/2026\/04\/FUTSAL-19931-copia-1.jpg 1200w\" sizes=\"auto, (max-width: 357px) 100vw, 357px\" \/><\/a><\/p>\n<p>Los primeros entrenadores: Chiabrando, Simonini.<\/p>\n<p><strong>CATEGORIAS DE FUTSAL DE LIGA DE FUTBOL SAN MARTIN<\/strong><\/p>\n<p>PRIMERA\u00a0 Mayores de 16 a\u00f1os<br \/>\nRESERVA\u00a0 Mayores de 16 a\u00f1os<br \/>\nSENIOR\u00a0 \u00a0 Mayores de 35 a\u00f1os<\/p>\n<p><strong>CAMPEONATOS LOGRADOS POR CAT<\/strong><br \/>\n2021\u00a0 SUBCAMPEON PRIMERA\u00a0 \u00a0DT\u00a0 ANDRES RAMONDA<br \/>\n2022\u00a0 CAMPEON RESERVA\u00a0 \u00a0DT ANDRES RAMONDA<br \/>\n2023\u00a0 CAMPEON RESERVA\u00a0 \u00a0DT CLAUDIO TABORDA\/ BIGLIARDI\/ GOMEZ<br \/>\n2024\u00a0 CAMPEON PRIMERA\u00a0 \u00a0DT\u00a0 CLAUDIO TABORDA\/ BIGLIARDI\/ GOMEZ<br \/>\n2025\u00a0 SIN TITULOS<\/p>\n<p><strong>CUERPO DE ENTRENADORES<\/strong><\/p>\n<p><strong>2013\u00a0 <\/strong><br \/>\nDT FEDERICO FENOGLIO<br \/>\nPF CESAR CALDO<\/p>\n<p><strong>2014<\/strong><br \/>\nDT CESAR CALDO<br \/>\nPF JUAN PILOTTI<\/p>\n<p><strong>2015 Y 2016<\/strong><br \/>\nDT ANDRES PIETRANI<br \/>\nPT JUAN PILOTTI<\/p>\n<p><strong>2017<\/strong><br \/>\nDT JUAN PILOTTI\/MARCELO OLMOS<br \/>\nPF CESAR CALDO<\/p>\n<p><strong>2018<\/strong><br \/>\nDT RICARDO OSUNA<br \/>\nPF JORGE ESPINOSA<\/p>\n<p><strong>2019 2020 Y 2021<\/strong><br \/>\nDT ANDRES RAMONDA<br \/>\nPF TOMAS BIGLIARDI<\/p>\n<p><strong>2022 <\/strong><br \/>\nDT CLAUDIO TABORDA<br \/>\nPF ALEJANDRO AREVALOS<\/p>\n<p><strong>2023 Y 2024 Y 2025 Y 2026<\/strong><br \/>\nDT CLAUDIO TABORDA<br \/>\nPF TOMAS BIGLIARDI<br \/>\nEA GUILLERMO PESSUTO<\/p>\n<div id='gallery-1' class='gallery galleryid-2686 gallery-columns-3 gallery-size-thumbnail'><figure class='gallery-item'>\n\t\t\t<div class='gallery-icon landscape'>\n\t\t\t\t<a href='https:\/\/trebolense.com.ar\/archivo\/futbol-de-salon-futsal\/2015-1\/'><img loading=\"lazy\" decoding=\"async\" width=\"150\" height=\"150\" src=\"https:\/\/trebolense.com.ar\/archivo\/wp-content\/uploads\/2026\/04\/2015-1-150x150.jpeg\" class=\"attachment-thumbnail size-thumbnail\" alt=\"\" aria-describedby=\"gallery-1-3385\" \/><\/a>\n\t\t\t<\/div>\n\t\t\t\t<figcaption class='wp-caption-text gallery-caption' id='gallery-1-3385'>\n\t\t\t\t2015\n\t\t\t\t<\/figcaption><\/figure><figure class='gallery-item'>\n\t\t\t<div class='gallery-icon landscape'>\n\t\t\t\t<a href='https:\/\/trebolense.com.ar\/archivo\/futbol-de-salon-futsal\/2015-2\/'><img loading=\"lazy\" decoding=\"async\" width=\"150\" height=\"150\" src=\"https:\/\/trebolense.com.ar\/archivo\/wp-content\/uploads\/2026\/04\/2015-2-150x150.jpeg\" class=\"attachment-thumbnail size-thumbnail\" alt=\"\" aria-describedby=\"gallery-1-3386\" \/><\/a>\n\t\t\t<\/div>\n\t\t\t\t<figcaption class='wp-caption-text gallery-caption' id='gallery-1-3386'>\n\t\t\t\t2015\n\t\t\t\t<\/figcaption><\/figure><figure class='gallery-item'>\n\t\t\t<div class='gallery-icon landscape'>\n\t\t\t\t<a href='https:\/\/trebolense.com.ar\/archivo\/futbol-de-salon-futsal\/attachment\/2016\/'><img loading=\"lazy\" decoding=\"async\" width=\"150\" height=\"150\" src=\"https:\/\/trebolense.com.ar\/archivo\/wp-content\/uploads\/2026\/04\/2016-150x150.jpeg\" class=\"attachment-thumbnail size-thumbnail\" alt=\"\" aria-describedby=\"gallery-1-3387\" \/><\/a>\n\t\t\t<\/div>\n\t\t\t\t<figcaption class='wp-caption-text gallery-caption' id='gallery-1-3387'>\n\t\t\t\t2016\n\t\t\t\t<\/figcaption><\/figure><figure class='gallery-item'>\n\t\t\t<div class='gallery-icon landscape'>\n\t\t\t\t<a href='https:\/\/trebolense.com.ar\/archivo\/futbol-de-salon-futsal\/whatsapp-image-2026-05-13-at-10-47-53\/'><img loading=\"lazy\" decoding=\"async\" width=\"150\" height=\"150\" src=\"https:\/\/trebolense.com.ar\/archivo\/wp-content\/uploads\/2026\/04\/WhatsApp-Image-2026-05-13-at-10.47.53-150x150.jpeg\" class=\"attachment-thumbnail size-thumbnail\" alt=\"\" aria-describedby=\"gallery-1-3390\" \/><\/a>\n\t\t\t<\/div>\n\t\t\t\t<figcaption class='wp-caption-text gallery-caption' id='gallery-1-3390'>\n\t\t\t\t2025\n\t\t\t\t<\/figcaption><\/figure><figure class='gallery-item'>\n\t\t\t<div class='gallery-icon landscape'>\n\t\t\t\t<a href='https:\/\/trebolense.com.ar\/archivo\/futbol-de-salon-futsal\/campeon-primera-division-torneo-clausura-2024\/'><img loading=\"lazy\" decoding=\"async\" width=\"150\" height=\"150\" src=\"https:\/\/trebolense.com.ar\/archivo\/wp-content\/uploads\/2026\/04\/CAMPEON-PRIMERA-DIVISION-TORNEO-CLAUSURA-2024-150x150.jpg\" class=\"attachment-thumbnail size-thumbnail\" alt=\"\" aria-describedby=\"gallery-1-3388\" \/><\/a>\n\t\t\t<\/div>\n\t\t\t\t<figcaption class='wp-caption-text gallery-caption' id='gallery-1-3388'>\n\t\t\t\t2025\n\t\t\t\t<\/figcaption><\/figure><figure class='gallery-item'>\n\t\t\t<div class='gallery-icon landscape'>\n\t\t\t\t<a href='https:\/\/trebolense.com.ar\/archivo\/futbol-de-salon-futsal\/3-14\/'><img loading=\"lazy\" decoding=\"async\" width=\"150\" height=\"150\" src=\"https:\/\/trebolense.com.ar\/archivo\/wp-content\/uploads\/2026\/04\/3-1-150x150.jpeg\" class=\"attachment-thumbnail size-thumbnail\" alt=\"\" aria-describedby=\"gallery-1-3391\" \/><\/a>\n\t\t\t<\/div>\n\t\t\t\t<figcaption class='wp-caption-text gallery-caption' id='gallery-1-3391'>\n\t\t\t\t2026\n\t\t\t\t<\/figcaption><\/figure><figure class='gallery-item'>\n\t\t\t<div class='gallery-icon landscape'>\n\t\t\t\t<a href='https:\/\/trebolense.com.ar\/archivo\/futbol-de-salon-futsal\/2026-2\/'><img loading=\"lazy\" decoding=\"async\" width=\"150\" height=\"150\" src=\"https:\/\/trebolense.com.ar\/archivo\/wp-content\/uploads\/2026\/04\/2026-1-150x150.jpeg\" class=\"attachment-thumbnail size-thumbnail\" alt=\"\" aria-describedby=\"gallery-1-3392\" \/><\/a>\n\t\t\t<\/div>\n\t\t\t\t<figcaption class='wp-caption-text gallery-caption' id='gallery-1-3392'>\n\t\t\t\t2026\n\t\t\t\t<\/figcaption><\/figure><figure class='gallery-item'>\n\t\t\t<div class='gallery-icon landscape'>\n\t\t\t\t<a href='https:\/\/trebolense.com.ar\/archivo\/futbol-de-salon-futsal\/whatsapp-image-2026-04-25-at-01-43-19\/'><img loading=\"lazy\" decoding=\"async\" width=\"150\" height=\"150\" src=\"https:\/\/trebolense.com.ar\/archivo\/wp-content\/uploads\/2026\/04\/WhatsApp-Image-2026-04-25-at-01.43.19-150x150.jpeg\" class=\"attachment-thumbnail size-thumbnail\" alt=\"\" aria-describedby=\"gallery-1-3393\" \/><\/a>\n\t\t\t<\/div>\n\t\t\t\t<figcaption class='wp-caption-text gallery-caption' id='gallery-1-3393'>\n\t\t\t\t2026\n\t\t\t\t<\/figcaption><\/figure>\n\t\t<\/div>\n\n<blockquote class=\"td_quote_box td_box_center\"><p><span class=\"td_btn td_btn_sm td_default_btn td_outlined_btn\">El presente Archivo Hist\u00f3rico digitalizado ha sido confeccionado con los materiales\u00a0 resguardados en el tiempo por la instituci\u00f3n. El mismo no es cerrado y puede ser enriquecido por los protagonistas y familiares aportando datos y fotograf\u00edas. Contacto: archivohistorico@trebolense.com<\/span><\/p><\/blockquote>\n","protected":false},"excerpt":{"rendered":"<p>Diremos que los comienzos de Futsal (hemos encontrado diferentes nombres para la actividad, hasta el del viejo baby futbol), debemos buscarlos en la d\u00e9cada de 1990. Y comienza justamente de manera similar al se\u00f1alado en Futbol Senior de Futbol Tradicional; es decir por los entusiastas del futbol que ya cumplieron su etapa juvenil de futbolistas [&hellip;]<\/p>\n","protected":false},"author":2,"featured_media":3390,"comment_status":"closed","ping_status":"closed","sticky":false,"template":"","format":"standard","meta":{"footnotes":""},"categories":[9,147],"tags":[],"class_list":["post-2686","post","type-post","status-publish","format-standard","has-post-thumbnail","category-deportes","category-futsal"],"_links":{"self":[{"href":"https:\/\/trebolense.com.ar\/archivo\/wp-json\/wp\/v2\/posts\/2686","targetHints":{"allow":["GET"]}}],"collection":[{"href":"https:\/\/trebolense.com.ar\/archivo\/wp-json\/wp\/v2\/posts"}],"about":[{"href":"https:\/\/trebolense.com.ar\/archivo\/wp-json\/wp\/v2\/types\/post"}],"author":[{"embeddable":true,"href":"https:\/\/trebolense.com.ar\/archivo\/wp-json\/wp\/v2\/users\/2"}],"replies":[{"embeddable":true,"href":"https:\/\/trebolense.com.ar\/archivo\/wp-json\/wp\/v2\/comments?post=2686"}],"version-history":[{"count":20,"href":"https:\/\/trebolense.com.ar\/archivo\/wp-json\/wp\/v2\/posts\/2686\/revisions"}],"predecessor-version":[{"id":3961,"href":"https:\/\/trebolense.com.ar\/archivo\/wp-json\/wp\/v2\/posts\/2686\/revisions\/3961"}],"wp:featuredmedia":[{"embeddable":true,"href":"https:\/\/trebolense.com.ar\/archivo\/wp-json\/wp\/v2\/media\/3390"}],"wp:attachment":[{"href":"https:\/\/trebolense.com.ar\/archivo\/wp-json\/wp\/v2\/media?parent=2686"}],"wp:term":[{"taxonomy":"category","embeddable":true,"href":"https:\/\/trebolense.com.ar\/archivo\/wp-json\/wp\/v2\/categories?post=2686"},{"taxonomy":"post_tag","embeddable":true,"href":"https:\/\/trebolense.com.ar\/archivo\/wp-json\/wp\/v2\/tags?post=2686"}],"curies":[{"name":"wp","href":"https:\/\/api.w.org\/{rel}","templated":true}]}}