{"id":2625,"date":"2026-05-14T09:09:21","date_gmt":"2026-05-14T12:09:21","guid":{"rendered":"https:\/\/trebolense.com.ar\/archivo\/?p=2625"},"modified":"2026-06-12T09:50:25","modified_gmt":"2026-06-12T12:50:25","slug":"basquet","status":"publish","type":"post","link":"https:\/\/trebolense.com.ar\/archivo\/basquet\/","title":{"rendered":"Basquet"},"content":{"rendered":"<p style=\"text-align: justify\">El Basquet, nuestra tercera disciplina que aparece en Trebolense luego de futbol y bochas, comienza su ciclo m\u00e1s activo luego de la inauguraci\u00f3n de la cancha de basquet en la Pista Jard\u00edn en 1954. A continuaci\u00f3n rese\u00f1amos lo escrito en los Libros del Club.<\/p>\n<p style=\"text-align: center\"><strong>Libro de Las Bodas de Oro en 1959.<\/strong><br \/>\n<a href=\"https:\/\/trebolense.com.ar\/archivo\/wp-content\/uploads\/2026\/04\/BASQUET-RESENA-LIBRO-50-ANOS.jpg\"><img loading=\"lazy\" decoding=\"async\" class=\" wp-image-2724 aligncenter\" src=\"https:\/\/trebolense.com.ar\/archivo\/wp-content\/uploads\/2026\/04\/BASQUET-RESENA-LIBRO-50-ANOS-196x300.jpg\" alt=\"\" width=\"323\" height=\"495\" srcset=\"https:\/\/trebolense.com.ar\/archivo\/wp-content\/uploads\/2026\/04\/BASQUET-RESENA-LIBRO-50-ANOS-196x300.jpg 196w, https:\/\/trebolense.com.ar\/archivo\/wp-content\/uploads\/2026\/04\/BASQUET-RESENA-LIBRO-50-ANOS-668x1024.jpg 668w, https:\/\/trebolense.com.ar\/archivo\/wp-content\/uploads\/2026\/04\/BASQUET-RESENA-LIBRO-50-ANOS-768x1177.jpg 768w, https:\/\/trebolense.com.ar\/archivo\/wp-content\/uploads\/2026\/04\/BASQUET-RESENA-LIBRO-50-ANOS-696x1067.jpg 696w, https:\/\/trebolense.com.ar\/archivo\/wp-content\/uploads\/2026\/04\/BASQUET-RESENA-LIBRO-50-ANOS.jpg 783w\" sizes=\"auto, (max-width: 323px) 100vw, 323px\" \/><\/a><strong>Libro de 90 Aniversario en 1999.<\/strong><a href=\"https:\/\/trebolense.com.ar\/archivo\/wp-content\/uploads\/2026\/04\/BASQUET-RESENA-LIBRO-90-ANOS-1.jpg\"><img loading=\"lazy\" decoding=\"async\" class=\"wp-image-2725 aligncenter\" src=\"https:\/\/trebolense.com.ar\/archivo\/wp-content\/uploads\/2026\/04\/BASQUET-RESENA-LIBRO-90-ANOS-1-210x300.jpg\" alt=\"\" width=\"322\" height=\"460\" srcset=\"https:\/\/trebolense.com.ar\/archivo\/wp-content\/uploads\/2026\/04\/BASQUET-RESENA-LIBRO-90-ANOS-1-210x300.jpg 210w, https:\/\/trebolense.com.ar\/archivo\/wp-content\/uploads\/2026\/04\/BASQUET-RESENA-LIBRO-90-ANOS-1-716x1024.jpg 716w, https:\/\/trebolense.com.ar\/archivo\/wp-content\/uploads\/2026\/04\/BASQUET-RESENA-LIBRO-90-ANOS-1-768x1098.jpg 768w, https:\/\/trebolense.com.ar\/archivo\/wp-content\/uploads\/2026\/04\/BASQUET-RESENA-LIBRO-90-ANOS-1-696x995.jpg 696w, https:\/\/trebolense.com.ar\/archivo\/wp-content\/uploads\/2026\/04\/BASQUET-RESENA-LIBRO-90-ANOS-1.jpg 839w\" sizes=\"auto, (max-width: 322px) 100vw, 322px\" \/><\/a> <a href=\"https:\/\/trebolense.com.ar\/archivo\/wp-content\/uploads\/2026\/04\/BASQUET-RESENA-LIBRO-90-ANOS-2.jpg\"><img loading=\"lazy\" decoding=\"async\" class=\"wp-image-2726 aligncenter\" src=\"https:\/\/trebolense.com.ar\/archivo\/wp-content\/uploads\/2026\/04\/BASQUET-RESENA-LIBRO-90-ANOS-2-212x300.jpg\" alt=\"\" width=\"323\" height=\"457\" srcset=\"https:\/\/trebolense.com.ar\/archivo\/wp-content\/uploads\/2026\/04\/BASQUET-RESENA-LIBRO-90-ANOS-2-212x300.jpg 212w, https:\/\/trebolense.com.ar\/archivo\/wp-content\/uploads\/2026\/04\/BASQUET-RESENA-LIBRO-90-ANOS-2-724x1024.jpg 724w, https:\/\/trebolense.com.ar\/archivo\/wp-content\/uploads\/2026\/04\/BASQUET-RESENA-LIBRO-90-ANOS-2-768x1087.jpg 768w, https:\/\/trebolense.com.ar\/archivo\/wp-content\/uploads\/2026\/04\/BASQUET-RESENA-LIBRO-90-ANOS-2-696x985.jpg 696w, https:\/\/trebolense.com.ar\/archivo\/wp-content\/uploads\/2026\/04\/BASQUET-RESENA-LIBRO-90-ANOS-2.jpg 848w\" sizes=\"auto, (max-width: 323px) 100vw, 323px\" \/><\/a><\/p>\n<p style=\"text-align: center\"><strong>Libro del Centenario en 2009.<\/strong><\/p>\n<p><a href=\"https:\/\/trebolense.com.ar\/archivo\/wp-content\/uploads\/2026\/04\/BASQUET-RESENA-100-ANOS-1.jpg\"><img loading=\"lazy\" decoding=\"async\" class=\"size-medium wp-image-2719 aligncenter\" src=\"https:\/\/trebolense.com.ar\/archivo\/wp-content\/uploads\/2026\/04\/BASQUET-RESENA-100-ANOS-1-216x300.jpg\" alt=\"\" width=\"216\" height=\"300\" srcset=\"https:\/\/trebolense.com.ar\/archivo\/wp-content\/uploads\/2026\/04\/BASQUET-RESENA-100-ANOS-1-216x300.jpg 216w, https:\/\/trebolense.com.ar\/archivo\/wp-content\/uploads\/2026\/04\/BASQUET-RESENA-100-ANOS-1-736x1024.jpg 736w, https:\/\/trebolense.com.ar\/archivo\/wp-content\/uploads\/2026\/04\/BASQUET-RESENA-100-ANOS-1-768x1068.jpg 768w, https:\/\/trebolense.com.ar\/archivo\/wp-content\/uploads\/2026\/04\/BASQUET-RESENA-100-ANOS-1-696x968.jpg 696w, https:\/\/trebolense.com.ar\/archivo\/wp-content\/uploads\/2026\/04\/BASQUET-RESENA-100-ANOS-1.jpg 863w\" sizes=\"auto, (max-width: 216px) 100vw, 216px\" \/><\/a> <a href=\"https:\/\/trebolense.com.ar\/archivo\/wp-content\/uploads\/2026\/04\/BASQUET-RESENA-100-ANOS-2.jpg\"><img loading=\"lazy\" decoding=\"async\" class=\"size-medium wp-image-2720 aligncenter\" src=\"https:\/\/trebolense.com.ar\/archivo\/wp-content\/uploads\/2026\/04\/BASQUET-RESENA-100-ANOS-2-209x300.jpg\" alt=\"\" width=\"209\" height=\"300\" srcset=\"https:\/\/trebolense.com.ar\/archivo\/wp-content\/uploads\/2026\/04\/BASQUET-RESENA-100-ANOS-2-209x300.jpg 209w, https:\/\/trebolense.com.ar\/archivo\/wp-content\/uploads\/2026\/04\/BASQUET-RESENA-100-ANOS-2-713x1024.jpg 713w, https:\/\/trebolense.com.ar\/archivo\/wp-content\/uploads\/2026\/04\/BASQUET-RESENA-100-ANOS-2-768x1104.jpg 768w, https:\/\/trebolense.com.ar\/archivo\/wp-content\/uploads\/2026\/04\/BASQUET-RESENA-100-ANOS-2-696x1000.jpg 696w, https:\/\/trebolense.com.ar\/archivo\/wp-content\/uploads\/2026\/04\/BASQUET-RESENA-100-ANOS-2.jpg 835w\" sizes=\"auto, (max-width: 209px) 100vw, 209px\" \/><\/a> <a href=\"https:\/\/trebolense.com.ar\/archivo\/wp-content\/uploads\/2026\/04\/BASQUET-RESENA-100-ANOS-3.jpg\"><img loading=\"lazy\" decoding=\"async\" class=\"size-medium wp-image-2721 aligncenter\" src=\"https:\/\/trebolense.com.ar\/archivo\/wp-content\/uploads\/2026\/04\/BASQUET-RESENA-100-ANOS-3-209x300.jpg\" alt=\"\" width=\"209\" height=\"300\" srcset=\"https:\/\/trebolense.com.ar\/archivo\/wp-content\/uploads\/2026\/04\/BASQUET-RESENA-100-ANOS-3-209x300.jpg 209w, https:\/\/trebolense.com.ar\/archivo\/wp-content\/uploads\/2026\/04\/BASQUET-RESENA-100-ANOS-3-712x1024.jpg 712w, https:\/\/trebolense.com.ar\/archivo\/wp-content\/uploads\/2026\/04\/BASQUET-RESENA-100-ANOS-3-768x1105.jpg 768w, https:\/\/trebolense.com.ar\/archivo\/wp-content\/uploads\/2026\/04\/BASQUET-RESENA-100-ANOS-3-696x1001.jpg 696w, https:\/\/trebolense.com.ar\/archivo\/wp-content\/uploads\/2026\/04\/BASQUET-RESENA-100-ANOS-3.jpg 834w\" sizes=\"auto, (max-width: 209px) 100vw, 209px\" \/><\/a><\/p>\n<p><a href=\"https:\/\/trebolense.com.ar\/archivo\/wp-content\/uploads\/2026\/04\/BASQUET-RESENA-100-ANOS-4.jpg\"><img loading=\"lazy\" decoding=\"async\" class=\"wp-image-2722 aligncenter\" src=\"https:\/\/trebolense.com.ar\/archivo\/wp-content\/uploads\/2026\/04\/BASQUET-RESENA-100-ANOS-4-204x300.jpg\" alt=\"\" width=\"326\" height=\"479\" srcset=\"https:\/\/trebolense.com.ar\/archivo\/wp-content\/uploads\/2026\/04\/BASQUET-RESENA-100-ANOS-4-204x300.jpg 204w, https:\/\/trebolense.com.ar\/archivo\/wp-content\/uploads\/2026\/04\/BASQUET-RESENA-100-ANOS-4-695x1024.jpg 695w, https:\/\/trebolense.com.ar\/archivo\/wp-content\/uploads\/2026\/04\/BASQUET-RESENA-100-ANOS-4-768x1131.jpg 768w, https:\/\/trebolense.com.ar\/archivo\/wp-content\/uploads\/2026\/04\/BASQUET-RESENA-100-ANOS-4-696x1025.jpg 696w, https:\/\/trebolense.com.ar\/archivo\/wp-content\/uploads\/2026\/04\/BASQUET-RESENA-100-ANOS-4.jpg 815w\" sizes=\"auto, (max-width: 326px) 100vw, 326px\" \/><\/a> <a href=\"https:\/\/trebolense.com.ar\/archivo\/wp-content\/uploads\/2026\/04\/BASQUET-RESENA-100-ANOS-5.jpg\"><img loading=\"lazy\" decoding=\"async\" class=\"wp-image-2723 aligncenter\" src=\"https:\/\/trebolense.com.ar\/archivo\/wp-content\/uploads\/2026\/04\/BASQUET-RESENA-100-ANOS-5-209x300.jpg\" alt=\"\" width=\"337\" height=\"484\" srcset=\"https:\/\/trebolense.com.ar\/archivo\/wp-content\/uploads\/2026\/04\/BASQUET-RESENA-100-ANOS-5-209x300.jpg 209w, https:\/\/trebolense.com.ar\/archivo\/wp-content\/uploads\/2026\/04\/BASQUET-RESENA-100-ANOS-5-714x1024.jpg 714w, https:\/\/trebolense.com.ar\/archivo\/wp-content\/uploads\/2026\/04\/BASQUET-RESENA-100-ANOS-5-768x1101.jpg 768w, https:\/\/trebolense.com.ar\/archivo\/wp-content\/uploads\/2026\/04\/BASQUET-RESENA-100-ANOS-5-696x998.jpg 696w, https:\/\/trebolense.com.ar\/archivo\/wp-content\/uploads\/2026\/04\/BASQUET-RESENA-100-ANOS-5.jpg 837w\" sizes=\"auto, (max-width: 337px) 100vw, 337px\" \/><\/a><\/p>\n<p style=\"text-align: center\"><strong>MEMORIA DE PROTAGONISTAS\u00a0 \u00a0 RICARDO DESTEFANIS<\/strong><\/p>\n<p style=\"text-align: justify\">Mi actividad deportiva en el club comenz\u00f3 a fines del a\u00f1o 1953 y\/o comienzo de 1954 actuando en el basquetball.<\/p>\n<p style=\"text-align: justify\">En ese momento dicha actividad se practicaba en la pista de la Sociedad Italiana de Ss Ms hasta la finalizaci\u00f3n de la pista jard\u00edn en 1954.<\/p>\n<p style=\"text-align: justify\">En ese momento el club integraba la asociaci\u00f3n de b\u00e1squet del centro oeste santafesino y estaba integrada por nuestro club, club El Expreso como local, club A. San Mart\u00edn y club A.\u00a0 Americano de Carlos Pellegrini, club A. San Jorge y club A. La Emilia de la localidad de San Jorge, el club A. Sastre de la localidad de Sastre, club A. Mar\u00eda Juana de la localidad de Mar\u00eda Juana, club A Brown de San Vicente, club A. General San Mart\u00edn de la localidad de San Mart\u00cdn de las Escobas, el club Juventud Unida de Ca\u00f1ada Rosqu\u00cdn y el club A. Piamonte de la localidad de Piamonte.<\/p>\n<p style=\"text-align: justify\">El plantel estaba integrado por Esteban Grosso, Mario Ferrero, Dante Canepa, \u00c1ngel Celio (Pinino), los hermanos Miguel \u00c1ngel y Dante Felizia, Edison Albertengo, Victor Garro, Omar Bonfil, Jos\u00e9 Luis Princic, M\u00e1ximo Bauducco, Mario Maiztegui, Alfredo Vasallo, Roberto Chiappero, Dante Mondino, Drago Tito Casanova, Juan Antonio Nota, Santo Galleta, Juan Carlos Venezia, Hilario Serra, Rafael Brussa, H\u00e9ctor Bruno, H\u00e9ctor Piancatelli, Jorge Maurino y Walter Forte.<\/p>\n<p style=\"text-align: justify\">Los primeros profesores fueron el se\u00f1or De Luca de la ciudad de Rosario, el segundo fue Jorge Liborio de la ciudad de Casilda, el tercero fue el se\u00f1or Orellano de la ciudad de Ca\u00f1ada de Gomez y el cuarto el se\u00f1or Huber Maccari de la ciudad de Las Rosas.<\/p>\n<p style=\"text-align: justify\">Como en aquella \u00e9poca para ser visitante no se viajaba en trafic sino en lo que se pod\u00eda. Un ejemplo y como an\u00e9cdota una noche fuimos a jugar a Piamonte en el cami\u00f3n del se\u00f1or Jos\u00e9 Corsalini y como en aquellas noches de verano aparec\u00edan lo que llamamos tormenta de verano, en forma r\u00e1pida y la ruta era camino de tierra el se\u00f1or Corsalini decidi\u00f3 regresar r\u00e1pidamente a El Tr\u00e9bol acompa\u00f1ado por algunos integrantes del plantel, mientras que el resto nos quedamos a cumplir con el partido oficialmente. As\u00ed fue que al rato apareci\u00f3 la lluvia y tuvimos que suspender dicho encuentro.<\/p>\n<p style=\"text-align: justify\">Como \u00e9ramos unos cuantos los que nos quedamos y no ten\u00edamos otra oportunidad para elegir nos tuvimos que quedar a dormir en el mismo escenario de la pista del club y como de costumbre \u00a0siempre aparece alg\u00fan loco como haciendo ruidos molestos en horas de la madrugada como ser el bueno de Jorge Maurino se pone a tocar el piano a las 4 de la ma\u00f1ana y con enojo de otros que ten\u00edan que trabajar al d\u00eda siguiente y como broche final mientras aclaraba a las 6 de la ma\u00f1ana nos fuimos todos a tomar mate con la guardia de la polic\u00eda, tomando el regreso a las 8 camino a El Tr\u00e9bol por la ruta 40 hasta m\u00e1s o menos la entrada de la E La Porte\u00f1a del se\u00f1or Juan Bautista Miles distante a unos 6 o 7 km de El Tr\u00e9bol hasta que apareci\u00f3 una camioneta a buscarnos y que en dos viajes nos trajo de regreso a El Tr\u00e9bol entre 11:30 12 hs.<\/p>\n<p style=\"text-align: justify\"><strong>Ricardo Destefanis,\u00a0 Julio 2025<\/strong><\/p>\n<p style=\"text-align: center\"><strong>MEMORIA DE PROTAGONISTAS\u00a0 \u00a0 MARCELO CELOTTI<\/strong><\/p>\n<p style=\"text-align: justify\">Amigos, corro un riesgo grande porque seguro me olvido de algunos de la mucha gente que nos acompa\u00f1\u00f3 todos estos a\u00f1os..<\/p>\n<p style=\"text-align: justify\">\u00a0\u00a0\u00a0\u00a0\u00a0\u00a0\u00a0\u00a0\u00a0\u00a0\u00a0\u00a0\u00a0\u00a0\u00a0\u00a0\u00a0\u00a0\u00a0\u00a0\u00a0\u00a0\u00a0 Nuestro grupo arranc\u00f3 en el a\u00f1o 2007, con Rodolfo Bassi, Ricardo Montenegro, Marcelo Biglia, Sergio Scortechini.. todos matrimonios\u2026 Oriana Falaschi, mi mujer, Marcela Ravaglia, Susana Pairetti y varios m\u00e1s.. Con el tiempo alguno fue dejando y otros agregandose.. y acompa\u00f1andome hasta el final.. Fede Bainotti, Omar Giovanini, Rafael Heit, Daniel Morbelli, Guillermo Barabucci, Roberto Blanco, Dami\u00e1n Bonelli, Maxi Veliz, Mauricio Di Tondo, la mayor\u00eda acompa\u00f1ados por sus esposas\u2026 Siempre un grupo de padres y madres, que acompa\u00f1aban a sus hijos a hacer este hermoso deporte y dispuestos a dejar un mont\u00f3n de horas para generar ingresos para hacer m\u00e1s grande a la disciplina.. Hicieron de todo, en esos a\u00f1os atendimos 3 graduaciones de m\u00e1s de 1000 personas, 1 cena aniversario, 1 cena de la Fiesta de la Orde\u00f1adora, 3 Festivales de la Familia, varias cenas de hombres y de mujeres.. Atendimos 4 torneos Interasociaciones provinciales, almuerzos, cenas, meriendas y desayunos, hicimos muchas Polladas ( la m\u00e1s grande de 600 pollos), muchas pizzas, pastelitos (llegamos a hacer 500 docenas), empanadas, Rifas,\u00a0 3 Campus de perfeccionamiento, 500 porciones de locro, para pagar los torneos federativos de los chicos, organiz\u00e1bamos siempre ser local una fecha as\u00ed pag\u00e1bamos la participaci\u00f3n.. Varios torneos Comerciales de Maxi Basquet, 2 buffet del Cam, 1 buffet del campeonato Argentino de Motocros, 1 Festival de El Tr\u00e9bol Rock, eventos muy importantes y otros no tanto.. Seguramente me olvido de muchos..<\/p>\n<p style=\"text-align: justify\">\u00a0\u00a0\u00a0\u00a0\u00a0\u00a0\u00a0\u00a0\u00a0\u00a0\u00a0\u00a0\u00a0\u00a0\u00a0\u00a0\u00a0\u00a0\u00a0\u00a0\u00a0\u00a0\u00a0 En fin, muchas horas en el club, trabajando, llevando a los chicos a jugar a otros lados, acompa\u00f1\u00e1ndolos siempre.. Lo m\u00e1s importante, de tener 28 chicos al principio a m\u00e1s de 100 al final y llevar al basquet de Trebolense a ser la 2da disciplina del club.. Hoy el basquet de Trebolense es reconocido a nivel provincial, como un club importante del mismo.. Como se merece nuestro club!!<\/p>\n<p style=\"text-align: justify\">\u00a0\u00a0\u00a0\u00a0\u00a0\u00a0\u00a0\u00a0\u00a0\u00a0\u00a0\u00a0\u00a0\u00a0\u00a0\u00a0\u00a0\u00a0\u00a0\u00a0\u00a0\u00a0\u00a0 MUCHAS GRACIAS A TODOS LOS QUE LO HICIERON POSIBLE!!!<\/p>\n<p><u>RESE\u00d1A HIST\u00d3RICA BASQUET CAT PER\u00cdODO 2007\/2020<\/u><\/p>\n<p><u>A\u00d1O 2007<\/u><br \/>\nProfes Jorge Gallo (Primera y formativas mayores) y Mariano Santinelli (Escuela)<\/p>\n<p><u>A\u00d1O 2008<\/u><br \/>\nProfes Diego Ferrari (Primera y formativas ) y Mariano Santinelli (Escuela)<\/p>\n<p><u>A\u00d1O 2009<\/u><br \/>\nProfes Diego Ferrari (Primera y formativas ) y Maxi Veliz (Escuela) PF Mauricio Lombardo<\/p>\n<p><u>A\u00d1O 2010<\/u><br \/>\nProfes Diego Ferrari (Primera y formativas ) y Laureano Oitana(Escuela) PF Mauricio Lombardo<\/p>\n<p><u>A\u00d1O 2011<\/u><br \/>\nProfes Laureano Oitana (Primera y formativas mayores) Rodrigo Navarro (Escuela y formativas menores)<\/p>\n<p><u>A\u00d1O 2012<\/u><br \/>\nProfes Rodrigo Navarro y Laurean Oitana .. Se compite con varias categor\u00edas formativas en Torneos Federativos provinciales por primera vez.<\/p>\n<p><u>A\u00d1O 2013<\/u><br \/>\nProfes Laureano Oitana (Primera y Formativas Mayores) Marcelo Quevedo (Formativas menores y Escuela), en la 2da parte del a\u00f1o se suma Dante Collavino, PF Cristobal Aimone . Por primera vez en la historia, Trebolense participa en el Torneo de Primera (Mayores) Federativo C, hoy Copa de Santa Fe. A partir de este a\u00f1o se compiti\u00f3 de manera ininterrumpida hasta el 2020, donde se jug\u00f3 Federal.<\/p>\n<p><u>A\u00d1O 2014 <\/u>SUBCAMPEONES EN PRIMERA, CAMPE\u00d3N EN U17 Y U19<br \/>\nProfes Laureano Oitana (Primera y form. Mayores), Marcelo Quevedo (Form. Menores) Ramiro Gianetti (Escuelita) PF Ramiro Gianetti<\/p>\n<p><u>A\u00d1O 2015<\/u><br \/>\nProfes Gustavo Sandrini (Primera y form. mayores)Mat\u00edas Figueras y Mariano Taglioti (Form menores y Escuela) PF Ramiro Gianetti<\/p>\n<p><u>A\u00d1O 2016<\/u><br \/>\nProfes Gustavo Sandrini (Prim,y Form Mayores) Mat\u00edas Contreras (Form. Menores y Escuela) PF Ramiro Gianetti<\/p>\n<p><span style=\"text-decoration: underline\">A\u00d1O 2017<\/span><br \/>\nProfes Mat\u00edas Contreras (Prim y form Mayores) Maximiliano Contreras (Escuelita) PF Ramiro Gianetti<\/p>\n<p><u>A\u00d1O 2018<\/u><br \/>\nProfes Federico Giulianelli (Prim y Form Mayores) Mat\u00edas Contreras (Form menores) Sebasti\u00e1n Amato (Escuela ) PF Ramiro Gianetti<\/p>\n<p><u>A\u00d1O 2019<\/u><br \/>\nProfes Federico Giulianelli (ACbos) Sebasti\u00e1n Amato (Prim y form. Mayores) Gonzalo Flores (Escuelita y form menores) PF Ramiro Gianetti<\/p>\n<p><u>A\u00d1O 2020<\/u><br \/>\nProfes Sebasti\u00e1n Amato(Prim y form Mayores) Gonzalo Flores (Form menores y Escuelita) PF Ramiro Gianetti. Este a\u00f1o se lleg\u00f3 a semifinales de la Copa de Santa Fe en primera hasta que se pararon todos los torneos por la pandemia.<\/p>\n<p><strong>Marcelo Celotti, Julio 2024<\/strong><\/p>\n<p style=\"text-align: center\"><strong>Fotos de los Planteles Masculinos y Femeninos, primeros a\u00f1os.<\/strong><\/p>\n<p>En los primeros a\u00f1os se practicaba en cancha descubierta de Pista Jard\u00edn y en cancha cubierta del Teatro Cervantes. Por la d\u00e9cada de 1960 Trebolense construye su primera cancha de basquet en el predio deportivo en el lugar preciso adonde hoy se hallan las canchas de tenis de piso sint\u00e9tico. En la d\u00e9cada de 1980, con el Gimnasio Edgar Degano la disciplina cobra un auge y empuje sobresaliente, el que disfrutamos hasta nuestros d\u00edas.<\/p>\n\r\n                <style type=\"text\/css\">\r\n                    \r\n                    #tdi_1  .td-doubleSlider-2 .td-item1 {\r\n                        background: url(https:\/\/trebolense.com.ar\/archivo\/wp-content\/uploads\/2026\/04\/2-BASQUET-FEMENINO-57.jpg) 0 0 no-repeat;\r\n                    }\r\n                    #tdi_1  .td-doubleSlider-2 .td-item2 {\r\n                        background: url(https:\/\/trebolense.com.ar\/archivo\/wp-content\/uploads\/2026\/04\/3-16.-BASQ-VARONES-1957.jpg) 0 0 no-repeat;\r\n                    }\r\n                    #tdi_1  .td-doubleSlider-2 .td-item3 {\r\n                        background: url(https:\/\/trebolense.com.ar\/archivo\/wp-content\/uploads\/2026\/04\/4-BASQUET-58.jpg) 0 0 no-repeat;\r\n                    }\r\n                    #tdi_1  .td-doubleSlider-2 .td-item4 {\r\n                        background: url(https:\/\/trebolense.com.ar\/archivo\/wp-content\/uploads\/2026\/04\/5-BASQUET-1960.jpg) 0 0 no-repeat;\r\n                    }\r\n                <\/style>\r\n\r\n                <div id=\"tdi_1\" class=\"td-gallery td-slide-on-2-columns\">\r\n                    <div class=\"post_td_gallery\">\r\n                        <div class=\"td-gallery-slide-top\">\r\n                           <div class=\"td-gallery-title\"><\/div>\r\n\r\n                            <div class=\"td-gallery-controls-wrapper\">\r\n                                <div class=\"td-gallery-slide-count\"><span class=\"td-gallery-slide-item-focus\">1<\/span> de 4<\/div>\r\n                                <div class=\"td-gallery-slide-prev-next-but\">\r\n                                    <i class = \"td-icon-left doubleSliderPrevButton\"><\/i>\r\n                                    <i class = \"td-icon-right doubleSliderNextButton\"><\/i>\r\n                                <\/div>\r\n                            <\/div>\r\n                        <\/div>\r\n\r\n                        <div class = \"td-doubleSlider-1 \">\r\n                            <div class = \"td-slider\">\r\n                                \r\n                    <div class = \"td-slide-item td-item1\">\r\n                        <figure class=\"td-slide-galery-figure td-slide-popup-gallery\">\r\n                            <a class=\"slide-gallery-image-link\" href=\"https:\/\/trebolense.com.ar\/archivo\/wp-content\/uploads\/2026\/04\/2-BASQUET-FEMENINO-57.jpg\" title=\"2 - BASQUET FEMENINO 57\"  data-caption=\"Leguizam\u00f3n, Venezia, Chialvo, Kast, Herrera, Mancini, Galletta, Ulla, Piancatelli, Aguilera, Corsalini., \"  data-description=\"\">\r\n                                <img decoding=\"async\" src=\"https:\/\/trebolense.com.ar\/archivo\/wp-content\/uploads\/2026\/04\/2-BASQUET-FEMENINO-57.jpg\" srcset=\"https:\/\/trebolense.com.ar\/archivo\/wp-content\/uploads\/2026\/04\/2-BASQUET-FEMENINO-57.jpg 1200w, https:\/\/trebolense.com.ar\/archivo\/wp-content\/uploads\/2026\/04\/2-BASQUET-FEMENINO-57-300x184.jpg 300w, https:\/\/trebolense.com.ar\/archivo\/wp-content\/uploads\/2026\/04\/2-BASQUET-FEMENINO-57-1024x629.jpg 1024w, https:\/\/trebolense.com.ar\/archivo\/wp-content\/uploads\/2026\/04\/2-BASQUET-FEMENINO-57-768x472.jpg 768w, https:\/\/trebolense.com.ar\/archivo\/wp-content\/uploads\/2026\/04\/2-BASQUET-FEMENINO-57-696x427.jpg 696w, https:\/\/trebolense.com.ar\/archivo\/wp-content\/uploads\/2026\/04\/2-BASQUET-FEMENINO-57-1068x656.jpg 1068w\" sizes=\"(max-width: 1200px) 100vw, 1200px\" alt=\"\">\r\n                            <\/a>\r\n                            <figcaption class = \"td-slide-caption td-gallery-slide-content\"><div class = \"td-gallery-slide-copywrite\">Leguizam\u00f3n, Venezia, Chialvo, Kast, Herrera, Mancini, Galletta, Ulla, Piancatelli, Aguilera, Corsalini., <\/div><\/figcaption>\r\n                        <\/figure>\r\n                    <\/div>\r\n                    <div class = \"td-slide-item td-item2\">\r\n                        <figure class=\"td-slide-galery-figure td-slide-popup-gallery\">\r\n                            <a class=\"slide-gallery-image-link\" href=\"https:\/\/trebolense.com.ar\/archivo\/wp-content\/uploads\/2026\/04\/3-16.-BASQ-VARONES-1957.jpg\" title=\"3 - 16. BASQ VARONES 1957\"  data-caption=\"Tibaldi, Bruno, Venezia, Garassino, Forte, Testa, C\u00e1nepa, Livorio DT, Sosa, Piancatelli, Bordigoni, Bosio, Bosso.\"  data-description=\"\">\r\n                                <img decoding=\"async\" src=\"https:\/\/trebolense.com.ar\/archivo\/wp-content\/uploads\/2026\/04\/3-16.-BASQ-VARONES-1957.jpg\" srcset=\"https:\/\/trebolense.com.ar\/archivo\/wp-content\/uploads\/2026\/04\/3-16.-BASQ-VARONES-1957.jpg 1200w, https:\/\/trebolense.com.ar\/archivo\/wp-content\/uploads\/2026\/04\/3-16.-BASQ-VARONES-1957-300x180.jpg 300w, https:\/\/trebolense.com.ar\/archivo\/wp-content\/uploads\/2026\/04\/3-16.-BASQ-VARONES-1957-1024x615.jpg 1024w, https:\/\/trebolense.com.ar\/archivo\/wp-content\/uploads\/2026\/04\/3-16.-BASQ-VARONES-1957-768x461.jpg 768w, https:\/\/trebolense.com.ar\/archivo\/wp-content\/uploads\/2026\/04\/3-16.-BASQ-VARONES-1957-696x418.jpg 696w, https:\/\/trebolense.com.ar\/archivo\/wp-content\/uploads\/2026\/04\/3-16.-BASQ-VARONES-1957-1068x642.jpg 1068w\" sizes=\"(max-width: 1200px) 100vw, 1200px\" alt=\"\">\r\n                            <\/a>\r\n                            <figcaption class = \"td-slide-caption td-gallery-slide-content\"><div class = \"td-gallery-slide-copywrite\">Tibaldi, Bruno, Venezia, Garassino, Forte, Testa, C\u00e1nepa, Livorio DT, Sosa, Piancatelli, Bordigoni, Bosio, Bosso.<\/div><\/figcaption>\r\n                        <\/figure>\r\n                    <\/div>\r\n                    <div class = \"td-slide-item td-item3\">\r\n                        <figure class=\"td-slide-galery-figure td-slide-popup-gallery\">\r\n                            <a class=\"slide-gallery-image-link\" href=\"https:\/\/trebolense.com.ar\/archivo\/wp-content\/uploads\/2026\/04\/4-BASQUET-58.jpg\" title=\"4 - BASQUET 58\"  data-caption=\"Ferrero, C\u00e1nepa. Maiztegui, Celio, Tibaldi, Albertengo, Casanova, Grosso, Chiappero, Maiztegui (Mascota). \"  data-description=\"\">\r\n                                <img decoding=\"async\" src=\"https:\/\/trebolense.com.ar\/archivo\/wp-content\/uploads\/2026\/04\/4-BASQUET-58.jpg\" srcset=\"https:\/\/trebolense.com.ar\/archivo\/wp-content\/uploads\/2026\/04\/4-BASQUET-58.jpg 1200w, https:\/\/trebolense.com.ar\/archivo\/wp-content\/uploads\/2026\/04\/4-BASQUET-58-300x184.jpg 300w, https:\/\/trebolense.com.ar\/archivo\/wp-content\/uploads\/2026\/04\/4-BASQUET-58-1024x629.jpg 1024w, https:\/\/trebolense.com.ar\/archivo\/wp-content\/uploads\/2026\/04\/4-BASQUET-58-768x472.jpg 768w, https:\/\/trebolense.com.ar\/archivo\/wp-content\/uploads\/2026\/04\/4-BASQUET-58-696x427.jpg 696w, https:\/\/trebolense.com.ar\/archivo\/wp-content\/uploads\/2026\/04\/4-BASQUET-58-1068x656.jpg 1068w\" sizes=\"(max-width: 1200px) 100vw, 1200px\" alt=\"\">\r\n                            <\/a>\r\n                            <figcaption class = \"td-slide-caption td-gallery-slide-content\"><div class = \"td-gallery-slide-copywrite\">Ferrero, C\u00e1nepa. Maiztegui, Celio, Tibaldi, Albertengo, Casanova, Grosso, Chiappero, Maiztegui (Mascota). <\/div><\/figcaption>\r\n                        <\/figure>\r\n                    <\/div>\r\n                    <div class = \"td-slide-item td-item4\">\r\n                        <figure class=\"td-slide-galery-figure td-slide-popup-gallery\">\r\n                            <a class=\"slide-gallery-image-link\" href=\"https:\/\/trebolense.com.ar\/archivo\/wp-content\/uploads\/2026\/04\/5-BASQUET-1960.jpg\" title=\"5 - BASQUET 1960\"  data-caption=\"Felizia, Celio, Felizia, Bonfil, Princic, Grosso, Garro, Serra,  Venezia, Dest\u00e9fanis, Bauducco, Casanova, Mondino, Chiappero, Vasallo.\"  data-description=\"\">\r\n                                <img decoding=\"async\" src=\"https:\/\/trebolense.com.ar\/archivo\/wp-content\/uploads\/2026\/04\/5-BASQUET-1960.jpg\" srcset=\"https:\/\/trebolense.com.ar\/archivo\/wp-content\/uploads\/2026\/04\/5-BASQUET-1960.jpg 1200w, https:\/\/trebolense.com.ar\/archivo\/wp-content\/uploads\/2026\/04\/5-BASQUET-1960-300x181.jpg 300w, https:\/\/trebolense.com.ar\/archivo\/wp-content\/uploads\/2026\/04\/5-BASQUET-1960-1024x619.jpg 1024w, https:\/\/trebolense.com.ar\/archivo\/wp-content\/uploads\/2026\/04\/5-BASQUET-1960-768x464.jpg 768w, https:\/\/trebolense.com.ar\/archivo\/wp-content\/uploads\/2026\/04\/5-BASQUET-1960-696x421.jpg 696w, https:\/\/trebolense.com.ar\/archivo\/wp-content\/uploads\/2026\/04\/5-BASQUET-1960-1068x645.jpg 1068w\" sizes=\"(max-width: 1200px) 100vw, 1200px\" alt=\"\">\r\n                            <\/a>\r\n                            <figcaption class = \"td-slide-caption td-gallery-slide-content\"><div class = \"td-gallery-slide-copywrite\">Felizia, Celio, Felizia, Bonfil, Princic, Grosso, Garro, Serra,  Venezia, Dest\u00e9fanis, Bauducco, Casanova, Mondino, Chiappero, Vasallo.<\/div><\/figcaption>\r\n                        <\/figure>\r\n                    <\/div>\r\n                            <\/div>\r\n                        <\/div>\r\n\r\n                        <div class = \"td-doubleSlider-2\">\r\n                            <div class = \"td-slider\">\r\n                                \r\n                    <div class = \"td-button td-item1\">\r\n                        <div class = \"td-border\"><\/div>\r\n                    <\/div>\r\n                    <div class = \"td-button td-item2\">\r\n                        <div class = \"td-border\"><\/div>\r\n                    <\/div>\r\n                    <div class = \"td-button td-item3\">\r\n                        <div class = \"td-border\"><\/div>\r\n                    <\/div>\r\n                    <div class = \"td-button td-item4\">\r\n                        <div class = \"td-border\"><\/div>\r\n                    <\/div>\r\n                            <\/div>\r\n                        <\/div>\r\n\r\n                    <\/div>\r\n\r\n                <\/div>\r\n                \n<p style=\"text-align: center\"><strong>Planteles de distintas categor\u00edas.<\/strong><\/p>\n\r\n                <style type=\"text\/css\">\r\n                    \r\n                    #tdi_2  .td-doubleSlider-2 .td-item1 {\r\n                        background: url(https:\/\/trebolense.com.ar\/archivo\/wp-content\/uploads\/2026\/04\/6-Cadetes2009.jpg) 0 0 no-repeat;\r\n                    }\r\n                    #tdi_2  .td-doubleSlider-2 .td-item2 {\r\n                        background: url(https:\/\/trebolense.com.ar\/archivo\/wp-content\/uploads\/2026\/04\/7-Cadetes-2010.jpg) 0 0 no-repeat;\r\n                    }\r\n                    #tdi_2  .td-doubleSlider-2 .td-item3 {\r\n                        background: url(https:\/\/trebolense.com.ar\/archivo\/wp-content\/uploads\/2026\/04\/8.-1-Equipo-U17-Campeon-2012.jpg) 0 0 no-repeat;\r\n                    }\r\n                    #tdi_2  .td-doubleSlider-2 .td-item4 {\r\n                        background: url(https:\/\/trebolense.com.ar\/archivo\/wp-content\/uploads\/2026\/04\/8.-2-Foto-Primera-2010-Debut.jpeg) 0 0 no-repeat;\r\n                    }\r\n                    #tdi_2  .td-doubleSlider-2 .td-item5 {\r\n                        background: url(https:\/\/trebolense.com.ar\/archivo\/wp-content\/uploads\/2026\/04\/8.-3-Primera-2012.jpg) 0 0 no-repeat;\r\n                    }\r\n                    #tdi_2  .td-doubleSlider-2 .td-item6 {\r\n                        background: url(https:\/\/trebolense.com.ar\/archivo\/wp-content\/uploads\/2026\/04\/8-Primera-2013.jpg) 0 0 no-repeat;\r\n                    }\r\n                    #tdi_2  .td-doubleSlider-2 .td-item7 {\r\n                        background: url(https:\/\/trebolense.com.ar\/archivo\/wp-content\/uploads\/2026\/04\/9-Equipo-Federativo-C-2013.jpg) 0 0 no-repeat;\r\n                    }\r\n                    #tdi_2  .td-doubleSlider-2 .td-item8 {\r\n                        background: url(https:\/\/trebolense.com.ar\/archivo\/wp-content\/uploads\/2026\/04\/10-Primera-2019-primera-parte.jpg) 0 0 no-repeat;\r\n                    }\r\n                    #tdi_2  .td-doubleSlider-2 .td-item9 {\r\n                        background: url(https:\/\/trebolense.com.ar\/archivo\/wp-content\/uploads\/2026\/04\/11-CAT-Primera-2020.jpg) 0 0 no-repeat;\r\n                    }\r\n                <\/style>\r\n\r\n                <div id=\"tdi_2\" class=\"td-gallery td-slide-on-2-columns\">\r\n                    <div class=\"post_td_gallery\">\r\n                        <div class=\"td-gallery-slide-top\">\r\n                           <div class=\"td-gallery-title\"><\/div>\r\n\r\n                            <div class=\"td-gallery-controls-wrapper\">\r\n                                <div class=\"td-gallery-slide-count\"><span class=\"td-gallery-slide-item-focus\">1<\/span> de 9<\/div>\r\n                                <div class=\"td-gallery-slide-prev-next-but\">\r\n                                    <i class = \"td-icon-left doubleSliderPrevButton\"><\/i>\r\n                                    <i class = \"td-icon-right doubleSliderNextButton\"><\/i>\r\n                                <\/div>\r\n                            <\/div>\r\n                        <\/div>\r\n\r\n                        <div class = \"td-doubleSlider-1 \">\r\n                            <div class = \"td-slider\">\r\n                                \r\n                    <div class = \"td-slide-item td-item1\">\r\n                        <figure class=\"td-slide-galery-figure td-slide-popup-gallery\">\r\n                            <a class=\"slide-gallery-image-link\" href=\"https:\/\/trebolense.com.ar\/archivo\/wp-content\/uploads\/2026\/04\/6-Cadetes2009.jpg\" title=\"6- Cadetes2009\"  data-caption=\"Cadetes 2009\"  data-description=\"\">\r\n                                <img decoding=\"async\" src=\"https:\/\/trebolense.com.ar\/archivo\/wp-content\/uploads\/2026\/04\/6-Cadetes2009.jpg\" srcset=\"https:\/\/trebolense.com.ar\/archivo\/wp-content\/uploads\/2026\/04\/6-Cadetes2009.jpg 1200w, https:\/\/trebolense.com.ar\/archivo\/wp-content\/uploads\/2026\/04\/6-Cadetes2009-300x225.jpg 300w, https:\/\/trebolense.com.ar\/archivo\/wp-content\/uploads\/2026\/04\/6-Cadetes2009-1024x768.jpg 1024w, https:\/\/trebolense.com.ar\/archivo\/wp-content\/uploads\/2026\/04\/6-Cadetes2009-768x576.jpg 768w, https:\/\/trebolense.com.ar\/archivo\/wp-content\/uploads\/2026\/04\/6-Cadetes2009-696x522.jpg 696w, https:\/\/trebolense.com.ar\/archivo\/wp-content\/uploads\/2026\/04\/6-Cadetes2009-1068x801.jpg 1068w\" sizes=\"(max-width: 1200px) 100vw, 1200px\" alt=\"\">\r\n                            <\/a>\r\n                            <figcaption class = \"td-slide-caption td-gallery-slide-content\"><div class = \"td-gallery-slide-copywrite\">Cadetes 2009<\/div><\/figcaption>\r\n                        <\/figure>\r\n                    <\/div>\r\n                    <div class = \"td-slide-item td-item2\">\r\n                        <figure class=\"td-slide-galery-figure td-slide-popup-gallery\">\r\n                            <a class=\"slide-gallery-image-link\" href=\"https:\/\/trebolense.com.ar\/archivo\/wp-content\/uploads\/2026\/04\/7-Cadetes-2010.jpg\" title=\"7- Cadetes 2010\"  data-caption=\"Cadetes 2010\"  data-description=\"\">\r\n                                <img decoding=\"async\" src=\"https:\/\/trebolense.com.ar\/archivo\/wp-content\/uploads\/2026\/04\/7-Cadetes-2010.jpg\" srcset=\"https:\/\/trebolense.com.ar\/archivo\/wp-content\/uploads\/2026\/04\/7-Cadetes-2010.jpg 1200w, https:\/\/trebolense.com.ar\/archivo\/wp-content\/uploads\/2026\/04\/7-Cadetes-2010-300x225.jpg 300w, https:\/\/trebolense.com.ar\/archivo\/wp-content\/uploads\/2026\/04\/7-Cadetes-2010-1024x768.jpg 1024w, https:\/\/trebolense.com.ar\/archivo\/wp-content\/uploads\/2026\/04\/7-Cadetes-2010-768x576.jpg 768w, https:\/\/trebolense.com.ar\/archivo\/wp-content\/uploads\/2026\/04\/7-Cadetes-2010-696x522.jpg 696w, https:\/\/trebolense.com.ar\/archivo\/wp-content\/uploads\/2026\/04\/7-Cadetes-2010-1068x801.jpg 1068w\" sizes=\"(max-width: 1200px) 100vw, 1200px\" alt=\"\">\r\n                            <\/a>\r\n                            <figcaption class = \"td-slide-caption td-gallery-slide-content\"><div class = \"td-gallery-slide-copywrite\">Cadetes 2010<\/div><\/figcaption>\r\n                        <\/figure>\r\n                    <\/div>\r\n                    <div class = \"td-slide-item td-item3\">\r\n                        <figure class=\"td-slide-galery-figure td-slide-popup-gallery\">\r\n                            <a class=\"slide-gallery-image-link\" href=\"https:\/\/trebolense.com.ar\/archivo\/wp-content\/uploads\/2026\/04\/8.-1-Equipo-U17-Campeon-2012.jpg\" title=\"8. 1 - Equipo U17 Campe\u00f3n 2012\"  data-caption=\"U17 Campe\u00f3n 2012\"  data-description=\"\">\r\n                                <img decoding=\"async\" src=\"https:\/\/trebolense.com.ar\/archivo\/wp-content\/uploads\/2026\/04\/8.-1-Equipo-U17-Campeon-2012.jpg\" srcset=\"https:\/\/trebolense.com.ar\/archivo\/wp-content\/uploads\/2026\/04\/8.-1-Equipo-U17-Campeon-2012.jpg 1200w, https:\/\/trebolense.com.ar\/archivo\/wp-content\/uploads\/2026\/04\/8.-1-Equipo-U17-Campeon-2012-300x225.jpg 300w, https:\/\/trebolense.com.ar\/archivo\/wp-content\/uploads\/2026\/04\/8.-1-Equipo-U17-Campeon-2012-1024x768.jpg 1024w, https:\/\/trebolense.com.ar\/archivo\/wp-content\/uploads\/2026\/04\/8.-1-Equipo-U17-Campeon-2012-768x576.jpg 768w, https:\/\/trebolense.com.ar\/archivo\/wp-content\/uploads\/2026\/04\/8.-1-Equipo-U17-Campeon-2012-696x522.jpg 696w, https:\/\/trebolense.com.ar\/archivo\/wp-content\/uploads\/2026\/04\/8.-1-Equipo-U17-Campeon-2012-1068x801.jpg 1068w\" sizes=\"(max-width: 1200px) 100vw, 1200px\" alt=\"\">\r\n                            <\/a>\r\n                            <figcaption class = \"td-slide-caption td-gallery-slide-content\"><div class = \"td-gallery-slide-copywrite\">U17 Campe\u00f3n 2012<\/div><\/figcaption>\r\n                        <\/figure>\r\n                    <\/div>\r\n                    <div class = \"td-slide-item td-item4\">\r\n                        <figure class=\"td-slide-galery-figure td-slide-popup-gallery\">\r\n                            <a class=\"slide-gallery-image-link\" href=\"https:\/\/trebolense.com.ar\/archivo\/wp-content\/uploads\/2026\/04\/8.-2-Foto-Primera-2010-Debut.jpeg\" title=\"8. 2 - Foto Primera 2010 Debut\"  data-caption=\"Primera 2010\"  data-description=\"\">\r\n                                <img decoding=\"async\" src=\"https:\/\/trebolense.com.ar\/archivo\/wp-content\/uploads\/2026\/04\/8.-2-Foto-Primera-2010-Debut.jpeg\" srcset=\"https:\/\/trebolense.com.ar\/archivo\/wp-content\/uploads\/2026\/04\/8.-2-Foto-Primera-2010-Debut.jpeg 1200w, https:\/\/trebolense.com.ar\/archivo\/wp-content\/uploads\/2026\/04\/8.-2-Foto-Primera-2010-Debut-300x225.jpeg 300w, https:\/\/trebolense.com.ar\/archivo\/wp-content\/uploads\/2026\/04\/8.-2-Foto-Primera-2010-Debut-1024x768.jpeg 1024w, https:\/\/trebolense.com.ar\/archivo\/wp-content\/uploads\/2026\/04\/8.-2-Foto-Primera-2010-Debut-768x576.jpeg 768w, https:\/\/trebolense.com.ar\/archivo\/wp-content\/uploads\/2026\/04\/8.-2-Foto-Primera-2010-Debut-696x522.jpeg 696w, https:\/\/trebolense.com.ar\/archivo\/wp-content\/uploads\/2026\/04\/8.-2-Foto-Primera-2010-Debut-1068x801.jpeg 1068w\" sizes=\"(max-width: 1200px) 100vw, 1200px\" alt=\"\">\r\n                            <\/a>\r\n                            <figcaption class = \"td-slide-caption td-gallery-slide-content\"><div class = \"td-gallery-slide-copywrite\">Primera 2010<\/div><\/figcaption>\r\n                        <\/figure>\r\n                    <\/div>\r\n                    <div class = \"td-slide-item td-item5\">\r\n                        <figure class=\"td-slide-galery-figure td-slide-popup-gallery\">\r\n                            <a class=\"slide-gallery-image-link\" href=\"https:\/\/trebolense.com.ar\/archivo\/wp-content\/uploads\/2026\/04\/8.-3-Primera-2012.jpg\" title=\"8. 3 - Primera 2012\"  data-caption=\"Primera 2012\"  data-description=\"\">\r\n                                <img decoding=\"async\" src=\"https:\/\/trebolense.com.ar\/archivo\/wp-content\/uploads\/2026\/04\/8.-3-Primera-2012.jpg\" srcset=\"https:\/\/trebolense.com.ar\/archivo\/wp-content\/uploads\/2026\/04\/8.-3-Primera-2012.jpg 960w, https:\/\/trebolense.com.ar\/archivo\/wp-content\/uploads\/2026\/04\/8.-3-Primera-2012-300x223.jpg 300w, https:\/\/trebolense.com.ar\/archivo\/wp-content\/uploads\/2026\/04\/8.-3-Primera-2012-768x571.jpg 768w, https:\/\/trebolense.com.ar\/archivo\/wp-content\/uploads\/2026\/04\/8.-3-Primera-2012-485x360.jpg 485w, https:\/\/trebolense.com.ar\/archivo\/wp-content\/uploads\/2026\/04\/8.-3-Primera-2012-696x518.jpg 696w\" sizes=\"(max-width: 960px) 100vw, 960px\" alt=\"\">\r\n                            <\/a>\r\n                            <figcaption class = \"td-slide-caption td-gallery-slide-content\"><div class = \"td-gallery-slide-copywrite\">Primera 2012<\/div><\/figcaption>\r\n                        <\/figure>\r\n                    <\/div>\r\n                    <div class = \"td-slide-item td-item6\">\r\n                        <figure class=\"td-slide-galery-figure td-slide-popup-gallery\">\r\n                            <a class=\"slide-gallery-image-link\" href=\"https:\/\/trebolense.com.ar\/archivo\/wp-content\/uploads\/2026\/04\/8-Primera-2013.jpg\" title=\"8- Primera 2013\"  data-caption=\"Primera 2013\"  data-description=\"\">\r\n                                <img decoding=\"async\" src=\"https:\/\/trebolense.com.ar\/archivo\/wp-content\/uploads\/2026\/04\/8-Primera-2013.jpg\" srcset=\"https:\/\/trebolense.com.ar\/archivo\/wp-content\/uploads\/2026\/04\/8-Primera-2013.jpg 640w, https:\/\/trebolense.com.ar\/archivo\/wp-content\/uploads\/2026\/04\/8-Primera-2013-300x225.jpg 300w\" sizes=\"(max-width: 640px) 100vw, 640px\" alt=\"\">\r\n                            <\/a>\r\n                            <figcaption class = \"td-slide-caption td-gallery-slide-content\"><div class = \"td-gallery-slide-copywrite\">Primera 2013<\/div><\/figcaption>\r\n                        <\/figure>\r\n                    <\/div>\r\n                    <div class = \"td-slide-item td-item7\">\r\n                        <figure class=\"td-slide-galery-figure td-slide-popup-gallery\">\r\n                            <a class=\"slide-gallery-image-link\" href=\"https:\/\/trebolense.com.ar\/archivo\/wp-content\/uploads\/2026\/04\/9-Equipo-Federativo-C-2013.jpg\" title=\"9- Equipo Federativo C 2013\"  data-caption=\"Equipo Federativo 2013\"  data-description=\"\">\r\n                                <img decoding=\"async\" src=\"https:\/\/trebolense.com.ar\/archivo\/wp-content\/uploads\/2026\/04\/9-Equipo-Federativo-C-2013.jpg\" srcset=\"https:\/\/trebolense.com.ar\/archivo\/wp-content\/uploads\/2026\/04\/9-Equipo-Federativo-C-2013.jpg 1200w, https:\/\/trebolense.com.ar\/archivo\/wp-content\/uploads\/2026\/04\/9-Equipo-Federativo-C-2013-300x225.jpg 300w, https:\/\/trebolense.com.ar\/archivo\/wp-content\/uploads\/2026\/04\/9-Equipo-Federativo-C-2013-1024x768.jpg 1024w, https:\/\/trebolense.com.ar\/archivo\/wp-content\/uploads\/2026\/04\/9-Equipo-Federativo-C-2013-768x576.jpg 768w, https:\/\/trebolense.com.ar\/archivo\/wp-content\/uploads\/2026\/04\/9-Equipo-Federativo-C-2013-696x522.jpg 696w, https:\/\/trebolense.com.ar\/archivo\/wp-content\/uploads\/2026\/04\/9-Equipo-Federativo-C-2013-1068x801.jpg 1068w\" sizes=\"(max-width: 1200px) 100vw, 1200px\" alt=\"\">\r\n                            <\/a>\r\n                            <figcaption class = \"td-slide-caption td-gallery-slide-content\"><div class = \"td-gallery-slide-copywrite\">Equipo Federativo 2013<\/div><\/figcaption>\r\n                        <\/figure>\r\n                    <\/div>\r\n                    <div class = \"td-slide-item td-item8\">\r\n                        <figure class=\"td-slide-galery-figure td-slide-popup-gallery\">\r\n                            <a class=\"slide-gallery-image-link\" href=\"https:\/\/trebolense.com.ar\/archivo\/wp-content\/uploads\/2026\/04\/10-Primera-2019-primera-parte.jpg\" title=\"10 -Primera 2019 primera parte\"  data-caption=\"Primera 2019\"  data-description=\"\">\r\n                                <img decoding=\"async\" src=\"https:\/\/trebolense.com.ar\/archivo\/wp-content\/uploads\/2026\/04\/10-Primera-2019-primera-parte.jpg\" srcset=\"https:\/\/trebolense.com.ar\/archivo\/wp-content\/uploads\/2026\/04\/10-Primera-2019-primera-parte.jpg 960w, https:\/\/trebolense.com.ar\/archivo\/wp-content\/uploads\/2026\/04\/10-Primera-2019-primera-parte-300x199.jpg 300w, https:\/\/trebolense.com.ar\/archivo\/wp-content\/uploads\/2026\/04\/10-Primera-2019-primera-parte-768x510.jpg 768w, https:\/\/trebolense.com.ar\/archivo\/wp-content\/uploads\/2026\/04\/10-Primera-2019-primera-parte-696x463.jpg 696w\" sizes=\"(max-width: 960px) 100vw, 960px\" alt=\"\">\r\n                            <\/a>\r\n                            <figcaption class = \"td-slide-caption td-gallery-slide-content\"><div class = \"td-gallery-slide-copywrite\">Primera 2019<\/div><\/figcaption>\r\n                        <\/figure>\r\n                    <\/div>\r\n                    <div class = \"td-slide-item td-item9\">\r\n                        <figure class=\"td-slide-galery-figure td-slide-popup-gallery\">\r\n                            <a class=\"slide-gallery-image-link\" href=\"https:\/\/trebolense.com.ar\/archivo\/wp-content\/uploads\/2026\/04\/11-CAT-Primera-2020.jpg\" title=\"11- CAT Primera 2020\"  data-caption=\"Primera 2020\"  data-description=\"\">\r\n                                <img decoding=\"async\" src=\"https:\/\/trebolense.com.ar\/archivo\/wp-content\/uploads\/2026\/04\/11-CAT-Primera-2020.jpg\" srcset=\"https:\/\/trebolense.com.ar\/archivo\/wp-content\/uploads\/2026\/04\/11-CAT-Primera-2020.jpg 864w, https:\/\/trebolense.com.ar\/archivo\/wp-content\/uploads\/2026\/04\/11-CAT-Primera-2020-300x300.jpg 300w, https:\/\/trebolense.com.ar\/archivo\/wp-content\/uploads\/2026\/04\/11-CAT-Primera-2020-150x150.jpg 150w, https:\/\/trebolense.com.ar\/archivo\/wp-content\/uploads\/2026\/04\/11-CAT-Primera-2020-768x768.jpg 768w, https:\/\/trebolense.com.ar\/archivo\/wp-content\/uploads\/2026\/04\/11-CAT-Primera-2020-696x696.jpg 696w\" sizes=\"(max-width: 864px) 100vw, 864px\" alt=\"\">\r\n                            <\/a>\r\n                            <figcaption class = \"td-slide-caption td-gallery-slide-content\"><div class = \"td-gallery-slide-copywrite\">Primera 2020<\/div><\/figcaption>\r\n                        <\/figure>\r\n                    <\/div>\r\n                            <\/div>\r\n                        <\/div>\r\n\r\n                        <div class = \"td-doubleSlider-2\">\r\n                            <div class = \"td-slider\">\r\n                                \r\n                    <div class = \"td-button td-item1\">\r\n                        <div class = \"td-border\"><\/div>\r\n                    <\/div>\r\n                    <div class = \"td-button td-item2\">\r\n                        <div class = \"td-border\"><\/div>\r\n                    <\/div>\r\n                    <div class = \"td-button td-item3\">\r\n                        <div class = \"td-border\"><\/div>\r\n                    <\/div>\r\n                    <div class = \"td-button td-item4\">\r\n                        <div class = \"td-border\"><\/div>\r\n                    <\/div>\r\n                    <div class = \"td-button td-item5\">\r\n                        <div class = \"td-border\"><\/div>\r\n                    <\/div>\r\n                    <div class = \"td-button td-item6\">\r\n                        <div class = \"td-border\"><\/div>\r\n                    <\/div>\r\n                    <div class = \"td-button td-item7\">\r\n                        <div class = \"td-border\"><\/div>\r\n                    <\/div>\r\n                    <div class = \"td-button td-item8\">\r\n                        <div class = \"td-border\"><\/div>\r\n                    <\/div>\r\n                    <div class = \"td-button td-item9\">\r\n                        <div class = \"td-border\"><\/div>\r\n                    <\/div>\r\n                            <\/div>\r\n                        <\/div>\r\n\r\n                    <\/div>\r\n\r\n                <\/div>\r\n                \n\r\n                <style type=\"text\/css\">\r\n                    \r\n                    #tdi_3  .td-doubleSlider-2 .td-item1 {\r\n                        background: url(https:\/\/trebolense.com.ar\/archivo\/wp-content\/uploads\/2026\/04\/2a-CLAUSURA-ACBOS-VIS.-75-70.jpg) 0 0 no-repeat;\r\n                    }\r\n                    #tdi_3  .td-doubleSlider-2 .td-item2 {\r\n                        background: url(https:\/\/trebolense.com.ar\/archivo\/wp-content\/uploads\/2026\/04\/3-f-prefederal-victoria-76-a-66-vs-Ceci-de-Galvez.jpg) 0 0 no-repeat;\r\n                    }\r\n                    #tdi_3  .td-doubleSlider-2 .td-item3 {\r\n                        background: url(https:\/\/trebolense.com.ar\/archivo\/wp-content\/uploads\/2026\/04\/3F-PRE-FEDERAL.jpg) 0 0 no-repeat;\r\n                    }\r\n                    #tdi_3  .td-doubleSlider-2 .td-item4 {\r\n                        background: url(https:\/\/trebolense.com.ar\/archivo\/wp-content\/uploads\/2026\/04\/Sub15-vs-El-Tala.jpg) 0 0 no-repeat;\r\n                    }\r\n                    #tdi_3  .td-doubleSlider-2 .td-item5 {\r\n                        background: url(https:\/\/trebolense.com.ar\/archivo\/wp-content\/uploads\/2026\/04\/DSC00524.jpg) 0 0 no-repeat;\r\n                    }\r\n                    #tdi_3  .td-doubleSlider-2 .td-item6 {\r\n                        background: url(https:\/\/trebolense.com.ar\/archivo\/wp-content\/uploads\/2026\/04\/Infantiles.jpg) 0 0 no-repeat;\r\n                    }\r\n                    #tdi_3  .td-doubleSlider-2 .td-item7 {\r\n                        background: url(https:\/\/trebolense.com.ar\/archivo\/wp-content\/uploads\/2026\/04\/IMG_3048.jpg) 0 0 no-repeat;\r\n                    }\r\n                    #tdi_3  .td-doubleSlider-2 .td-item8 {\r\n                        background: url(https:\/\/trebolense.com.ar\/archivo\/wp-content\/uploads\/2026\/04\/DSCN9701.jpg) 0 0 no-repeat;\r\n                    }\r\n                <\/style>\r\n\r\n                <div id=\"tdi_3\" class=\"td-gallery td-slide-on-2-columns\">\r\n                    <div class=\"post_td_gallery\">\r\n                        <div class=\"td-gallery-slide-top\">\r\n                           <div class=\"td-gallery-title\"><\/div>\r\n\r\n                            <div class=\"td-gallery-controls-wrapper\">\r\n                                <div class=\"td-gallery-slide-count\"><span class=\"td-gallery-slide-item-focus\">1<\/span> de 8<\/div>\r\n                                <div class=\"td-gallery-slide-prev-next-but\">\r\n                                    <i class = \"td-icon-left doubleSliderPrevButton\"><\/i>\r\n                                    <i class = \"td-icon-right doubleSliderNextButton\"><\/i>\r\n                                <\/div>\r\n                            <\/div>\r\n                        <\/div>\r\n\r\n                        <div class = \"td-doubleSlider-1 \">\r\n                            <div class = \"td-slider\">\r\n                                \r\n                    <div class = \"td-slide-item td-item1\">\r\n                        <figure class=\"td-slide-galery-figure td-slide-popup-gallery\">\r\n                            <a class=\"slide-gallery-image-link\" href=\"https:\/\/trebolense.com.ar\/archivo\/wp-content\/uploads\/2026\/04\/2a-CLAUSURA-ACBOS-VIS.-75-70.jpg\" title=\"2\u00aa CLAUSURA ACBOS VIS. 75-70\"  data-caption=\"\"  data-description=\"\">\r\n                                <img decoding=\"async\" src=\"https:\/\/trebolense.com.ar\/archivo\/wp-content\/uploads\/2026\/04\/2a-CLAUSURA-ACBOS-VIS.-75-70.jpg\" srcset=\"https:\/\/trebolense.com.ar\/archivo\/wp-content\/uploads\/2026\/04\/2a-CLAUSURA-ACBOS-VIS.-75-70.jpg 1200w, https:\/\/trebolense.com.ar\/archivo\/wp-content\/uploads\/2026\/04\/2a-CLAUSURA-ACBOS-VIS.-75-70-300x225.jpg 300w, https:\/\/trebolense.com.ar\/archivo\/wp-content\/uploads\/2026\/04\/2a-CLAUSURA-ACBOS-VIS.-75-70-1024x768.jpg 1024w, https:\/\/trebolense.com.ar\/archivo\/wp-content\/uploads\/2026\/04\/2a-CLAUSURA-ACBOS-VIS.-75-70-768x576.jpg 768w, https:\/\/trebolense.com.ar\/archivo\/wp-content\/uploads\/2026\/04\/2a-CLAUSURA-ACBOS-VIS.-75-70-696x522.jpg 696w, https:\/\/trebolense.com.ar\/archivo\/wp-content\/uploads\/2026\/04\/2a-CLAUSURA-ACBOS-VIS.-75-70-1068x801.jpg 1068w\" sizes=\"(max-width: 1200px) 100vw, 1200px\" alt=\"\">\r\n                            <\/a>\r\n                            \r\n                        <\/figure>\r\n                    <\/div>\r\n                    <div class = \"td-slide-item td-item2\">\r\n                        <figure class=\"td-slide-galery-figure td-slide-popup-gallery\">\r\n                            <a class=\"slide-gallery-image-link\" href=\"https:\/\/trebolense.com.ar\/archivo\/wp-content\/uploads\/2026\/04\/3-f-prefederal-victoria-76-a-66-vs-Ceci-de-Galvez.jpg\" title=\"3 f prefederal victoria 76 a 66 vs Ceci de G\u00e1lvez\"  data-caption=\"\"  data-description=\"\">\r\n                                <img decoding=\"async\" src=\"https:\/\/trebolense.com.ar\/archivo\/wp-content\/uploads\/2026\/04\/3-f-prefederal-victoria-76-a-66-vs-Ceci-de-Galvez.jpg\" srcset=\"https:\/\/trebolense.com.ar\/archivo\/wp-content\/uploads\/2026\/04\/3-f-prefederal-victoria-76-a-66-vs-Ceci-de-Galvez.jpg 1200w, https:\/\/trebolense.com.ar\/archivo\/wp-content\/uploads\/2026\/04\/3-f-prefederal-victoria-76-a-66-vs-Ceci-de-Galvez-300x225.jpg 300w, https:\/\/trebolense.com.ar\/archivo\/wp-content\/uploads\/2026\/04\/3-f-prefederal-victoria-76-a-66-vs-Ceci-de-Galvez-1024x768.jpg 1024w, https:\/\/trebolense.com.ar\/archivo\/wp-content\/uploads\/2026\/04\/3-f-prefederal-victoria-76-a-66-vs-Ceci-de-Galvez-768x576.jpg 768w, https:\/\/trebolense.com.ar\/archivo\/wp-content\/uploads\/2026\/04\/3-f-prefederal-victoria-76-a-66-vs-Ceci-de-Galvez-696x522.jpg 696w, https:\/\/trebolense.com.ar\/archivo\/wp-content\/uploads\/2026\/04\/3-f-prefederal-victoria-76-a-66-vs-Ceci-de-Galvez-1068x801.jpg 1068w\" sizes=\"(max-width: 1200px) 100vw, 1200px\" alt=\"\">\r\n                            <\/a>\r\n                            \r\n                        <\/figure>\r\n                    <\/div>\r\n                    <div class = \"td-slide-item td-item3\">\r\n                        <figure class=\"td-slide-galery-figure td-slide-popup-gallery\">\r\n                            <a class=\"slide-gallery-image-link\" href=\"https:\/\/trebolense.com.ar\/archivo\/wp-content\/uploads\/2026\/04\/3F-PRE-FEDERAL.jpg\" title=\"3F PRE FEDERAL\"  data-caption=\"\"  data-description=\"\">\r\n                                <img decoding=\"async\" src=\"https:\/\/trebolense.com.ar\/archivo\/wp-content\/uploads\/2026\/04\/3F-PRE-FEDERAL.jpg\" srcset=\"https:\/\/trebolense.com.ar\/archivo\/wp-content\/uploads\/2026\/04\/3F-PRE-FEDERAL.jpg 1200w, https:\/\/trebolense.com.ar\/archivo\/wp-content\/uploads\/2026\/04\/3F-PRE-FEDERAL-300x225.jpg 300w, https:\/\/trebolense.com.ar\/archivo\/wp-content\/uploads\/2026\/04\/3F-PRE-FEDERAL-1024x768.jpg 1024w, https:\/\/trebolense.com.ar\/archivo\/wp-content\/uploads\/2026\/04\/3F-PRE-FEDERAL-768x576.jpg 768w, https:\/\/trebolense.com.ar\/archivo\/wp-content\/uploads\/2026\/04\/3F-PRE-FEDERAL-696x522.jpg 696w, https:\/\/trebolense.com.ar\/archivo\/wp-content\/uploads\/2026\/04\/3F-PRE-FEDERAL-1068x801.jpg 1068w\" sizes=\"(max-width: 1200px) 100vw, 1200px\" alt=\"\">\r\n                            <\/a>\r\n                            \r\n                        <\/figure>\r\n                    <\/div>\r\n                    <div class = \"td-slide-item td-item4\">\r\n                        <figure class=\"td-slide-galery-figure td-slide-popup-gallery\">\r\n                            <a class=\"slide-gallery-image-link\" href=\"https:\/\/trebolense.com.ar\/archivo\/wp-content\/uploads\/2026\/04\/Sub15-vs-El-Tala.jpg\" title=\"Sub15 vs El Tala\"  data-caption=\"\"  data-description=\"\">\r\n                                <img decoding=\"async\" src=\"https:\/\/trebolense.com.ar\/archivo\/wp-content\/uploads\/2026\/04\/Sub15-vs-El-Tala.jpg\" srcset=\"https:\/\/trebolense.com.ar\/archivo\/wp-content\/uploads\/2026\/04\/Sub15-vs-El-Tala.jpg 1200w, https:\/\/trebolense.com.ar\/archivo\/wp-content\/uploads\/2026\/04\/Sub15-vs-El-Tala-300x225.jpg 300w, https:\/\/trebolense.com.ar\/archivo\/wp-content\/uploads\/2026\/04\/Sub15-vs-El-Tala-1024x768.jpg 1024w, https:\/\/trebolense.com.ar\/archivo\/wp-content\/uploads\/2026\/04\/Sub15-vs-El-Tala-768x576.jpg 768w, https:\/\/trebolense.com.ar\/archivo\/wp-content\/uploads\/2026\/04\/Sub15-vs-El-Tala-696x522.jpg 696w, https:\/\/trebolense.com.ar\/archivo\/wp-content\/uploads\/2026\/04\/Sub15-vs-El-Tala-1068x801.jpg 1068w\" sizes=\"(max-width: 1200px) 100vw, 1200px\" alt=\"\">\r\n                            <\/a>\r\n                            \r\n                        <\/figure>\r\n                    <\/div>\r\n                    <div class = \"td-slide-item td-item5\">\r\n                        <figure class=\"td-slide-galery-figure td-slide-popup-gallery\">\r\n                            <a class=\"slide-gallery-image-link\" href=\"https:\/\/trebolense.com.ar\/archivo\/wp-content\/uploads\/2026\/04\/DSC00524.jpg\" title=\"DSC00524\"  data-caption=\"\"  data-description=\"\">\r\n                                <img decoding=\"async\" src=\"https:\/\/trebolense.com.ar\/archivo\/wp-content\/uploads\/2026\/04\/DSC00524.jpg\" srcset=\"https:\/\/trebolense.com.ar\/archivo\/wp-content\/uploads\/2026\/04\/DSC00524.jpg 1200w, https:\/\/trebolense.com.ar\/archivo\/wp-content\/uploads\/2026\/04\/DSC00524-300x225.jpg 300w, https:\/\/trebolense.com.ar\/archivo\/wp-content\/uploads\/2026\/04\/DSC00524-1024x768.jpg 1024w, https:\/\/trebolense.com.ar\/archivo\/wp-content\/uploads\/2026\/04\/DSC00524-768x576.jpg 768w, https:\/\/trebolense.com.ar\/archivo\/wp-content\/uploads\/2026\/04\/DSC00524-696x522.jpg 696w, https:\/\/trebolense.com.ar\/archivo\/wp-content\/uploads\/2026\/04\/DSC00524-1068x801.jpg 1068w\" sizes=\"(max-width: 1200px) 100vw, 1200px\" alt=\"\">\r\n                            <\/a>\r\n                            \r\n                        <\/figure>\r\n                    <\/div>\r\n                    <div class = \"td-slide-item td-item6\">\r\n                        <figure class=\"td-slide-galery-figure td-slide-popup-gallery\">\r\n                            <a class=\"slide-gallery-image-link\" href=\"https:\/\/trebolense.com.ar\/archivo\/wp-content\/uploads\/2026\/04\/Infantiles.jpg\" title=\"Infantiles\"  data-caption=\"\"  data-description=\"\">\r\n                                <img decoding=\"async\" src=\"https:\/\/trebolense.com.ar\/archivo\/wp-content\/uploads\/2026\/04\/Infantiles.jpg\" srcset=\"https:\/\/trebolense.com.ar\/archivo\/wp-content\/uploads\/2026\/04\/Infantiles.jpg 1200w, https:\/\/trebolense.com.ar\/archivo\/wp-content\/uploads\/2026\/04\/Infantiles-300x225.jpg 300w, https:\/\/trebolense.com.ar\/archivo\/wp-content\/uploads\/2026\/04\/Infantiles-1024x768.jpg 1024w, https:\/\/trebolense.com.ar\/archivo\/wp-content\/uploads\/2026\/04\/Infantiles-768x576.jpg 768w, https:\/\/trebolense.com.ar\/archivo\/wp-content\/uploads\/2026\/04\/Infantiles-696x522.jpg 696w, https:\/\/trebolense.com.ar\/archivo\/wp-content\/uploads\/2026\/04\/Infantiles-1068x801.jpg 1068w\" sizes=\"(max-width: 1200px) 100vw, 1200px\" alt=\"\">\r\n                            <\/a>\r\n                            \r\n                        <\/figure>\r\n                    <\/div>\r\n                    <div class = \"td-slide-item td-item7\">\r\n                        <figure class=\"td-slide-galery-figure td-slide-popup-gallery\">\r\n                            <a class=\"slide-gallery-image-link\" href=\"https:\/\/trebolense.com.ar\/archivo\/wp-content\/uploads\/2026\/04\/IMG_3048.jpg\" title=\"IMG_3048\"  data-caption=\"\"  data-description=\"\">\r\n                                <img decoding=\"async\" src=\"https:\/\/trebolense.com.ar\/archivo\/wp-content\/uploads\/2026\/04\/IMG_3048.jpg\" srcset=\"https:\/\/trebolense.com.ar\/archivo\/wp-content\/uploads\/2026\/04\/IMG_3048.jpg 1200w, https:\/\/trebolense.com.ar\/archivo\/wp-content\/uploads\/2026\/04\/IMG_3048-300x200.jpg 300w, https:\/\/trebolense.com.ar\/archivo\/wp-content\/uploads\/2026\/04\/IMG_3048-1024x683.jpg 1024w, https:\/\/trebolense.com.ar\/archivo\/wp-content\/uploads\/2026\/04\/IMG_3048-768x512.jpg 768w, https:\/\/trebolense.com.ar\/archivo\/wp-content\/uploads\/2026\/04\/IMG_3048-696x464.jpg 696w, https:\/\/trebolense.com.ar\/archivo\/wp-content\/uploads\/2026\/04\/IMG_3048-1068x712.jpg 1068w\" sizes=\"(max-width: 1200px) 100vw, 1200px\" alt=\"\">\r\n                            <\/a>\r\n                            \r\n                        <\/figure>\r\n                    <\/div>\r\n                    <div class = \"td-slide-item td-item8\">\r\n                        <figure class=\"td-slide-galery-figure td-slide-popup-gallery\">\r\n                            <a class=\"slide-gallery-image-link\" href=\"https:\/\/trebolense.com.ar\/archivo\/wp-content\/uploads\/2026\/04\/DSCN9701.jpg\" title=\"DSCN9701\"  data-caption=\"\"  data-description=\"\">\r\n                                <img decoding=\"async\" src=\"https:\/\/trebolense.com.ar\/archivo\/wp-content\/uploads\/2026\/04\/DSCN9701.jpg\" srcset=\"https:\/\/trebolense.com.ar\/archivo\/wp-content\/uploads\/2026\/04\/DSCN9701.jpg 1024w, https:\/\/trebolense.com.ar\/archivo\/wp-content\/uploads\/2026\/04\/DSCN9701-300x225.jpg 300w, https:\/\/trebolense.com.ar\/archivo\/wp-content\/uploads\/2026\/04\/DSCN9701-768x576.jpg 768w, https:\/\/trebolense.com.ar\/archivo\/wp-content\/uploads\/2026\/04\/DSCN9701-696x522.jpg 696w\" sizes=\"(max-width: 1024px) 100vw, 1024px\" alt=\"\">\r\n                            <\/a>\r\n                            \r\n                        <\/figure>\r\n                    <\/div>\r\n                            <\/div>\r\n                        <\/div>\r\n\r\n                        <div class = \"td-doubleSlider-2\">\r\n                            <div class = \"td-slider\">\r\n                                \r\n                    <div class = \"td-button td-item1\">\r\n                        <div class = \"td-border\"><\/div>\r\n                    <\/div>\r\n                    <div class = \"td-button td-item2\">\r\n                        <div class = \"td-border\"><\/div>\r\n                    <\/div>\r\n                    <div class = \"td-button td-item3\">\r\n                        <div class = \"td-border\"><\/div>\r\n                    <\/div>\r\n                    <div class = \"td-button td-item4\">\r\n                        <div class = \"td-border\"><\/div>\r\n                    <\/div>\r\n                    <div class = \"td-button td-item5\">\r\n                        <div class = \"td-border\"><\/div>\r\n                    <\/div>\r\n                    <div class = \"td-button td-item6\">\r\n                        <div class = \"td-border\"><\/div>\r\n                    <\/div>\r\n                    <div class = \"td-button td-item7\">\r\n                        <div class = \"td-border\"><\/div>\r\n                    <\/div>\r\n                    <div class = \"td-button td-item8\">\r\n                        <div class = \"td-border\"><\/div>\r\n                    <\/div>\r\n                            <\/div>\r\n                        <\/div>\r\n\r\n                    <\/div>\r\n\r\n                <\/div>\r\n                \n<blockquote class=\"td_quote_box td_box_center\"><p><span class=\"td_btn td_btn_sm td_default_btn td_outlined_btn\">El presente Archivo Hist\u00f3rico digitalizado ha sido confeccionado con los materiales\u00a0 resguardados en el tiempo por la instituci\u00f3n. El mismo no es cerrado y puede ser enriquecido por los protagonistas y familiares aportando datos y fotograf\u00edas. Contacto: archivohistorico@trebolense.com<\/span><\/p><\/blockquote>\n","protected":false},"excerpt":{"rendered":"<p>El Basquet, nuestra tercera disciplina que aparece en Trebolense luego de futbol y bochas, comienza su ciclo m\u00e1s activo luego de la inauguraci\u00f3n de la cancha de basquet en la Pista Jard\u00edn en 1954. A continuaci\u00f3n rese\u00f1amos lo escrito en los Libros del Club. Libro de Las Bodas de Oro en 1959. Libro de 90 [&hellip;]<\/p>\n","protected":false},"author":2,"featured_media":2759,"comment_status":"closed","ping_status":"closed","sticky":false,"template":"","format":"standard","meta":{"footnotes":""},"categories":[151,9],"tags":[],"class_list":["post-2625","post","type-post","status-publish","format-standard","has-post-thumbnail","category-basquet","category-deportes"],"_links":{"self":[{"href":"https:\/\/trebolense.com.ar\/archivo\/wp-json\/wp\/v2\/posts\/2625","targetHints":{"allow":["GET"]}}],"collection":[{"href":"https:\/\/trebolense.com.ar\/archivo\/wp-json\/wp\/v2\/posts"}],"about":[{"href":"https:\/\/trebolense.com.ar\/archivo\/wp-json\/wp\/v2\/types\/post"}],"author":[{"embeddable":true,"href":"https:\/\/trebolense.com.ar\/archivo\/wp-json\/wp\/v2\/users\/2"}],"replies":[{"embeddable":true,"href":"https:\/\/trebolense.com.ar\/archivo\/wp-json\/wp\/v2\/comments?post=2625"}],"version-history":[{"count":25,"href":"https:\/\/trebolense.com.ar\/archivo\/wp-json\/wp\/v2\/posts\/2625\/revisions"}],"predecessor-version":[{"id":2943,"href":"https:\/\/trebolense.com.ar\/archivo\/wp-json\/wp\/v2\/posts\/2625\/revisions\/2943"}],"wp:featuredmedia":[{"embeddable":true,"href":"https:\/\/trebolense.com.ar\/archivo\/wp-json\/wp\/v2\/media\/2759"}],"wp:attachment":[{"href":"https:\/\/trebolense.com.ar\/archivo\/wp-json\/wp\/v2\/media?parent=2625"}],"wp:term":[{"taxonomy":"category","embeddable":true,"href":"https:\/\/trebolense.com.ar\/archivo\/wp-json\/wp\/v2\/categories?post=2625"},{"taxonomy":"post_tag","embeddable":true,"href":"https:\/\/trebolense.com.ar\/archivo\/wp-json\/wp\/v2\/tags?post=2625"}],"curies":[{"name":"wp","href":"https:\/\/api.w.org\/{rel}","templated":true}]}}