{"id":2569,"date":"2026-05-18T12:03:36","date_gmt":"2026-05-18T15:03:36","guid":{"rendered":"https:\/\/trebolense.com.ar\/archivo\/?p=2569"},"modified":"2026-06-12T09:48:18","modified_gmt":"2026-06-12T12:48:18","slug":"futbol-senior","status":"publish","type":"post","link":"https:\/\/trebolense.com.ar\/archivo\/futbol-senior\/","title":{"rendered":"Futbol Senior"},"content":{"rendered":"<p>A diario asistimos, y se menciona en los programas deportivos, acerca de la problem\u00e1tica que aqueja a los futbolistas cuando se llega a la edad del retiro de la pr\u00e1ctica activa del futbol. En nuestra ciudad existen excepcionales exjugadores de futbol que han atravesado por esos trances dificultosos. Pero as\u00ed como fueron buenos jugadores han sido muy inteligentes, y ya desde los finales del siglo pasado siguen ,un par de veces por semana, calzando los cortos y acariciando la \u00abcaprichosa\u00bb como le dice a la pelota nuestro querido Quique Wolf en sus programas de futbol.<\/p>\n<p>La Liga San Mart\u00edn se ha hecho eco de ello y desde 2000 en adelante viene organizando los torneos de Futbol Senior. Club Trebolense ha apoyado desde siempre esta disciplina con singular \u00e9xito en lo deportivo y en la generaci\u00f3n y mantenimiento de los lazos afectivos que genera este deporte entre compa\u00f1eros y rivales circunstanciales de una justa deportiva.<\/p>\n<p style=\"text-align: center\"><strong>Libro del Centenario de 2009<\/strong><\/p>\n\r\n                <style type=\"text\/css\">\r\n                    \r\n                    #tdi_1  .td-doubleSlider-2 .td-item1 {\r\n                        background: url(https:\/\/trebolense.com.ar\/archivo\/wp-content\/uploads\/2026\/04\/RESENA-HISTORICA-1.jpg) 0 0 no-repeat;\r\n                    }\r\n                    #tdi_1  .td-doubleSlider-2 .td-item2 {\r\n                        background: url(https:\/\/trebolense.com.ar\/archivo\/wp-content\/uploads\/2026\/04\/RESENA-HISTORICA-2.jpg) 0 0 no-repeat;\r\n                    }\r\n                    #tdi_1  .td-doubleSlider-2 .td-item3 {\r\n                        background: url(https:\/\/trebolense.com.ar\/archivo\/wp-content\/uploads\/2026\/04\/libro-y-foto.png) 0 0 no-repeat;\r\n                    }\r\n                <\/style>\r\n\r\n                <div id=\"tdi_1\" class=\"td-gallery td-slide-on-2-columns\">\r\n                    <div class=\"post_td_gallery\">\r\n                        <div class=\"td-gallery-slide-top\">\r\n                           <div class=\"td-gallery-title\"><\/div>\r\n\r\n                            <div class=\"td-gallery-controls-wrapper\">\r\n                                <div class=\"td-gallery-slide-count\"><span class=\"td-gallery-slide-item-focus\">1<\/span> de 3<\/div>\r\n                                <div class=\"td-gallery-slide-prev-next-but\">\r\n                                    <i class = \"td-icon-left doubleSliderPrevButton\"><\/i>\r\n                                    <i class = \"td-icon-right doubleSliderNextButton\"><\/i>\r\n                                <\/div>\r\n                            <\/div>\r\n                        <\/div>\r\n\r\n                        <div class = \"td-doubleSlider-1 \">\r\n                            <div class = \"td-slider\">\r\n                                \r\n                    <div class = \"td-slide-item td-item1\">\r\n                        <figure class=\"td-slide-galery-figure td-slide-popup-gallery\">\r\n                            <a class=\"slide-gallery-image-link\" href=\"https:\/\/trebolense.com.ar\/archivo\/wp-content\/uploads\/2026\/04\/RESENA-HISTORICA-1.jpg\" title=\"RESE\u00d1A HISTORICA 1\"  data-caption=\"\"  data-description=\"\">\r\n                                <img decoding=\"async\" src=\"https:\/\/trebolense.com.ar\/archivo\/wp-content\/uploads\/2026\/04\/RESENA-HISTORICA-1.jpg\" srcset=\"https:\/\/trebolense.com.ar\/archivo\/wp-content\/uploads\/2026\/04\/RESENA-HISTORICA-1.jpg 853w, https:\/\/trebolense.com.ar\/archivo\/wp-content\/uploads\/2026\/04\/RESENA-HISTORICA-1-213x300.jpg 213w, https:\/\/trebolense.com.ar\/archivo\/wp-content\/uploads\/2026\/04\/RESENA-HISTORICA-1-728x1024.jpg 728w, https:\/\/trebolense.com.ar\/archivo\/wp-content\/uploads\/2026\/04\/RESENA-HISTORICA-1-768x1080.jpg 768w, https:\/\/trebolense.com.ar\/archivo\/wp-content\/uploads\/2026\/04\/RESENA-HISTORICA-1-696x979.jpg 696w\" sizes=\"(max-width: 853px) 100vw, 853px\" alt=\"\">\r\n                            <\/a>\r\n                            \r\n                        <\/figure>\r\n                    <\/div>\r\n                    <div class = \"td-slide-item td-item2\">\r\n                        <figure class=\"td-slide-galery-figure td-slide-popup-gallery\">\r\n                            <a class=\"slide-gallery-image-link\" href=\"https:\/\/trebolense.com.ar\/archivo\/wp-content\/uploads\/2026\/04\/RESENA-HISTORICA-2.jpg\" title=\"RESE\u00d1A HISTORICA 2\"  data-caption=\"\"  data-description=\"\">\r\n                                <img decoding=\"async\" src=\"https:\/\/trebolense.com.ar\/archivo\/wp-content\/uploads\/2026\/04\/RESENA-HISTORICA-2.jpg\" srcset=\"https:\/\/trebolense.com.ar\/archivo\/wp-content\/uploads\/2026\/04\/RESENA-HISTORICA-2.jpg 832w, https:\/\/trebolense.com.ar\/archivo\/wp-content\/uploads\/2026\/04\/RESENA-HISTORICA-2-208x300.jpg 208w, https:\/\/trebolense.com.ar\/archivo\/wp-content\/uploads\/2026\/04\/RESENA-HISTORICA-2-710x1024.jpg 710w, https:\/\/trebolense.com.ar\/archivo\/wp-content\/uploads\/2026\/04\/RESENA-HISTORICA-2-768x1108.jpg 768w, https:\/\/trebolense.com.ar\/archivo\/wp-content\/uploads\/2026\/04\/RESENA-HISTORICA-2-696x1004.jpg 696w\" sizes=\"(max-width: 832px) 100vw, 832px\" alt=\"\">\r\n                            <\/a>\r\n                            \r\n                        <\/figure>\r\n                    <\/div>\r\n                    <div class = \"td-slide-item td-item3\">\r\n                        <figure class=\"td-slide-galery-figure td-slide-popup-gallery\">\r\n                            <a class=\"slide-gallery-image-link\" href=\"https:\/\/trebolense.com.ar\/archivo\/wp-content\/uploads\/2026\/04\/libro-y-foto.png\" title=\"libro y foto\"  data-caption=\"\"  data-description=\"\">\r\n                                <img decoding=\"async\" src=\"https:\/\/trebolense.com.ar\/archivo\/wp-content\/uploads\/2026\/04\/libro-y-foto.png\" srcset=\"https:\/\/trebolense.com.ar\/archivo\/wp-content\/uploads\/2026\/04\/libro-y-foto.png 1008w, https:\/\/trebolense.com.ar\/archivo\/wp-content\/uploads\/2026\/04\/libro-y-foto-252x300.png 252w, https:\/\/trebolense.com.ar\/archivo\/wp-content\/uploads\/2026\/04\/libro-y-foto-860x1024.png 860w, https:\/\/trebolense.com.ar\/archivo\/wp-content\/uploads\/2026\/04\/libro-y-foto-768x914.png 768w, https:\/\/trebolense.com.ar\/archivo\/wp-content\/uploads\/2026\/04\/libro-y-foto-696x829.png 696w\" sizes=\"(max-width: 1008px) 100vw, 1008px\" alt=\"\">\r\n                            <\/a>\r\n                            \r\n                        <\/figure>\r\n                    <\/div>\r\n                            <\/div>\r\n                        <\/div>\r\n\r\n                        <div class = \"td-doubleSlider-2\">\r\n                            <div class = \"td-slider\">\r\n                                \r\n                    <div class = \"td-button td-item1\">\r\n                        <div class = \"td-border\"><\/div>\r\n                    <\/div>\r\n                    <div class = \"td-button td-item2\">\r\n                        <div class = \"td-border\"><\/div>\r\n                    <\/div>\r\n                    <div class = \"td-button td-item3\">\r\n                        <div class = \"td-border\"><\/div>\r\n                    <\/div>\r\n                            <\/div>\r\n                        <\/div>\r\n\r\n                    <\/div>\r\n\r\n                <\/div>\r\n                \n<p>&nbsp;<\/p>\n<p><strong>MEMORIA DE PROTAGONISTAS\u00a0 \u00a0 ALBERTO BONINO<\/strong><\/p>\n<p>FUTBOL SENIOR\u00a0 \u00a0 CLUB ATLETICO TREBOLENSE<\/p>\n<p><u>INTRODUCCION:<\/u><\/p>\n<p style=\"text-align: justify\">Dice una frase que el jugador de f\u00fatbol nace futbolista y muere futbolista. El FUTBOL SENIOR hace realidad esa frase en toda su dimensi\u00f3n o sea en el pensamiento y en la pr\u00e1ctica activa del deporte.<\/p>\n<p style=\"text-align: justify\">Los futbolistas hasta la d\u00e9cada de 1990 en nuestro pa\u00eds conclu\u00edan con la competencia oficial y los que quer\u00edan seguir vinculados con la actividad lo hac\u00edan como directores t\u00e9cnicos de las divisiones inferiores y superiores, pero la gran mayor\u00eda jugaban unos a\u00f1os m\u00e1s en campeonatos amateur. Ej. \u00abLa canchita del Cura\u00bb aqu\u00ed en El Tr\u00e9bol o C.A. Provincial en la ciudad de Rosario por citar los m\u00e1s cercanos. Luego de unos a\u00f1os (podr\u00edamos dar una edad aproximada: 40 a\u00f1os) dejaban la pr\u00e1ctica activa del deporte.<\/p>\n<p><u>DESARROLLO:<\/u><\/p>\n<p>En los primeros a\u00f1os de la d\u00e9cada del 90 lentamente todo comenz\u00f3 a cambiar.<\/p>\n<p style=\"text-align: justify\">El sindicato Atilra de la ciudad reuni\u00f3 en 1992 a exfutbolistas de los dos clubes que integran la Liga Dptal. San Mart\u00edn , form\u00f3 un gran equipo que se luci\u00f3 en la zona ganando los campeonatos no oficiales que se jugaron, donde participaron equipos ,adem\u00e1s del mencionado, de otras localidades como: Carlos Pellegrini, San Jorge, Sastre, Ca\u00f1ada Rasquin, Las Rosas, San Genaro y Las Parejas.<\/p>\n<p style=\"text-align: justify\">En el a\u00f1o 1995 ocurre un hecho hist\u00f3rico para la instituci\u00f3n C.A,TREBOLENSE CONSIGUE POR PRIMERA VEZ UN TITULO INTERNACIONAL JUGADO EN TIERRAS EXTRANJERAS: CAMPEON CAT. MAYORES DE 40 A\u00d1OS EN LA CIUDAD DE SANTIAGO (DE CHILE) Y SUBCAMPEON EN CAT. MAYORES DE 30 A\u00d1OS.<\/p>\n<p style=\"text-align: justify\">Participaron los equipos : Selecci\u00f3n de la Prov. De La Rioja. Selecci\u00f3n de Dinamarca( integrado por varios jugadores que hab\u00edan jugado en el campeonato mundial de Italia de 1990), Colo Colo de Chile, Sportivo Las Parejas y Trebolense.<\/p>\n<p style=\"text-align: justify\">El plantel fue el sig.: categ. Mayores de 30 a\u00f1os, subcampeones del torneo: JULIAN BOASSO,ELIGIO CAPPELLINO,E. CARIGNANO,R. CASTAGNO,C. CASTILLO,M. CELIO,J.J.CELIZ,H. DEPETRIS,H. DOMINGUEZ, D IBARRA ,R.LISEY,O. MARTINEZ,A. MENNA,H. MONDINO, R OSUNA,M. OVIEDO,N. PIETRANI, E. QUINTEROS, C. SCUOTRI, S. CHIABRANDO. DT OSVALDO ROJAS. P.F. S. CHIABRANDO, UTILERO. P . VALLE , MEDICO: F. VALLEJOS, DELEGADO DANTE CELIO.<\/p>\n<p style=\"text-align: justify\">La categ. Mayores de 40 a\u00f1os, campeones del torneo, fue integrada por: J. LAURENTI, R. ALLEGRANZA,J. ACU\u00d1A, O. ARESSE, J.C.ARESSE,E. BOASSO, A. BONINO,J. BRUNO, J. CARIGNANO, J.C. CHANCALAY, M. CINGOLANI,R. DEGIORGIS, S. DIAZ, J. LOMBARDO,E. MARTOGLIO, O. NAVARRETE, G. PIETRANI, A. RAMELLO,R. SANCHEZ, R. SANTUCCI , J. TOGACHISCO, J. TOLEDO, L. BRANDAN. DT. ANTONIO SOSA, DELEGADO GUSTAVO NEIRINO.<\/p>\n<p style=\"text-align: justify\">Con el comienzo del siglo la Liga departamental San Mart\u00edn decidi\u00f3 incorporar una nueva categor\u00eda entre sus campeonatos FUTBOL SENIOR. Implement\u00f3 un reglamento que consist\u00eda fundamentalmente en que los equipos se integrar\u00edan con jugadores mayores de 40 a\u00f1os .<\/p>\n<p style=\"text-align: justify\">Con la participaci\u00f3n de varios clubes afiliados a la liga se lleva a cabo el primer torneo durante todo el a\u00f1o 2003, ganado por CLUB ATLETICO TREBOLENSE .que repite en 2004 y 2006. Sale 3 \u00ba en\u00a0\u00a0 2005. Subcampe\u00f3n en 2007. Los planteles que integraron estos equipos campeones y subcampeones fueron integrados por los siguientes jugadores y cuerpos t\u00e9cnicos: HORACIO MONA DOMINGUEZ, JORGE MONA LAURENTI,MARCELO PICHI BRUSA,HORACIO MARZUCCO,ALDO IBARRA,ALBERTO BONINO,HUGO JAPO DEPETRIS,HERALDO TATIN MONDINO,EDUARDO PATO CARIGNANO,ALFREDO PIRI MUYA,MARCELO FLACO TURLETTI,ALEJANDRO MENNA,GABRIEL CARIGNANO,RICARDO OSUNA,MARCELO FLACO POZZI,JORGE MALEVO FERREYRA,ANSELMO CATY SUAREZ,MARIO CALCATERRA,SERGIO MELLI DIAZ, RAMON CANSADO SANCHEZ, ARIEL BOLITA CALVO ,HUGO MUSACHI, CLAUDIO SCUOTRI OAKY,JULIAN LULI BOASSO,RICARDO MORBELLI,EL GITANO CARRIZO,RAUL BA\u00d1A CASTAGNO,CARLOS HUENS, DANIEL CAMERUN CELIO, ADRIAN RUPPEN, RICARDO LOMBARDO,FERRERO DANIEL,RICARDO ANSALDI,PABLO\u00a0 \u00a0CEPEDA,SERGIO\u00a0 \u00a0CHIABRANDO.<\/p>\n<p style=\"text-align: justify\">DIRECTOR TECNICO( a\u00f1os:2003,2004,2005) DANIEL BICHITO PONCIO Y 2006 EL TECNICO FUE JORGE LAURENTI . DANIEL MICHELOTTI FUE PLANILLERO TODOS ESOS A\u00d1OS. En el a\u00f1o 2007 con Jorge Laurenti nuevamente de director t\u00e9cnico se logra el subcampeonato.<\/p>\n<p style=\"text-align: justify\">A partir del a\u00f1o 2008 comienza la etapa de ANTONIO TUNI SOSA que se extiende por varios a\u00f1os, como DIRECTOR TECNICO encargado general de la actividad.<\/p>\n<p style=\"text-align: justify\">Se suma por estos a\u00f1os Ruben Depetris que se desempe\u00f1ar\u00eda como preparador f\u00edsico y mano derecha de Antonio Sosa.<\/p>\n<p style=\"text-align: justify\">Recordemos que esta es la segunda etapa de Antonio , ya que fue el t\u00e9cnico del equipo campe\u00f3n Internacional en Chile en la d\u00e9cada del noventa cuando no exist\u00eda el campeonato de la Liga San Martin y Trebolense ya era pionero en esta actividad .<\/p>\n<p style=\"text-align: justify\">Como se fueron retirando jugadores por diversas cuestiones, tambi\u00e9n se incorporaron otros como: DARIO LUIS PIETRANI que fallece por Covid estando como toda su vida en plena actividad, defendiendo con toda su pasi\u00f3n el arco de su querido Trebolense. MARCELO MANI FERNANDEZ, MARIO OVIEDO, SILVIO GATTARIO, HUGO MOYANO, JOSE CELIZ, JORGE AMBORT, CRISTIAN TATAN CARIGNANO, HERNAN MANASSERI, RAMON GOMEZ, GONZALO PIETRANI, MARTIN BOASSO , GERMAN CRAVERO.<\/p>\n<p style=\"text-align: justify\"><strong>Alberto Bonino.<\/strong><\/p>\n<p style=\"text-align: justify\">Grandes futbolistas que siguen disfrutando el pastito y la redonda. Nunca dejaron de jugar. Algunos con menos pelo, con alg\u00fan kilito dem\u00e1s, con musleras y tobilleras para prevenir lesiones, la cita de los s\u00e1bados a la tarde que ellos mismos denominaron \u00abLa B\u00bb en la d\u00e9cada de 1970-1980 en la cancha auxiliar era imperdible.<\/p>\n<p style=\"text-align: justify\">Observando las fotos, muchos de ellos han jugado en categor\u00edas puntables de la Liga San Mart\u00edn y de otras ligas. Manifiestan que la adrenalina del vestuario, compartir plantel con compa\u00f1eros de otras batallas futbol\u00edsticas, ingresar a una cancha luego de los 40, vivir un partido y un campeonato tan intensamente es algo que no \u00abpueden\u00bb abandonar. Pues, adelante muchachos.<\/p>\n\r\n                <style type=\"text\/css\">\r\n                    \r\n                    #tdi_2  .td-doubleSlider-2 .td-item1 {\r\n                        background: url(https:\/\/trebolense.com.ar\/archivo\/wp-content\/uploads\/2026\/04\/2021.jpg) 0 0 no-repeat;\r\n                    }\r\n                    #tdi_2  .td-doubleSlider-2 .td-item2 {\r\n                        background: url(https:\/\/trebolense.com.ar\/archivo\/wp-content\/uploads\/2026\/04\/futbol-senior-cat-cat.jpeg) 0 0 no-repeat;\r\n                    }\r\n                    #tdi_2  .td-doubleSlider-2 .td-item3 {\r\n                        background: url(https:\/\/trebolense.com.ar\/archivo\/wp-content\/uploads\/2026\/04\/futbol-senior-trebolense-alberto-bonino-2021.jpg) 0 0 no-repeat;\r\n                    }\r\n                    #tdi_2  .td-doubleSlider-2 .td-item4 {\r\n                        background: url(https:\/\/trebolense.com.ar\/archivo\/wp-content\/uploads\/2026\/04\/trebolense-futbol-senior-2023.jpg) 0 0 no-repeat;\r\n                    }\r\n                    #tdi_2  .td-doubleSlider-2 .td-item5 {\r\n                        background: url(https:\/\/trebolense.com.ar\/archivo\/wp-content\/uploads\/2026\/04\/VS-CASTELAR.jpg) 0 0 no-repeat;\r\n                    }\r\n                    #tdi_2  .td-doubleSlider-2 .td-item6 {\r\n                        background: url(https:\/\/trebolense.com.ar\/archivo\/wp-content\/uploads\/2026\/04\/trebolense-senior-2023-3.jpg) 0 0 no-repeat;\r\n                    }\r\n                    #tdi_2  .td-doubleSlider-2 .td-item7 {\r\n                        background: url(https:\/\/trebolense.com.ar\/archivo\/wp-content\/uploads\/2026\/04\/trebolense-senior-2024-clasico.jpg) 0 0 no-repeat;\r\n                    }\r\n                    #tdi_2  .td-doubleSlider-2 .td-item8 {\r\n                        background: url(https:\/\/trebolense.com.ar\/archivo\/wp-content\/uploads\/2026\/04\/2026.jpeg) 0 0 no-repeat;\r\n                    }\r\n                <\/style>\r\n\r\n                <div id=\"tdi_2\" class=\"td-gallery td-slide-on-2-columns\">\r\n                    <div class=\"post_td_gallery\">\r\n                        <div class=\"td-gallery-slide-top\">\r\n                           <div class=\"td-gallery-title\"><\/div>\r\n\r\n                            <div class=\"td-gallery-controls-wrapper\">\r\n                                <div class=\"td-gallery-slide-count\"><span class=\"td-gallery-slide-item-focus\">1<\/span> de 8<\/div>\r\n                                <div class=\"td-gallery-slide-prev-next-but\">\r\n                                    <i class = \"td-icon-left doubleSliderPrevButton\"><\/i>\r\n                                    <i class = \"td-icon-right doubleSliderNextButton\"><\/i>\r\n                                <\/div>\r\n                            <\/div>\r\n                        <\/div>\r\n\r\n                        <div class = \"td-doubleSlider-1 \">\r\n                            <div class = \"td-slider\">\r\n                                \r\n                    <div class = \"td-slide-item td-item1\">\r\n                        <figure class=\"td-slide-galery-figure td-slide-popup-gallery\">\r\n                            <a class=\"slide-gallery-image-link\" href=\"https:\/\/trebolense.com.ar\/archivo\/wp-content\/uploads\/2026\/04\/2021.jpg\" title=\"2021\"  data-caption=\"\"  data-description=\"\">\r\n                                <img decoding=\"async\" src=\"https:\/\/trebolense.com.ar\/archivo\/wp-content\/uploads\/2026\/04\/2021.jpg\" srcset=\"https:\/\/trebolense.com.ar\/archivo\/wp-content\/uploads\/2026\/04\/2021.jpg 1200w, https:\/\/trebolense.com.ar\/archivo\/wp-content\/uploads\/2026\/04\/2021-300x148.jpg 300w, https:\/\/trebolense.com.ar\/archivo\/wp-content\/uploads\/2026\/04\/2021-1024x503.jpg 1024w, https:\/\/trebolense.com.ar\/archivo\/wp-content\/uploads\/2026\/04\/2021-768x378.jpg 768w, https:\/\/trebolense.com.ar\/archivo\/wp-content\/uploads\/2026\/04\/2021-696x342.jpg 696w, https:\/\/trebolense.com.ar\/archivo\/wp-content\/uploads\/2026\/04\/2021-1068x525.jpg 1068w\" sizes=\"(max-width: 1200px) 100vw, 1200px\" alt=\"\">\r\n                            <\/a>\r\n                            \r\n                        <\/figure>\r\n                    <\/div>\r\n                    <div class = \"td-slide-item td-item2\">\r\n                        <figure class=\"td-slide-galery-figure td-slide-popup-gallery\">\r\n                            <a class=\"slide-gallery-image-link\" href=\"https:\/\/trebolense.com.ar\/archivo\/wp-content\/uploads\/2026\/04\/futbol-senior-cat-cat.jpeg\" title=\"futbol-senior-cat-cat\"  data-caption=\"\"  data-description=\"\">\r\n                                <img decoding=\"async\" src=\"https:\/\/trebolense.com.ar\/archivo\/wp-content\/uploads\/2026\/04\/futbol-senior-cat-cat.jpeg\" srcset=\"https:\/\/trebolense.com.ar\/archivo\/wp-content\/uploads\/2026\/04\/futbol-senior-cat-cat.jpeg 1200w, https:\/\/trebolense.com.ar\/archivo\/wp-content\/uploads\/2026\/04\/futbol-senior-cat-cat-300x169.jpeg 300w, https:\/\/trebolense.com.ar\/archivo\/wp-content\/uploads\/2026\/04\/futbol-senior-cat-cat-1024x576.jpeg 1024w, https:\/\/trebolense.com.ar\/archivo\/wp-content\/uploads\/2026\/04\/futbol-senior-cat-cat-768x432.jpeg 768w, https:\/\/trebolense.com.ar\/archivo\/wp-content\/uploads\/2026\/04\/futbol-senior-cat-cat-696x392.jpeg 696w, https:\/\/trebolense.com.ar\/archivo\/wp-content\/uploads\/2026\/04\/futbol-senior-cat-cat-1068x601.jpeg 1068w\" sizes=\"(max-width: 1200px) 100vw, 1200px\" alt=\"\">\r\n                            <\/a>\r\n                            \r\n                        <\/figure>\r\n                    <\/div>\r\n                    <div class = \"td-slide-item td-item3\">\r\n                        <figure class=\"td-slide-galery-figure td-slide-popup-gallery\">\r\n                            <a class=\"slide-gallery-image-link\" href=\"https:\/\/trebolense.com.ar\/archivo\/wp-content\/uploads\/2026\/04\/futbol-senior-trebolense-alberto-bonino-2021.jpg\" title=\"futbol-senior-trebolense-alberto-bonino-2021\"  data-caption=\"\"  data-description=\"\">\r\n                                <img decoding=\"async\" src=\"https:\/\/trebolense.com.ar\/archivo\/wp-content\/uploads\/2026\/04\/futbol-senior-trebolense-alberto-bonino-2021.jpg\" srcset=\"https:\/\/trebolense.com.ar\/archivo\/wp-content\/uploads\/2026\/04\/futbol-senior-trebolense-alberto-bonino-2021.jpg 1200w, https:\/\/trebolense.com.ar\/archivo\/wp-content\/uploads\/2026\/04\/futbol-senior-trebolense-alberto-bonino-2021-300x135.jpg 300w, https:\/\/trebolense.com.ar\/archivo\/wp-content\/uploads\/2026\/04\/futbol-senior-trebolense-alberto-bonino-2021-1024x462.jpg 1024w, https:\/\/trebolense.com.ar\/archivo\/wp-content\/uploads\/2026\/04\/futbol-senior-trebolense-alberto-bonino-2021-768x346.jpg 768w, https:\/\/trebolense.com.ar\/archivo\/wp-content\/uploads\/2026\/04\/futbol-senior-trebolense-alberto-bonino-2021-696x314.jpg 696w, https:\/\/trebolense.com.ar\/archivo\/wp-content\/uploads\/2026\/04\/futbol-senior-trebolense-alberto-bonino-2021-1068x481.jpg 1068w\" sizes=\"(max-width: 1200px) 100vw, 1200px\" alt=\"\">\r\n                            <\/a>\r\n                            \r\n                        <\/figure>\r\n                    <\/div>\r\n                    <div class = \"td-slide-item td-item4\">\r\n                        <figure class=\"td-slide-galery-figure td-slide-popup-gallery\">\r\n                            <a class=\"slide-gallery-image-link\" href=\"https:\/\/trebolense.com.ar\/archivo\/wp-content\/uploads\/2026\/04\/trebolense-futbol-senior-2023.jpg\" title=\"trebolense-futbol-senior-2023\"  data-caption=\"\"  data-description=\"\">\r\n                                <img decoding=\"async\" src=\"https:\/\/trebolense.com.ar\/archivo\/wp-content\/uploads\/2026\/04\/trebolense-futbol-senior-2023.jpg\" srcset=\"https:\/\/trebolense.com.ar\/archivo\/wp-content\/uploads\/2026\/04\/trebolense-futbol-senior-2023.jpg 1200w, https:\/\/trebolense.com.ar\/archivo\/wp-content\/uploads\/2026\/04\/trebolense-futbol-senior-2023-300x169.jpg 300w, https:\/\/trebolense.com.ar\/archivo\/wp-content\/uploads\/2026\/04\/trebolense-futbol-senior-2023-1024x576.jpg 1024w, https:\/\/trebolense.com.ar\/archivo\/wp-content\/uploads\/2026\/04\/trebolense-futbol-senior-2023-768x432.jpg 768w, https:\/\/trebolense.com.ar\/archivo\/wp-content\/uploads\/2026\/04\/trebolense-futbol-senior-2023-696x392.jpg 696w, https:\/\/trebolense.com.ar\/archivo\/wp-content\/uploads\/2026\/04\/trebolense-futbol-senior-2023-1068x601.jpg 1068w\" sizes=\"(max-width: 1200px) 100vw, 1200px\" alt=\"\">\r\n                            <\/a>\r\n                            \r\n                        <\/figure>\r\n                    <\/div>\r\n                    <div class = \"td-slide-item td-item5\">\r\n                        <figure class=\"td-slide-galery-figure td-slide-popup-gallery\">\r\n                            <a class=\"slide-gallery-image-link\" href=\"https:\/\/trebolense.com.ar\/archivo\/wp-content\/uploads\/2026\/04\/VS-CASTELAR.jpg\" title=\"VS CASTELAR\"  data-caption=\"\"  data-description=\"\">\r\n                                <img decoding=\"async\" src=\"https:\/\/trebolense.com.ar\/archivo\/wp-content\/uploads\/2026\/04\/VS-CASTELAR.jpg\" srcset=\"https:\/\/trebolense.com.ar\/archivo\/wp-content\/uploads\/2026\/04\/VS-CASTELAR.jpg 1200w, https:\/\/trebolense.com.ar\/archivo\/wp-content\/uploads\/2026\/04\/VS-CASTELAR-300x135.jpg 300w, https:\/\/trebolense.com.ar\/archivo\/wp-content\/uploads\/2026\/04\/VS-CASTELAR-1024x461.jpg 1024w, https:\/\/trebolense.com.ar\/archivo\/wp-content\/uploads\/2026\/04\/VS-CASTELAR-768x346.jpg 768w, https:\/\/trebolense.com.ar\/archivo\/wp-content\/uploads\/2026\/04\/VS-CASTELAR-696x313.jpg 696w, https:\/\/trebolense.com.ar\/archivo\/wp-content\/uploads\/2026\/04\/VS-CASTELAR-1068x481.jpg 1068w\" sizes=\"(max-width: 1200px) 100vw, 1200px\" alt=\"\">\r\n                            <\/a>\r\n                            \r\n                        <\/figure>\r\n                    <\/div>\r\n                    <div class = \"td-slide-item td-item6\">\r\n                        <figure class=\"td-slide-galery-figure td-slide-popup-gallery\">\r\n                            <a class=\"slide-gallery-image-link\" href=\"https:\/\/trebolense.com.ar\/archivo\/wp-content\/uploads\/2026\/04\/trebolense-senior-2023-3.jpg\" title=\"trebolense-senior-2023-3\"  data-caption=\"\"  data-description=\"\">\r\n                                <img decoding=\"async\" src=\"https:\/\/trebolense.com.ar\/archivo\/wp-content\/uploads\/2026\/04\/trebolense-senior-2023-3.jpg\" srcset=\"https:\/\/trebolense.com.ar\/archivo\/wp-content\/uploads\/2026\/04\/trebolense-senior-2023-3.jpg 1200w, https:\/\/trebolense.com.ar\/archivo\/wp-content\/uploads\/2026\/04\/trebolense-senior-2023-3-300x169.jpg 300w, https:\/\/trebolense.com.ar\/archivo\/wp-content\/uploads\/2026\/04\/trebolense-senior-2023-3-1024x576.jpg 1024w, https:\/\/trebolense.com.ar\/archivo\/wp-content\/uploads\/2026\/04\/trebolense-senior-2023-3-768x432.jpg 768w, https:\/\/trebolense.com.ar\/archivo\/wp-content\/uploads\/2026\/04\/trebolense-senior-2023-3-696x392.jpg 696w, https:\/\/trebolense.com.ar\/archivo\/wp-content\/uploads\/2026\/04\/trebolense-senior-2023-3-1068x601.jpg 1068w\" sizes=\"(max-width: 1200px) 100vw, 1200px\" alt=\"\">\r\n                            <\/a>\r\n                            \r\n                        <\/figure>\r\n                    <\/div>\r\n                    <div class = \"td-slide-item td-item7\">\r\n                        <figure class=\"td-slide-galery-figure td-slide-popup-gallery\">\r\n                            <a class=\"slide-gallery-image-link\" href=\"https:\/\/trebolense.com.ar\/archivo\/wp-content\/uploads\/2026\/04\/trebolense-senior-2024-clasico.jpg\" title=\"trebolense-senior-2024-clasico\"  data-caption=\"\"  data-description=\"\">\r\n                                <img decoding=\"async\" src=\"https:\/\/trebolense.com.ar\/archivo\/wp-content\/uploads\/2026\/04\/trebolense-senior-2024-clasico.jpg\" srcset=\"https:\/\/trebolense.com.ar\/archivo\/wp-content\/uploads\/2026\/04\/trebolense-senior-2024-clasico.jpg 1200w, https:\/\/trebolense.com.ar\/archivo\/wp-content\/uploads\/2026\/04\/trebolense-senior-2024-clasico-300x135.jpg 300w, https:\/\/trebolense.com.ar\/archivo\/wp-content\/uploads\/2026\/04\/trebolense-senior-2024-clasico-1024x462.jpg 1024w, https:\/\/trebolense.com.ar\/archivo\/wp-content\/uploads\/2026\/04\/trebolense-senior-2024-clasico-768x346.jpg 768w, https:\/\/trebolense.com.ar\/archivo\/wp-content\/uploads\/2026\/04\/trebolense-senior-2024-clasico-696x314.jpg 696w, https:\/\/trebolense.com.ar\/archivo\/wp-content\/uploads\/2026\/04\/trebolense-senior-2024-clasico-1068x481.jpg 1068w\" sizes=\"(max-width: 1200px) 100vw, 1200px\" alt=\"\">\r\n                            <\/a>\r\n                            \r\n                        <\/figure>\r\n                    <\/div>\r\n                    <div class = \"td-slide-item td-item8\">\r\n                        <figure class=\"td-slide-galery-figure td-slide-popup-gallery\">\r\n                            <a class=\"slide-gallery-image-link\" href=\"https:\/\/trebolense.com.ar\/archivo\/wp-content\/uploads\/2026\/04\/2026.jpeg\" title=\"2026\"  data-caption=\"\"  data-description=\"\">\r\n                                <img decoding=\"async\" src=\"https:\/\/trebolense.com.ar\/archivo\/wp-content\/uploads\/2026\/04\/2026.jpeg\" srcset=\"https:\/\/trebolense.com.ar\/archivo\/wp-content\/uploads\/2026\/04\/2026.jpeg 1200w, https:\/\/trebolense.com.ar\/archivo\/wp-content\/uploads\/2026\/04\/2026-300x169.jpeg 300w, https:\/\/trebolense.com.ar\/archivo\/wp-content\/uploads\/2026\/04\/2026-1024x576.jpeg 1024w, https:\/\/trebolense.com.ar\/archivo\/wp-content\/uploads\/2026\/04\/2026-768x432.jpeg 768w, https:\/\/trebolense.com.ar\/archivo\/wp-content\/uploads\/2026\/04\/2026-696x392.jpeg 696w, https:\/\/trebolense.com.ar\/archivo\/wp-content\/uploads\/2026\/04\/2026-1068x601.jpeg 1068w\" sizes=\"(max-width: 1200px) 100vw, 1200px\" alt=\"\">\r\n                            <\/a>\r\n                            \r\n                        <\/figure>\r\n                    <\/div>\r\n                            <\/div>\r\n                        <\/div>\r\n\r\n                        <div class = \"td-doubleSlider-2\">\r\n                            <div class = \"td-slider\">\r\n                                \r\n                    <div class = \"td-button td-item1\">\r\n                        <div class = \"td-border\"><\/div>\r\n                    <\/div>\r\n                    <div class = \"td-button td-item2\">\r\n                        <div class = \"td-border\"><\/div>\r\n                    <\/div>\r\n                    <div class = \"td-button td-item3\">\r\n                        <div class = \"td-border\"><\/div>\r\n                    <\/div>\r\n                    <div class = \"td-button td-item4\">\r\n                        <div class = \"td-border\"><\/div>\r\n                    <\/div>\r\n                    <div class = \"td-button td-item5\">\r\n                        <div class = \"td-border\"><\/div>\r\n                    <\/div>\r\n                    <div class = \"td-button td-item6\">\r\n                        <div class = \"td-border\"><\/div>\r\n                    <\/div>\r\n                    <div class = \"td-button td-item7\">\r\n                        <div class = \"td-border\"><\/div>\r\n                    <\/div>\r\n                    <div class = \"td-button td-item8\">\r\n                        <div class = \"td-border\"><\/div>\r\n                    <\/div>\r\n                            <\/div>\r\n                        <\/div>\r\n\r\n                    <\/div>\r\n\r\n                <\/div>\r\n                \n<figure id=\"attachment_2670\" aria-describedby=\"caption-attachment-2670\" style=\"width: 300px\" class=\"wp-caption aligncenter\"><a href=\"https:\/\/trebolense.com.ar\/archivo\/wp-content\/uploads\/2026\/04\/PLANTEL-CAMPEON-APERTURA-2024.jpg\"><img loading=\"lazy\" decoding=\"async\" class=\"wp-image-2670 size-medium\" src=\"https:\/\/trebolense.com.ar\/archivo\/wp-content\/uploads\/2026\/04\/PLANTEL-CAMPEON-APERTURA-2024-300x192.jpg\" alt=\"\" width=\"300\" height=\"192\" srcset=\"https:\/\/trebolense.com.ar\/archivo\/wp-content\/uploads\/2026\/04\/PLANTEL-CAMPEON-APERTURA-2024-300x192.jpg 300w, https:\/\/trebolense.com.ar\/archivo\/wp-content\/uploads\/2026\/04\/PLANTEL-CAMPEON-APERTURA-2024-1024x654.jpg 1024w, https:\/\/trebolense.com.ar\/archivo\/wp-content\/uploads\/2026\/04\/PLANTEL-CAMPEON-APERTURA-2024-768x491.jpg 768w, https:\/\/trebolense.com.ar\/archivo\/wp-content\/uploads\/2026\/04\/PLANTEL-CAMPEON-APERTURA-2024-696x445.jpg 696w, https:\/\/trebolense.com.ar\/archivo\/wp-content\/uploads\/2026\/04\/PLANTEL-CAMPEON-APERTURA-2024-1068x682.jpg 1068w, https:\/\/trebolense.com.ar\/archivo\/wp-content\/uploads\/2026\/04\/PLANTEL-CAMPEON-APERTURA-2024.jpg 1191w\" sizes=\"auto, (max-width: 300px) 100vw, 300px\" \/><\/a><figcaption id=\"caption-attachment-2670\" class=\"wp-caption-text\">Campe\u00f3n Apertura 2024<\/figcaption><\/figure>\n<figure id=\"attachment_2671\" aria-describedby=\"caption-attachment-2671\" style=\"width: 300px\" class=\"wp-caption aligncenter\"><a href=\"https:\/\/trebolense.com.ar\/archivo\/wp-content\/uploads\/2026\/04\/FUTBOL-SENIOR-CAMPEON-INVICTO-T.A.jpg\"><img loading=\"lazy\" decoding=\"async\" class=\"wp-image-2671 size-medium\" src=\"https:\/\/trebolense.com.ar\/archivo\/wp-content\/uploads\/2026\/04\/FUTBOL-SENIOR-CAMPEON-INVICTO-T.A-300x169.jpg\" alt=\"\" width=\"300\" height=\"169\" srcset=\"https:\/\/trebolense.com.ar\/archivo\/wp-content\/uploads\/2026\/04\/FUTBOL-SENIOR-CAMPEON-INVICTO-T.A-300x169.jpg 300w, https:\/\/trebolense.com.ar\/archivo\/wp-content\/uploads\/2026\/04\/FUTBOL-SENIOR-CAMPEON-INVICTO-T.A-1024x576.jpg 1024w, https:\/\/trebolense.com.ar\/archivo\/wp-content\/uploads\/2026\/04\/FUTBOL-SENIOR-CAMPEON-INVICTO-T.A-768x432.jpg 768w, https:\/\/trebolense.com.ar\/archivo\/wp-content\/uploads\/2026\/04\/FUTBOL-SENIOR-CAMPEON-INVICTO-T.A-696x392.jpg 696w, https:\/\/trebolense.com.ar\/archivo\/wp-content\/uploads\/2026\/04\/FUTBOL-SENIOR-CAMPEON-INVICTO-T.A-1068x601.jpg 1068w, https:\/\/trebolense.com.ar\/archivo\/wp-content\/uploads\/2026\/04\/FUTBOL-SENIOR-CAMPEON-INVICTO-T.A.jpg 1200w\" sizes=\"auto, (max-width: 300px) 100vw, 300px\" \/><\/a><figcaption id=\"caption-attachment-2671\" class=\"wp-caption-text\">Campe\u00f3n invito 2024<\/figcaption><\/figure>\n<p>Mencionamos a los Directores T\u00e9cnicos de los Planteles de Futbol Senior: Daniel Poncio, Daniel Michelotti, Jorge Laurenti, Gabriel Carignano, Antonio Sosa, Rub\u00e9n Depetris, Maxiiliano Ellena, Roberto Ordo\u00f1ez, Franco Casa\u00f1as.<\/p>\n<p>&nbsp;<\/p>\n<blockquote class=\"td_quote_box td_box_center\"><p><span class=\"td_btn td_btn_sm td_default_btn td_outlined_btn\">El presente Archivo Hist\u00f3rico digitalizado ha sido confeccionado con los materiales\u00a0 resguardados en el tiempo por la instituci\u00f3n. El mismo no es cerrado y puede ser enriquecido por los protagonistas y familiares aportando datos y fotograf\u00edas. Contacto: archivohistorico@trebolense.com<\/span><\/p><\/blockquote>\n<p>&nbsp;<\/p>\n<p>&nbsp;<\/p>\n<p>&nbsp;<\/p>\n<p>&nbsp;<\/p>\n<p>&nbsp;<\/p>\n<p>&nbsp;<\/p>\n","protected":false},"excerpt":{"rendered":"<p>A diario asistimos, y se menciona en los programas deportivos, acerca de la problem\u00e1tica que aqueja a los futbolistas cuando se llega a la edad del retiro de la pr\u00e1ctica activa del futbol. En nuestra ciudad existen excepcionales exjugadores de futbol que han atravesado por esos trances dificultosos. Pero as\u00ed como fueron buenos jugadores han [&hellip;]<\/p>\n","protected":false},"author":2,"featured_media":2672,"comment_status":"closed","ping_status":"closed","sticky":false,"template":"","format":"standard","meta":{"footnotes":""},"categories":[9,148],"tags":[],"class_list":["post-2569","post","type-post","status-publish","format-standard","has-post-thumbnail","category-deportes","category-futbol-senior"],"_links":{"self":[{"href":"https:\/\/trebolense.com.ar\/archivo\/wp-json\/wp\/v2\/posts\/2569","targetHints":{"allow":["GET"]}}],"collection":[{"href":"https:\/\/trebolense.com.ar\/archivo\/wp-json\/wp\/v2\/posts"}],"about":[{"href":"https:\/\/trebolense.com.ar\/archivo\/wp-json\/wp\/v2\/types\/post"}],"author":[{"embeddable":true,"href":"https:\/\/trebolense.com.ar\/archivo\/wp-json\/wp\/v2\/users\/2"}],"replies":[{"embeddable":true,"href":"https:\/\/trebolense.com.ar\/archivo\/wp-json\/wp\/v2\/comments?post=2569"}],"version-history":[{"count":20,"href":"https:\/\/trebolense.com.ar\/archivo\/wp-json\/wp\/v2\/posts\/2569\/revisions"}],"predecessor-version":[{"id":3419,"href":"https:\/\/trebolense.com.ar\/archivo\/wp-json\/wp\/v2\/posts\/2569\/revisions\/3419"}],"wp:featuredmedia":[{"embeddable":true,"href":"https:\/\/trebolense.com.ar\/archivo\/wp-json\/wp\/v2\/media\/2672"}],"wp:attachment":[{"href":"https:\/\/trebolense.com.ar\/archivo\/wp-json\/wp\/v2\/media?parent=2569"}],"wp:term":[{"taxonomy":"category","embeddable":true,"href":"https:\/\/trebolense.com.ar\/archivo\/wp-json\/wp\/v2\/categories?post=2569"},{"taxonomy":"post_tag","embeddable":true,"href":"https:\/\/trebolense.com.ar\/archivo\/wp-json\/wp\/v2\/tags?post=2569"}],"curies":[{"name":"wp","href":"https:\/\/api.w.org\/{rel}","templated":true}]}}