{"id":1956,"date":"2026-02-15T13:16:24","date_gmt":"2026-02-15T16:16:24","guid":{"rendered":"https:\/\/trebolense.com.ar\/archivo\/?p=1956"},"modified":"2026-04-15T10:35:31","modified_gmt":"2026-04-15T13:35:31","slug":"fiesta-de-la-ordenadora","status":"publish","type":"post","link":"https:\/\/trebolense.com.ar\/archivo\/fiesta-de-la-ordenadora\/","title":{"rendered":"Fiesta de la Orde\u00f1adora"},"content":{"rendered":"<p style=\"text-align: justify\">En la d\u00e9cada de 1980, El Tr\u00e9bol que era una pujante localidad de la Provincia de Santa Fe, sobresal\u00eda y se distingu\u00eda por su actividad industrial emblem\u00e1tica, enclavada en una muy rica cuenca lechera, como lo era la f\u00e1brica de m\u00e1quinas orde\u00f1adoras. Para ese entonces hab\u00eda en nuestro pueblo cinco f\u00e1bricas del rubro.<a href=\"https:\/\/trebolense.com.ar\/archivo\/wp-content\/uploads\/2026\/02\/LOGO.jpg\"><img loading=\"lazy\" decoding=\"async\" class=\"wp-image-2069 alignright\" src=\"https:\/\/trebolense.com.ar\/archivo\/wp-content\/uploads\/2026\/02\/LOGO-229x300.jpg\" alt=\"\" width=\"139\" height=\"182\" srcset=\"https:\/\/trebolense.com.ar\/archivo\/wp-content\/uploads\/2026\/02\/LOGO-229x300.jpg 229w, https:\/\/trebolense.com.ar\/archivo\/wp-content\/uploads\/2026\/02\/LOGO-780x1024.jpg 780w, https:\/\/trebolense.com.ar\/archivo\/wp-content\/uploads\/2026\/02\/LOGO-768x1008.jpg 768w, https:\/\/trebolense.com.ar\/archivo\/wp-content\/uploads\/2026\/02\/LOGO-696x914.jpg 696w, https:\/\/trebolense.com.ar\/archivo\/wp-content\/uploads\/2026\/02\/LOGO.jpg 914w\" sizes=\"auto, (max-width: 139px) 100vw, 139px\" \/><\/a><\/p>\n<p style=\"text-align: justify\">Adem\u00e1s, en v\u00edsperas de ser declarada ciudad, El Tr\u00e9bol hab\u00eda sido cuna de la primera f\u00e1brica de orde\u00f1adoras del pa\u00eds, habiendo surgido del seno de una de las familias tradicionales de la localidad, la familia de don Alfredo Bosio.<\/p>\n<p style=\"text-align: justify\"><strong>La idea primigenia\u00a0<\/strong>Edilio Ar\u00e9valo, qui\u00e9n presid\u00eda la Subcomisi\u00f3n de folklore de CAT y era miembro de la Comisi\u00f3n Directiva lanza la idea de iniciar las gestiones para que El Tr\u00e9bol sea designada como \u00abSede de la Fiesta Provincial de la Orde\u00f1adora\u00bb y a su vez a Club Trebolense como la entidad organizadora de la misma. Ten\u00eda por objeto rendir un justo homenaje a todos aquellos que hicieron viable el crecimiento y desarrollo de esta industria que le hab\u00eda otorgado a El Tr\u00e9bol una proyecci\u00f3n nacional e internacional.<\/p>\n<p style=\"text-align: justify\">La idea fue tomada con sumo benepl\u00e1cito por la Comisi\u00f3n Directiva que presid\u00eda el Ing. Enrique Bosio y as\u00ed, por Decreto Provincial N\u00ba 0455 del 22 de Febrero de 1984 se obtiene la designaci\u00f3n de El Tr\u00e9bol como Sede de la Fiesta Provincial de la Orde\u00f1adora y a Trebolense como Instituci\u00f3n organizadora de la misma. A continuaci\u00f3n una foto a\u00e9rea de la primera fiesta.<\/p>\n<p><a style=\"color: #4db2ec;text-align: justify\" href=\"https:\/\/trebolense.com.ar\/archivo\/wp-content\/uploads\/2026\/02\/1984.jpg\"><img loading=\"lazy\" decoding=\"async\" class=\"aligncenter wp-image-1973 size-full\" src=\"https:\/\/trebolense.com.ar\/archivo\/wp-content\/uploads\/2026\/02\/1984.jpg\" alt=\"\" width=\"1200\" height=\"790\" srcset=\"https:\/\/trebolense.com.ar\/archivo\/wp-content\/uploads\/2026\/02\/1984.jpg 1200w, https:\/\/trebolense.com.ar\/archivo\/wp-content\/uploads\/2026\/02\/1984-300x198.jpg 300w, https:\/\/trebolense.com.ar\/archivo\/wp-content\/uploads\/2026\/02\/1984-1024x674.jpg 1024w, https:\/\/trebolense.com.ar\/archivo\/wp-content\/uploads\/2026\/02\/1984-768x506.jpg 768w, https:\/\/trebolense.com.ar\/archivo\/wp-content\/uploads\/2026\/02\/1984-696x458.jpg 696w, https:\/\/trebolense.com.ar\/archivo\/wp-content\/uploads\/2026\/02\/1984-1068x703.jpg 1068w\" sizes=\"auto, (max-width: 1200px) 100vw, 1200px\" \/><\/a><\/p>\n<p style=\"text-align: justify\">Como conclusi\u00f3n, los d\u00edas 5,6,7 y 8 de Abril de l984 se realiza la Primera Fiesta Provincial de la Orde\u00f1adora asistiendo a la misma autoridades provinciales, locales y de instituciones vecinas que engalanaron los cuatro d\u00edas de festejos que conten\u00edan adem\u00e1s charlas informativas, debates, exposiciones y espect\u00e1culos. Concurrieron a la muestra 160 expositores, 116 stands comerciales e industriales y una asistencia de publico estimada en m\u00e1s de 15.000 personas. Presid\u00eda la Comisi\u00f3n de festejos el Sr. Roberto Colom\u00e9, afamado industrial de nuestro medio y perteneciente a la Comisi\u00f3n Directiva del Club.<a href=\"https:\/\/trebolense.com.ar\/archivo\/wp-content\/uploads\/2026\/02\/1985.jpg\"><img loading=\"lazy\" decoding=\"async\" class=\"wp-image-1974 aligncenter\" src=\"https:\/\/trebolense.com.ar\/archivo\/wp-content\/uploads\/2026\/02\/1985-300x211.jpg\" alt=\"\" width=\"403\" height=\"284\" srcset=\"https:\/\/trebolense.com.ar\/archivo\/wp-content\/uploads\/2026\/02\/1985-300x211.jpg 300w, https:\/\/trebolense.com.ar\/archivo\/wp-content\/uploads\/2026\/02\/1985-1024x719.jpg 1024w, https:\/\/trebolense.com.ar\/archivo\/wp-content\/uploads\/2026\/02\/1985-768x539.jpg 768w, https:\/\/trebolense.com.ar\/archivo\/wp-content\/uploads\/2026\/02\/1985-696x488.jpg 696w, https:\/\/trebolense.com.ar\/archivo\/wp-content\/uploads\/2026\/02\/1985-1068x749.jpg 1068w, https:\/\/trebolense.com.ar\/archivo\/wp-content\/uploads\/2026\/02\/1985.jpg 1200w\" sizes=\"auto, (max-width: 403px) 100vw, 403px\" \/><\/a>Al a\u00f1o siguiente, la importancia del evento traspasar\u00eda las esferas provinciales y a trav\u00e9s de la Secretar\u00eda de Comercio de la Naci\u00f3n, en los d\u00edas 11,12,13 y 14 de Abril de 1985 se realizar\u00eda la Primera Fiesta Nacional y Segunda Fiesta Provincial de la Orde\u00f1adora. Con el Auspicio del Ministerio de Agricultura de la Provincia de Santa Fe, la Direcci\u00f3n de Deportes y Turismo Provincial, la Municipalidad de El Tr\u00e9bol y el INTA. Como el a\u00f1o anterior volvi\u00f3 a brillar la \u00abExposici\u00f3n Industrial y Comercial\u00bb y con un resultado similar a la primera muestra en cuanto a p\u00fablico asistente.<a href=\"https:\/\/trebolense.com.ar\/archivo\/wp-content\/uploads\/2026\/02\/VERNET.jpg\"><img loading=\"lazy\" decoding=\"async\" class=\" wp-image-1979 aligncenter\" src=\"https:\/\/trebolense.com.ar\/archivo\/wp-content\/uploads\/2026\/02\/VERNET-300x208.jpg\" alt=\"\" width=\"365\" height=\"253\" srcset=\"https:\/\/trebolense.com.ar\/archivo\/wp-content\/uploads\/2026\/02\/VERNET-300x208.jpg 300w, https:\/\/trebolense.com.ar\/archivo\/wp-content\/uploads\/2026\/02\/VERNET-1024x709.jpg 1024w, https:\/\/trebolense.com.ar\/archivo\/wp-content\/uploads\/2026\/02\/VERNET-768x532.jpg 768w, https:\/\/trebolense.com.ar\/archivo\/wp-content\/uploads\/2026\/02\/VERNET-218x150.jpg 218w, https:\/\/trebolense.com.ar\/archivo\/wp-content\/uploads\/2026\/02\/VERNET-696x482.jpg 696w, https:\/\/trebolense.com.ar\/archivo\/wp-content\/uploads\/2026\/02\/VERNET-1068x740.jpg 1068w, https:\/\/trebolense.com.ar\/archivo\/wp-content\/uploads\/2026\/02\/VERNET.jpg 1200w\" sizes=\"auto, (max-width: 365px) 100vw, 365px\" \/><\/a>Realce de la Fiesta en su inauguraci\u00f3n con la visita del Sr. Gobernador de la Provincia Cdor. Jos\u00e9 Mar\u00eda Vernet a qui\u00e9n acompa\u00f1aron ministros y autoridades locales y departamentales. El Intendente Municipal Cdor. \u00c1ngel Rossi y el Presidente de Club Trebolense Dr. Carlos L\u00e9pore acompa\u00f1ados por representantes de la Empresa organizadora de Eventos Ernesto Mariano y Beatriz Mori\u00f1igo. <a href=\"https:\/\/trebolense.com.ar\/archivo\/wp-content\/uploads\/2026\/02\/1984-1.jpg\">\u00a0\u00a0<img loading=\"lazy\" decoding=\"async\" class=\" wp-image-1971 aligncenter\" src=\"https:\/\/trebolense.com.ar\/archivo\/wp-content\/uploads\/2026\/02\/1984-1-300x217.jpg\" alt=\"\" width=\"351\" height=\"254\" srcset=\"https:\/\/trebolense.com.ar\/archivo\/wp-content\/uploads\/2026\/02\/1984-1-300x217.jpg 300w, https:\/\/trebolense.com.ar\/archivo\/wp-content\/uploads\/2026\/02\/1984-1-1024x742.jpg 1024w, https:\/\/trebolense.com.ar\/archivo\/wp-content\/uploads\/2026\/02\/1984-1-768x556.jpg 768w, https:\/\/trebolense.com.ar\/archivo\/wp-content\/uploads\/2026\/02\/1984-1-696x504.jpg 696w, https:\/\/trebolense.com.ar\/archivo\/wp-content\/uploads\/2026\/02\/1984-1-1068x773.jpg 1068w, https:\/\/trebolense.com.ar\/archivo\/wp-content\/uploads\/2026\/02\/1984-1.jpg 1200w\" sizes=\"auto, (max-width: 351px) 100vw, 351px\" \/><\/a><\/p>\n<p style=\"text-align: justify\">En 1986 los d\u00edas 10,11,12 y 13 de Abril se llevar\u00eda a cabo la Segunda Fiesta Nacional y Tercera Fiesta Provincial de la Orde\u00f1adora. Muestra extraordinaria de la Industria y el Comercio de la regi\u00f3n. Durante esa fiesta se homenaje\u00f3 a los pioneros en la fabricaci\u00f3n de la Orde\u00f1adora, hecho ocurrido por los a\u00f1os 1950 con la fabricaci\u00f3n de la primera m\u00e1quina de orde\u00f1ar.<\/p>\n<p style=\"text-align: justify\"><a href=\"https:\/\/trebolense.com.ar\/archivo\/wp-content\/uploads\/2026\/02\/BOSIO.jpg\"><img loading=\"lazy\" decoding=\"async\" class=\" wp-image-2000 aligncenter\" src=\"https:\/\/trebolense.com.ar\/archivo\/wp-content\/uploads\/2026\/02\/BOSIO-300x201.jpg\" alt=\"\" width=\"354\" height=\"237\" srcset=\"https:\/\/trebolense.com.ar\/archivo\/wp-content\/uploads\/2026\/02\/BOSIO-300x201.jpg 300w, https:\/\/trebolense.com.ar\/archivo\/wp-content\/uploads\/2026\/02\/BOSIO.jpg 650w\" sizes=\"auto, (max-width: 354px) 100vw, 354px\" \/><\/a>Correspond\u00eda rendir tributo a esta extraordinaria iniciativa, rescat\u00e1ndose con esto la imaginaci\u00f3n, la audacia y la visi\u00f3n de futuro de los que impulsaron una industria metalmec\u00e1nica ligada a la actividad lechera. Justo homenaje a la firma Alfredo Bosio e Hijos; Primera f\u00e1brica de Orde\u00f1adoras de la Argentina.<\/p>\n<p><a href=\"https:\/\/trebolense.com.ar\/archivo\/wp-content\/uploads\/2026\/02\/STAND-2.jpg\"><img loading=\"lazy\" decoding=\"async\" class=\" wp-image-1981 aligncenter\" src=\"https:\/\/trebolense.com.ar\/archivo\/wp-content\/uploads\/2026\/02\/STAND-2-300x213.jpg\" alt=\"\" width=\"390\" height=\"277\" srcset=\"https:\/\/trebolense.com.ar\/archivo\/wp-content\/uploads\/2026\/02\/STAND-2-300x213.jpg 300w, https:\/\/trebolense.com.ar\/archivo\/wp-content\/uploads\/2026\/02\/STAND-2-1024x727.jpg 1024w, https:\/\/trebolense.com.ar\/archivo\/wp-content\/uploads\/2026\/02\/STAND-2-768x545.jpg 768w, https:\/\/trebolense.com.ar\/archivo\/wp-content\/uploads\/2026\/02\/STAND-2-696x494.jpg 696w, https:\/\/trebolense.com.ar\/archivo\/wp-content\/uploads\/2026\/02\/STAND-2-1068x758.jpg 1068w, https:\/\/trebolense.com.ar\/archivo\/wp-content\/uploads\/2026\/02\/STAND-2.jpg 1200w\" sizes=\"auto, (max-width: 390px) 100vw, 390px\" \/><\/a> <a href=\"https:\/\/trebolense.com.ar\/archivo\/wp-content\/uploads\/2026\/02\/STAND-1.jpg\"><img loading=\"lazy\" decoding=\"async\" class=\" wp-image-1980 aligncenter\" src=\"https:\/\/trebolense.com.ar\/archivo\/wp-content\/uploads\/2026\/02\/STAND-1-300x213.jpg\" alt=\"\" width=\"393\" height=\"279\" srcset=\"https:\/\/trebolense.com.ar\/archivo\/wp-content\/uploads\/2026\/02\/STAND-1-300x213.jpg 300w, https:\/\/trebolense.com.ar\/archivo\/wp-content\/uploads\/2026\/02\/STAND-1-1024x727.jpg 1024w, https:\/\/trebolense.com.ar\/archivo\/wp-content\/uploads\/2026\/02\/STAND-1-768x545.jpg 768w, https:\/\/trebolense.com.ar\/archivo\/wp-content\/uploads\/2026\/02\/STAND-1-696x494.jpg 696w, https:\/\/trebolense.com.ar\/archivo\/wp-content\/uploads\/2026\/02\/STAND-1-1068x758.jpg 1068w, https:\/\/trebolense.com.ar\/archivo\/wp-content\/uploads\/2026\/02\/STAND-1.jpg 1200w\" sizes=\"auto, (max-width: 393px) 100vw, 393px\" \/><\/a><\/p>\n<p><a href=\"https:\/\/trebolense.com.ar\/archivo\/wp-content\/uploads\/2026\/02\/STAND-3.jpg\"><img loading=\"lazy\" decoding=\"async\" class=\" wp-image-1982 aligncenter\" src=\"https:\/\/trebolense.com.ar\/archivo\/wp-content\/uploads\/2026\/02\/STAND-3-300x211.jpg\" alt=\"\" width=\"395\" height=\"278\" srcset=\"https:\/\/trebolense.com.ar\/archivo\/wp-content\/uploads\/2026\/02\/STAND-3-300x211.jpg 300w, https:\/\/trebolense.com.ar\/archivo\/wp-content\/uploads\/2026\/02\/STAND-3-1024x719.jpg 1024w, https:\/\/trebolense.com.ar\/archivo\/wp-content\/uploads\/2026\/02\/STAND-3-768x539.jpg 768w, https:\/\/trebolense.com.ar\/archivo\/wp-content\/uploads\/2026\/02\/STAND-3-696x488.jpg 696w, https:\/\/trebolense.com.ar\/archivo\/wp-content\/uploads\/2026\/02\/STAND-3-1068x749.jpg 1068w, https:\/\/trebolense.com.ar\/archivo\/wp-content\/uploads\/2026\/02\/STAND-3.jpg 1200w\" sizes=\"auto, (max-width: 395px) 100vw, 395px\" \/><\/a><\/p>\n<p style=\"text-align: justify\">En dicha fiesta, adem\u00e1s de la muestra industrial y comercial, Club Trebolense present\u00f3 a Mundo Marino desde San Clemente del Tuy\u00fa: : show de Delfines, Lobos Marinos, Focas y Ping\u00fcinos que hicieron las delicias de grandes y ni\u00f1os. Se cont\u00f3 con la visita de innumerables delegaciones escolares en d\u00edas posteriores. Todo realizado en las instalaciones del Natatorio del Club, en v\u00edsperas de una remodelaci\u00f3n que sobrevendr\u00eda al a\u00f1o siguiente.<a href=\"https:\/\/trebolense.com.ar\/archivo\/wp-content\/uploads\/2026\/02\/1986-3.jpg\"><img loading=\"lazy\" decoding=\"async\" class=\" wp-image-1977 aligncenter\" src=\"https:\/\/trebolense.com.ar\/archivo\/wp-content\/uploads\/2026\/02\/1986-3-300x217.jpg\" alt=\"\" width=\"391\" height=\"283\" srcset=\"https:\/\/trebolense.com.ar\/archivo\/wp-content\/uploads\/2026\/02\/1986-3-300x217.jpg 300w, https:\/\/trebolense.com.ar\/archivo\/wp-content\/uploads\/2026\/02\/1986-3-1024x742.jpg 1024w, https:\/\/trebolense.com.ar\/archivo\/wp-content\/uploads\/2026\/02\/1986-3-768x556.jpg 768w, https:\/\/trebolense.com.ar\/archivo\/wp-content\/uploads\/2026\/02\/1986-3-696x504.jpg 696w, https:\/\/trebolense.com.ar\/archivo\/wp-content\/uploads\/2026\/02\/1986-3-1068x773.jpg 1068w, https:\/\/trebolense.com.ar\/archivo\/wp-content\/uploads\/2026\/02\/1986-3.jpg 1200w\" sizes=\"auto, (max-width: 391px) 100vw, 391px\" \/><\/a>En la muestra del siguiente a\u00f1o (1987): la Tercera Nacional y Cuarta Provincial se procedi\u00f3 a la elecci\u00f3n de la Reina de la Fiesta de la Orde\u00f1adora, recayendo en esta primera instancia en la Srta. Mar\u00eda Andrea Sicoli, representante de la Municipalidad de la Ciudad de Coronda.<\/p>\n<p>Reinas Nacionales de la Orde\u00f1adora<\/p>\n\r\n                <style type=\"text\/css\">\r\n                    \r\n                    #tdi_1  .td-doubleSlider-2 .td-item1 {\r\n                        background: url(https:\/\/trebolense.com.ar\/archivo\/wp-content\/uploads\/2026\/02\/1-ANDREA-SICOLI-1987.jpg) 0 0 no-repeat;\r\n                    }\r\n                    #tdi_1  .td-doubleSlider-2 .td-item2 {\r\n                        background: url(https:\/\/trebolense.com.ar\/archivo\/wp-content\/uploads\/2026\/02\/2-ROXANA-GALETTO-1988.jpg) 0 0 no-repeat;\r\n                    }\r\n                    #tdi_1  .td-doubleSlider-2 .td-item3 {\r\n                        background: url(https:\/\/trebolense.com.ar\/archivo\/wp-content\/uploads\/2026\/02\/3-ANDREA-AMAYA-1989.jpg) 0 0 no-repeat;\r\n                    }\r\n                    #tdi_1  .td-doubleSlider-2 .td-item4 {\r\n                        background: url(https:\/\/trebolense.com.ar\/archivo\/wp-content\/uploads\/2026\/02\/4-M.-JOSE-FISSORE-1990-2.jpg) 0 0 no-repeat;\r\n                    }\r\n                    #tdi_1  .td-doubleSlider-2 .td-item5 {\r\n                        background: url(https:\/\/trebolense.com.ar\/archivo\/wp-content\/uploads\/2026\/03\/5-CELESTE-NIEVAS-2003.jpg) 0 0 no-repeat;\r\n                    }\r\n                    #tdi_1  .td-doubleSlider-2 .td-item6 {\r\n                        background: url(https:\/\/trebolense.com.ar\/archivo\/wp-content\/uploads\/2026\/04\/6-VALERIA-SAPPIETRO-2004.jpeg.jpg) 0 0 no-repeat;\r\n                    }\r\n                    #tdi_1  .td-doubleSlider-2 .td-item7 {\r\n                        background: url(https:\/\/trebolense.com.ar\/archivo\/wp-content\/uploads\/2026\/02\/7-CAROLINA-PROSPERI-2006-1.png) 0 0 no-repeat;\r\n                    }\r\n                    #tdi_1  .td-doubleSlider-2 .td-item8 {\r\n                        background: url(https:\/\/trebolense.com.ar\/archivo\/wp-content\/uploads\/2026\/02\/8-XIMENA-CLADERA-2007.jpg) 0 0 no-repeat;\r\n                    }\r\n                    #tdi_1  .td-doubleSlider-2 .td-item9 {\r\n                        background: url(https:\/\/trebolense.com.ar\/archivo\/wp-content\/uploads\/2026\/03\/9-M.-FERNANDA-PRIOTTI-2009-2.jpg) 0 0 no-repeat;\r\n                    }\r\n                    #tdi_1  .td-doubleSlider-2 .td-item10 {\r\n                        background: url(https:\/\/trebolense.com.ar\/archivo\/wp-content\/uploads\/2026\/03\/10-AYELEN-GINEPRO-2011.jpg) 0 0 no-repeat;\r\n                    }\r\n                    #tdi_1  .td-doubleSlider-2 .td-item11 {\r\n                        background: url(https:\/\/trebolense.com.ar\/archivo\/wp-content\/uploads\/2026\/03\/11-AGOSTINA-SALUZZO-2013.jpg) 0 0 no-repeat;\r\n                    }\r\n                    #tdi_1  .td-doubleSlider-2 .td-item12 {\r\n                        background: url(https:\/\/trebolense.com.ar\/archivo\/wp-content\/uploads\/2026\/03\/12-M.-SOL-SANTONI-2015.jpg) 0 0 no-repeat;\r\n                    }\r\n                    #tdi_1  .td-doubleSlider-2 .td-item13 {\r\n                        background: url(https:\/\/trebolense.com.ar\/archivo\/wp-content\/uploads\/2026\/03\/13-FLORENCIA-BASSI-2017.jpg) 0 0 no-repeat;\r\n                    }\r\n                <\/style>\r\n\r\n                <div id=\"tdi_1\" class=\"td-gallery td-slide-on-2-columns\">\r\n                    <div class=\"post_td_gallery\">\r\n                        <div class=\"td-gallery-slide-top\">\r\n                           <div class=\"td-gallery-title\"><\/div>\r\n\r\n                            <div class=\"td-gallery-controls-wrapper\">\r\n                                <div class=\"td-gallery-slide-count\"><span class=\"td-gallery-slide-item-focus\">1<\/span> de 13<\/div>\r\n                                <div class=\"td-gallery-slide-prev-next-but\">\r\n                                    <i class = \"td-icon-left doubleSliderPrevButton\"><\/i>\r\n                                    <i class = \"td-icon-right doubleSliderNextButton\"><\/i>\r\n                                <\/div>\r\n                            <\/div>\r\n                        <\/div>\r\n\r\n                        <div class = \"td-doubleSlider-1 \">\r\n                            <div class = \"td-slider\">\r\n                                \r\n                    <div class = \"td-slide-item td-item1\">\r\n                        <figure class=\"td-slide-galery-figure td-slide-popup-gallery\">\r\n                            <a class=\"slide-gallery-image-link\" href=\"https:\/\/trebolense.com.ar\/archivo\/wp-content\/uploads\/2026\/02\/1-ANDREA-SICOLI-1987.jpg\" title=\"1- ANDREA SICOLI 1987\"  data-caption=\"\"  data-description=\"\">\r\n                                <img decoding=\"async\" src=\"https:\/\/trebolense.com.ar\/archivo\/wp-content\/uploads\/2026\/02\/1-ANDREA-SICOLI-1987.jpg\" srcset=\"https:\/\/trebolense.com.ar\/archivo\/wp-content\/uploads\/2026\/02\/1-ANDREA-SICOLI-1987.jpg 1200w, https:\/\/trebolense.com.ar\/archivo\/wp-content\/uploads\/2026\/02\/1-ANDREA-SICOLI-1987-300x213.jpg 300w, https:\/\/trebolense.com.ar\/archivo\/wp-content\/uploads\/2026\/02\/1-ANDREA-SICOLI-1987-1024x727.jpg 1024w, https:\/\/trebolense.com.ar\/archivo\/wp-content\/uploads\/2026\/02\/1-ANDREA-SICOLI-1987-768x545.jpg 768w, https:\/\/trebolense.com.ar\/archivo\/wp-content\/uploads\/2026\/02\/1-ANDREA-SICOLI-1987-696x494.jpg 696w, https:\/\/trebolense.com.ar\/archivo\/wp-content\/uploads\/2026\/02\/1-ANDREA-SICOLI-1987-1068x758.jpg 1068w\" sizes=\"(max-width: 1200px) 100vw, 1200px\" alt=\"\">\r\n                            <\/a>\r\n                            \r\n                        <\/figure>\r\n                    <\/div>\r\n                    <div class = \"td-slide-item td-item2\">\r\n                        <figure class=\"td-slide-galery-figure td-slide-popup-gallery\">\r\n                            <a class=\"slide-gallery-image-link\" href=\"https:\/\/trebolense.com.ar\/archivo\/wp-content\/uploads\/2026\/02\/2-ROXANA-GALETTO-1988.jpg\" title=\"2- ROXANA GALETTO 1988\"  data-caption=\"\"  data-description=\"\">\r\n                                <img decoding=\"async\" src=\"https:\/\/trebolense.com.ar\/archivo\/wp-content\/uploads\/2026\/02\/2-ROXANA-GALETTO-1988.jpg\" srcset=\"https:\/\/trebolense.com.ar\/archivo\/wp-content\/uploads\/2026\/02\/2-ROXANA-GALETTO-1988.jpg 852w, https:\/\/trebolense.com.ar\/archivo\/wp-content\/uploads\/2026\/02\/2-ROXANA-GALETTO-1988-213x300.jpg 213w, https:\/\/trebolense.com.ar\/archivo\/wp-content\/uploads\/2026\/02\/2-ROXANA-GALETTO-1988-727x1024.jpg 727w, https:\/\/trebolense.com.ar\/archivo\/wp-content\/uploads\/2026\/02\/2-ROXANA-GALETTO-1988-768x1082.jpg 768w, https:\/\/trebolense.com.ar\/archivo\/wp-content\/uploads\/2026\/02\/2-ROXANA-GALETTO-1988-696x980.jpg 696w\" sizes=\"(max-width: 852px) 100vw, 852px\" alt=\"\">\r\n                            <\/a>\r\n                            \r\n                        <\/figure>\r\n                    <\/div>\r\n                    <div class = \"td-slide-item td-item3\">\r\n                        <figure class=\"td-slide-galery-figure td-slide-popup-gallery\">\r\n                            <a class=\"slide-gallery-image-link\" href=\"https:\/\/trebolense.com.ar\/archivo\/wp-content\/uploads\/2026\/02\/3-ANDREA-AMAYA-1989.jpg\" title=\"3- ANDREA AMAYA 1989\"  data-caption=\"\"  data-description=\"\">\r\n                                <img decoding=\"async\" src=\"https:\/\/trebolense.com.ar\/archivo\/wp-content\/uploads\/2026\/02\/3-ANDREA-AMAYA-1989.jpg\" srcset=\"https:\/\/trebolense.com.ar\/archivo\/wp-content\/uploads\/2026\/02\/3-ANDREA-AMAYA-1989.jpg 852w, https:\/\/trebolense.com.ar\/archivo\/wp-content\/uploads\/2026\/02\/3-ANDREA-AMAYA-1989-213x300.jpg 213w, https:\/\/trebolense.com.ar\/archivo\/wp-content\/uploads\/2026\/02\/3-ANDREA-AMAYA-1989-727x1024.jpg 727w, https:\/\/trebolense.com.ar\/archivo\/wp-content\/uploads\/2026\/02\/3-ANDREA-AMAYA-1989-768x1082.jpg 768w, https:\/\/trebolense.com.ar\/archivo\/wp-content\/uploads\/2026\/02\/3-ANDREA-AMAYA-1989-696x980.jpg 696w\" sizes=\"(max-width: 852px) 100vw, 852px\" alt=\"\">\r\n                            <\/a>\r\n                            \r\n                        <\/figure>\r\n                    <\/div>\r\n                    <div class = \"td-slide-item td-item4\">\r\n                        <figure class=\"td-slide-galery-figure td-slide-popup-gallery\">\r\n                            <a class=\"slide-gallery-image-link\" href=\"https:\/\/trebolense.com.ar\/archivo\/wp-content\/uploads\/2026\/02\/4-M.-JOSE-FISSORE-1990-2.jpg\" title=\"4- M. JOSE FISSORE 1990 (2)\"  data-caption=\"\"  data-description=\"\">\r\n                                <img decoding=\"async\" src=\"https:\/\/trebolense.com.ar\/archivo\/wp-content\/uploads\/2026\/02\/4-M.-JOSE-FISSORE-1990-2.jpg\" srcset=\"https:\/\/trebolense.com.ar\/archivo\/wp-content\/uploads\/2026\/02\/4-M.-JOSE-FISSORE-1990-2.jpg 852w, https:\/\/trebolense.com.ar\/archivo\/wp-content\/uploads\/2026\/02\/4-M.-JOSE-FISSORE-1990-2-213x300.jpg 213w, https:\/\/trebolense.com.ar\/archivo\/wp-content\/uploads\/2026\/02\/4-M.-JOSE-FISSORE-1990-2-727x1024.jpg 727w, https:\/\/trebolense.com.ar\/archivo\/wp-content\/uploads\/2026\/02\/4-M.-JOSE-FISSORE-1990-2-768x1082.jpg 768w, https:\/\/trebolense.com.ar\/archivo\/wp-content\/uploads\/2026\/02\/4-M.-JOSE-FISSORE-1990-2-696x980.jpg 696w\" sizes=\"(max-width: 852px) 100vw, 852px\" alt=\"\">\r\n                            <\/a>\r\n                            \r\n                        <\/figure>\r\n                    <\/div>\r\n                    <div class = \"td-slide-item td-item5\">\r\n                        <figure class=\"td-slide-galery-figure td-slide-popup-gallery\">\r\n                            <a class=\"slide-gallery-image-link\" href=\"https:\/\/trebolense.com.ar\/archivo\/wp-content\/uploads\/2026\/03\/5-CELESTE-NIEVAS-2003.jpg\" title=\"5- CELESTE NIEVAS 2003\"  data-caption=\"\"  data-description=\"\">\r\n                                <img decoding=\"async\" src=\"https:\/\/trebolense.com.ar\/archivo\/wp-content\/uploads\/2026\/03\/5-CELESTE-NIEVAS-2003.jpg\" srcset=\"https:\/\/trebolense.com.ar\/archivo\/wp-content\/uploads\/2026\/03\/5-CELESTE-NIEVAS-2003.jpg 417w, https:\/\/trebolense.com.ar\/archivo\/wp-content\/uploads\/2026\/03\/5-CELESTE-NIEVAS-2003-210x300.jpg 210w\" sizes=\"(max-width: 417px) 100vw, 417px\" alt=\"\">\r\n                            <\/a>\r\n                            \r\n                        <\/figure>\r\n                    <\/div>\r\n                    <div class = \"td-slide-item td-item6\">\r\n                        <figure class=\"td-slide-galery-figure td-slide-popup-gallery\">\r\n                            <a class=\"slide-gallery-image-link\" href=\"https:\/\/trebolense.com.ar\/archivo\/wp-content\/uploads\/2026\/04\/6-VALERIA-SAPPIETRO-2004.jpeg.jpg\" title=\"6- VALERIA SAPPIETRO 2004.jpeg\"  data-caption=\"\"  data-description=\"\">\r\n                                <img decoding=\"async\" src=\"https:\/\/trebolense.com.ar\/archivo\/wp-content\/uploads\/2026\/04\/6-VALERIA-SAPPIETRO-2004.jpeg.jpg\" srcset=\"https:\/\/trebolense.com.ar\/archivo\/wp-content\/uploads\/2026\/04\/6-VALERIA-SAPPIETRO-2004.jpeg.jpg 749w, https:\/\/trebolense.com.ar\/archivo\/wp-content\/uploads\/2026\/04\/6-VALERIA-SAPPIETRO-2004.jpeg-206x300.jpg 206w, https:\/\/trebolense.com.ar\/archivo\/wp-content\/uploads\/2026\/04\/6-VALERIA-SAPPIETRO-2004.jpeg-704x1024.jpg 704w, https:\/\/trebolense.com.ar\/archivo\/wp-content\/uploads\/2026\/04\/6-VALERIA-SAPPIETRO-2004.jpeg-696x1013.jpg 696w\" sizes=\"(max-width: 749px) 100vw, 749px\" alt=\"\">\r\n                            <\/a>\r\n                            \r\n                        <\/figure>\r\n                    <\/div>\r\n                    <div class = \"td-slide-item td-item7\">\r\n                        <figure class=\"td-slide-galery-figure td-slide-popup-gallery\">\r\n                            <a class=\"slide-gallery-image-link\" href=\"https:\/\/trebolense.com.ar\/archivo\/wp-content\/uploads\/2026\/02\/7-CAROLINA-PROSPERI-2006-1.png\" title=\"7- CAROLINA PROSPERI 2006\"  data-caption=\"\"  data-description=\"\">\r\n                                <img decoding=\"async\" src=\"https:\/\/trebolense.com.ar\/archivo\/wp-content\/uploads\/2026\/02\/7-CAROLINA-PROSPERI-2006-1.png\" srcset=\"https:\/\/trebolense.com.ar\/archivo\/wp-content\/uploads\/2026\/02\/7-CAROLINA-PROSPERI-2006-1.png 667w, https:\/\/trebolense.com.ar\/archivo\/wp-content\/uploads\/2026\/02\/7-CAROLINA-PROSPERI-2006-1-194x300.png 194w, https:\/\/trebolense.com.ar\/archivo\/wp-content\/uploads\/2026\/02\/7-CAROLINA-PROSPERI-2006-1-664x1024.png 664w\" sizes=\"(max-width: 667px) 100vw, 667px\" alt=\"\">\r\n                            <\/a>\r\n                            \r\n                        <\/figure>\r\n                    <\/div>\r\n                    <div class = \"td-slide-item td-item8\">\r\n                        <figure class=\"td-slide-galery-figure td-slide-popup-gallery\">\r\n                            <a class=\"slide-gallery-image-link\" href=\"https:\/\/trebolense.com.ar\/archivo\/wp-content\/uploads\/2026\/02\/8-XIMENA-CLADERA-2007.jpg\" title=\"8- XIMENA CLADERA 2007\"  data-caption=\"\"  data-description=\"\">\r\n                                <img decoding=\"async\" src=\"https:\/\/trebolense.com.ar\/archivo\/wp-content\/uploads\/2026\/02\/8-XIMENA-CLADERA-2007.jpg\" srcset=\"https:\/\/trebolense.com.ar\/archivo\/wp-content\/uploads\/2026\/02\/8-XIMENA-CLADERA-2007.jpg 852w, https:\/\/trebolense.com.ar\/archivo\/wp-content\/uploads\/2026\/02\/8-XIMENA-CLADERA-2007-213x300.jpg 213w, https:\/\/trebolense.com.ar\/archivo\/wp-content\/uploads\/2026\/02\/8-XIMENA-CLADERA-2007-727x1024.jpg 727w, https:\/\/trebolense.com.ar\/archivo\/wp-content\/uploads\/2026\/02\/8-XIMENA-CLADERA-2007-768x1082.jpg 768w, https:\/\/trebolense.com.ar\/archivo\/wp-content\/uploads\/2026\/02\/8-XIMENA-CLADERA-2007-696x980.jpg 696w\" sizes=\"(max-width: 852px) 100vw, 852px\" alt=\"\">\r\n                            <\/a>\r\n                            \r\n                        <\/figure>\r\n                    <\/div>\r\n                    <div class = \"td-slide-item td-item9\">\r\n                        <figure class=\"td-slide-galery-figure td-slide-popup-gallery\">\r\n                            <a class=\"slide-gallery-image-link\" href=\"https:\/\/trebolense.com.ar\/archivo\/wp-content\/uploads\/2026\/03\/9-M.-FERNANDA-PRIOTTI-2009-2.jpg\" title=\"9- M. FERNANDA PRIOTTI 2009 (2)\"  data-caption=\"\"  data-description=\"\">\r\n                                <img decoding=\"async\" src=\"https:\/\/trebolense.com.ar\/archivo\/wp-content\/uploads\/2026\/03\/9-M.-FERNANDA-PRIOTTI-2009-2.jpg\" srcset=\"https:\/\/trebolense.com.ar\/archivo\/wp-content\/uploads\/2026\/03\/9-M.-FERNANDA-PRIOTTI-2009-2.jpg 402w, https:\/\/trebolense.com.ar\/archivo\/wp-content\/uploads\/2026\/03\/9-M.-FERNANDA-PRIOTTI-2009-2-189x300.jpg 189w\" sizes=\"(max-width: 402px) 100vw, 402px\" alt=\"\">\r\n                            <\/a>\r\n                            \r\n                        <\/figure>\r\n                    <\/div>\r\n                    <div class = \"td-slide-item td-item10\">\r\n                        <figure class=\"td-slide-galery-figure td-slide-popup-gallery\">\r\n                            <a class=\"slide-gallery-image-link\" href=\"https:\/\/trebolense.com.ar\/archivo\/wp-content\/uploads\/2026\/03\/10-AYELEN-GINEPRO-2011.jpg\" title=\"10- AYELEN GINEPRO 2011\"  data-caption=\"\"  data-description=\"\">\r\n                                <img decoding=\"async\" src=\"https:\/\/trebolense.com.ar\/archivo\/wp-content\/uploads\/2026\/03\/10-AYELEN-GINEPRO-2011.jpg\" srcset=\"https:\/\/trebolense.com.ar\/archivo\/wp-content\/uploads\/2026\/03\/10-AYELEN-GINEPRO-2011.jpg 445w, https:\/\/trebolense.com.ar\/archivo\/wp-content\/uploads\/2026\/03\/10-AYELEN-GINEPRO-2011-197x300.jpg 197w\" sizes=\"(max-width: 445px) 100vw, 445px\" alt=\"\">\r\n                            <\/a>\r\n                            \r\n                        <\/figure>\r\n                    <\/div>\r\n                    <div class = \"td-slide-item td-item11\">\r\n                        <figure class=\"td-slide-galery-figure td-slide-popup-gallery\">\r\n                            <a class=\"slide-gallery-image-link\" href=\"https:\/\/trebolense.com.ar\/archivo\/wp-content\/uploads\/2026\/03\/11-AGOSTINA-SALUZZO-2013.jpg\" title=\"11- AGOSTINA SALUZZO 2013\"  data-caption=\"\"  data-description=\"\">\r\n                                <img decoding=\"async\" src=\"https:\/\/trebolense.com.ar\/archivo\/wp-content\/uploads\/2026\/03\/11-AGOSTINA-SALUZZO-2013.jpg\" srcset=\"https:\/\/trebolense.com.ar\/archivo\/wp-content\/uploads\/2026\/03\/11-AGOSTINA-SALUZZO-2013.jpg 437w, https:\/\/trebolense.com.ar\/archivo\/wp-content\/uploads\/2026\/03\/11-AGOSTINA-SALUZZO-2013-193x300.jpg 193w\" sizes=\"(max-width: 437px) 100vw, 437px\" alt=\"\">\r\n                            <\/a>\r\n                            \r\n                        <\/figure>\r\n                    <\/div>\r\n                    <div class = \"td-slide-item td-item12\">\r\n                        <figure class=\"td-slide-galery-figure td-slide-popup-gallery\">\r\n                            <a class=\"slide-gallery-image-link\" href=\"https:\/\/trebolense.com.ar\/archivo\/wp-content\/uploads\/2026\/03\/12-M.-SOL-SANTONI-2015.jpg\" title=\"12-M. SOL SANTONI 2015\"  data-caption=\"\"  data-description=\"\">\r\n                                <img decoding=\"async\" src=\"https:\/\/trebolense.com.ar\/archivo\/wp-content\/uploads\/2026\/03\/12-M.-SOL-SANTONI-2015.jpg\" srcset=\"https:\/\/trebolense.com.ar\/archivo\/wp-content\/uploads\/2026\/03\/12-M.-SOL-SANTONI-2015.jpg 414w, https:\/\/trebolense.com.ar\/archivo\/wp-content\/uploads\/2026\/03\/12-M.-SOL-SANTONI-2015-213x300.jpg 213w\" sizes=\"(max-width: 414px) 100vw, 414px\" alt=\"\">\r\n                            <\/a>\r\n                            \r\n                        <\/figure>\r\n                    <\/div>\r\n                    <div class = \"td-slide-item td-item13\">\r\n                        <figure class=\"td-slide-galery-figure td-slide-popup-gallery\">\r\n                            <a class=\"slide-gallery-image-link\" href=\"https:\/\/trebolense.com.ar\/archivo\/wp-content\/uploads\/2026\/03\/13-FLORENCIA-BASSI-2017.jpg\" title=\"13- FLORENCIA BASSI 2017\"  data-caption=\"\"  data-description=\"\">\r\n                                <img decoding=\"async\" src=\"https:\/\/trebolense.com.ar\/archivo\/wp-content\/uploads\/2026\/03\/13-FLORENCIA-BASSI-2017.jpg\" srcset=\"https:\/\/trebolense.com.ar\/archivo\/wp-content\/uploads\/2026\/03\/13-FLORENCIA-BASSI-2017.jpg 400w, https:\/\/trebolense.com.ar\/archivo\/wp-content\/uploads\/2026\/03\/13-FLORENCIA-BASSI-2017-198x300.jpg 198w\" sizes=\"(max-width: 400px) 100vw, 400px\" alt=\"\">\r\n                            <\/a>\r\n                            \r\n                        <\/figure>\r\n                    <\/div>\r\n                            <\/div>\r\n                        <\/div>\r\n\r\n                        <div class = \"td-doubleSlider-2\">\r\n                            <div class = \"td-slider\">\r\n                                \r\n                    <div class = \"td-button td-item1\">\r\n                        <div class = \"td-border\"><\/div>\r\n                    <\/div>\r\n                    <div class = \"td-button td-item2\">\r\n                        <div class = \"td-border\"><\/div>\r\n                    <\/div>\r\n                    <div class = \"td-button td-item3\">\r\n                        <div class = \"td-border\"><\/div>\r\n                    <\/div>\r\n                    <div class = \"td-button td-item4\">\r\n                        <div class = \"td-border\"><\/div>\r\n                    <\/div>\r\n                    <div class = \"td-button td-item5\">\r\n                        <div class = \"td-border\"><\/div>\r\n                    <\/div>\r\n                    <div class = \"td-button td-item6\">\r\n                        <div class = \"td-border\"><\/div>\r\n                    <\/div>\r\n                    <div class = \"td-button td-item7\">\r\n                        <div class = \"td-border\"><\/div>\r\n                    <\/div>\r\n                    <div class = \"td-button td-item8\">\r\n                        <div class = \"td-border\"><\/div>\r\n                    <\/div>\r\n                    <div class = \"td-button td-item9\">\r\n                        <div class = \"td-border\"><\/div>\r\n                    <\/div>\r\n                    <div class = \"td-button td-item10\">\r\n                        <div class = \"td-border\"><\/div>\r\n                    <\/div>\r\n                    <div class = \"td-button td-item11\">\r\n                        <div class = \"td-border\"><\/div>\r\n                    <\/div>\r\n                    <div class = \"td-button td-item12\">\r\n                        <div class = \"td-border\"><\/div>\r\n                    <\/div>\r\n                    <div class = \"td-button td-item13\">\r\n                        <div class = \"td-border\"><\/div>\r\n                    <\/div>\r\n                            <\/div>\r\n                        <\/div>\r\n\r\n                    <\/div>\r\n\r\n                <\/div>\r\n                \n<p>&nbsp;<\/p>\n<p style=\"text-align: justify\">Con el advenimiento del nuevo siglo, dificultades de organizaci\u00f3n debidas a los avatares socioecon\u00f3micos en que se ha visto envuelto nuestro pa\u00eds y muy especialmente \u00abla lecher\u00eda\u00bb; la Fiesta de la Orde\u00f1adora en Club Trebolense\u00a0 comienza a realizarse en a\u00f1os discontinuos y obviando la exposici\u00f3n industrial y comercial, algunos festejos se organizan en la Plaza San Mart\u00edn, siempre con el patrocinio de la Municipalidad y Club Trebolense.<\/p>\n<p style=\"text-align: justify\">En a\u00f1os sucesivos han engalanado los escenarios de la Fiesta de la Orde\u00f1adora de El Tr\u00e9bol artistas del prestigio de Abel Pintos, Los Nocheros, Patricia Sosa, Leon Giecco, Dady Brieva, Hugo Varela y otros. Adem\u00e1s, de nuestro medio, contamos\u00a0 con\u00a0 las destacadas\u00a0 actuaciones de\u00a0 Ballet El Tr\u00e9bol,\u00a0 Nuestro Canto,\u00a0 Caco Ansaldi, Los Barrios, entre otros.<\/p>\n\r\n                <style type=\"text\/css\">\r\n                    \r\n                    #tdi_2  .td-doubleSlider-2 .td-item1 {\r\n                        background: url(https:\/\/trebolense.com.ar\/archivo\/wp-content\/uploads\/2026\/02\/HUGO-VARELA.jpg) 0 0 no-repeat;\r\n                    }\r\n                    #tdi_2  .td-doubleSlider-2 .td-item2 {\r\n                        background: url(https:\/\/trebolense.com.ar\/archivo\/wp-content\/uploads\/2026\/02\/LOS-NOCHEROS.jpg) 0 0 no-repeat;\r\n                    }\r\n                    #tdi_2  .td-doubleSlider-2 .td-item3 {\r\n                        background: url(https:\/\/trebolense.com.ar\/archivo\/wp-content\/uploads\/2026\/02\/LOS-NOCHEROS-2-e1771590912254.jpeg) 0 0 no-repeat;\r\n                    }\r\n                    #tdi_2  .td-doubleSlider-2 .td-item4 {\r\n                        background: url(https:\/\/trebolense.com.ar\/archivo\/wp-content\/uploads\/2026\/02\/PATRICIA-SOSA-e1771590970523.jpeg) 0 0 no-repeat;\r\n                    }\r\n                    #tdi_2  .td-doubleSlider-2 .td-item5 {\r\n                        background: url(https:\/\/trebolense.com.ar\/archivo\/wp-content\/uploads\/2026\/02\/leon-gieco.jpg.jpeg) 0 0 no-repeat;\r\n                    }\r\n                    #tdi_2  .td-doubleSlider-2 .td-item6 {\r\n                        background: url(https:\/\/trebolense.com.ar\/archivo\/wp-content\/uploads\/2026\/02\/DADY-e1771591066521.jpeg) 0 0 no-repeat;\r\n                    }\r\n                    #tdi_2  .td-doubleSlider-2 .td-item7 {\r\n                        background: url(https:\/\/trebolense.com.ar\/archivo\/wp-content\/uploads\/2026\/02\/ABEL-PINTOS.jpeg) 0 0 no-repeat;\r\n                    }\r\n                    #tdi_2  .td-doubleSlider-2 .td-item8 {\r\n                        background: url(https:\/\/trebolense.com.ar\/archivo\/wp-content\/uploads\/2026\/02\/PUBLICO-e1771591338221.jpeg) 0 0 no-repeat;\r\n                    }\r\n                <\/style>\r\n\r\n                <div id=\"tdi_2\" class=\"td-gallery td-slide-on-2-columns\">\r\n                    <div class=\"post_td_gallery\">\r\n                        <div class=\"td-gallery-slide-top\">\r\n                           <div class=\"td-gallery-title\"><\/div>\r\n\r\n                            <div class=\"td-gallery-controls-wrapper\">\r\n                                <div class=\"td-gallery-slide-count\"><span class=\"td-gallery-slide-item-focus\">1<\/span> de 8<\/div>\r\n                                <div class=\"td-gallery-slide-prev-next-but\">\r\n                                    <i class = \"td-icon-left doubleSliderPrevButton\"><\/i>\r\n                                    <i class = \"td-icon-right doubleSliderNextButton\"><\/i>\r\n                                <\/div>\r\n                            <\/div>\r\n                        <\/div>\r\n\r\n                        <div class = \"td-doubleSlider-1 \">\r\n                            <div class = \"td-slider\">\r\n                                \r\n                    <div class = \"td-slide-item td-item1\">\r\n                        <figure class=\"td-slide-galery-figure td-slide-popup-gallery\">\r\n                            <a class=\"slide-gallery-image-link\" href=\"https:\/\/trebolense.com.ar\/archivo\/wp-content\/uploads\/2026\/02\/HUGO-VARELA.jpg\" title=\"HUGO VARELA\"  data-caption=\"\"  data-description=\"\">\r\n                                <img decoding=\"async\" src=\"https:\/\/trebolense.com.ar\/archivo\/wp-content\/uploads\/2026\/02\/HUGO-VARELA.jpg\" srcset=\"https:\/\/trebolense.com.ar\/archivo\/wp-content\/uploads\/2026\/02\/HUGO-VARELA.jpg 1200w, https:\/\/trebolense.com.ar\/archivo\/wp-content\/uploads\/2026\/02\/HUGO-VARELA-300x210.jpg 300w, https:\/\/trebolense.com.ar\/archivo\/wp-content\/uploads\/2026\/02\/HUGO-VARELA-1024x715.jpg 1024w, https:\/\/trebolense.com.ar\/archivo\/wp-content\/uploads\/2026\/02\/HUGO-VARELA-768x536.jpg 768w, https:\/\/trebolense.com.ar\/archivo\/wp-content\/uploads\/2026\/02\/HUGO-VARELA-696x486.jpg 696w, https:\/\/trebolense.com.ar\/archivo\/wp-content\/uploads\/2026\/02\/HUGO-VARELA-1068x746.jpg 1068w\" sizes=\"(max-width: 1200px) 100vw, 1200px\" alt=\"\">\r\n                            <\/a>\r\n                            \r\n                        <\/figure>\r\n                    <\/div>\r\n                    <div class = \"td-slide-item td-item2\">\r\n                        <figure class=\"td-slide-galery-figure td-slide-popup-gallery\">\r\n                            <a class=\"slide-gallery-image-link\" href=\"https:\/\/trebolense.com.ar\/archivo\/wp-content\/uploads\/2026\/02\/LOS-NOCHEROS.jpg\" title=\"LOS NOCHEROS\"  data-caption=\"\"  data-description=\"\">\r\n                                <img decoding=\"async\" src=\"https:\/\/trebolense.com.ar\/archivo\/wp-content\/uploads\/2026\/02\/LOS-NOCHEROS.jpg\" srcset=\"https:\/\/trebolense.com.ar\/archivo\/wp-content\/uploads\/2026\/02\/LOS-NOCHEROS.jpg 1200w, https:\/\/trebolense.com.ar\/archivo\/wp-content\/uploads\/2026\/02\/LOS-NOCHEROS-300x213.jpg 300w, https:\/\/trebolense.com.ar\/archivo\/wp-content\/uploads\/2026\/02\/LOS-NOCHEROS-1024x727.jpg 1024w, https:\/\/trebolense.com.ar\/archivo\/wp-content\/uploads\/2026\/02\/LOS-NOCHEROS-768x545.jpg 768w, https:\/\/trebolense.com.ar\/archivo\/wp-content\/uploads\/2026\/02\/LOS-NOCHEROS-696x494.jpg 696w, https:\/\/trebolense.com.ar\/archivo\/wp-content\/uploads\/2026\/02\/LOS-NOCHEROS-1068x758.jpg 1068w\" sizes=\"(max-width: 1200px) 100vw, 1200px\" alt=\"\">\r\n                            <\/a>\r\n                            \r\n                        <\/figure>\r\n                    <\/div>\r\n                    <div class = \"td-slide-item td-item3\">\r\n                        <figure class=\"td-slide-galery-figure td-slide-popup-gallery\">\r\n                            <a class=\"slide-gallery-image-link\" href=\"https:\/\/trebolense.com.ar\/archivo\/wp-content\/uploads\/2026\/02\/LOS-NOCHEROS-2-e1771590912254.jpeg\" title=\"LOS NOCHEROS 2\"  data-caption=\"\"  data-description=\"\">\r\n                                <img decoding=\"async\" src=\"https:\/\/trebolense.com.ar\/archivo\/wp-content\/uploads\/2026\/02\/LOS-NOCHEROS-2-e1771590912254.jpeg\" srcset=\"https:\/\/trebolense.com.ar\/archivo\/wp-content\/uploads\/2026\/02\/LOS-NOCHEROS-2-e1771590912254.jpeg 1200w, https:\/\/trebolense.com.ar\/archivo\/wp-content\/uploads\/2026\/02\/LOS-NOCHEROS-2-e1771590912254-300x196.jpeg 300w, https:\/\/trebolense.com.ar\/archivo\/wp-content\/uploads\/2026\/02\/LOS-NOCHEROS-2-e1771590912254-1024x667.jpeg 1024w, https:\/\/trebolense.com.ar\/archivo\/wp-content\/uploads\/2026\/02\/LOS-NOCHEROS-2-e1771590912254-768x500.jpeg 768w, https:\/\/trebolense.com.ar\/archivo\/wp-content\/uploads\/2026\/02\/LOS-NOCHEROS-2-e1771590912254-696x454.jpeg 696w, https:\/\/trebolense.com.ar\/archivo\/wp-content\/uploads\/2026\/02\/LOS-NOCHEROS-2-e1771590912254-1068x696.jpeg 1068w\" sizes=\"(max-width: 1200px) 100vw, 1200px\" alt=\"\">\r\n                            <\/a>\r\n                            \r\n                        <\/figure>\r\n                    <\/div>\r\n                    <div class = \"td-slide-item td-item4\">\r\n                        <figure class=\"td-slide-galery-figure td-slide-popup-gallery\">\r\n                            <a class=\"slide-gallery-image-link\" href=\"https:\/\/trebolense.com.ar\/archivo\/wp-content\/uploads\/2026\/02\/PATRICIA-SOSA-e1771590970523.jpeg\" title=\"PATRICIA SOSA\"  data-caption=\"\"  data-description=\"\">\r\n                                <img decoding=\"async\" src=\"https:\/\/trebolense.com.ar\/archivo\/wp-content\/uploads\/2026\/02\/PATRICIA-SOSA-e1771590970523.jpeg\" srcset=\"https:\/\/trebolense.com.ar\/archivo\/wp-content\/uploads\/2026\/02\/PATRICIA-SOSA-e1771590970523.jpeg 1200w, https:\/\/trebolense.com.ar\/archivo\/wp-content\/uploads\/2026\/02\/PATRICIA-SOSA-e1771590970523-300x201.jpeg 300w, https:\/\/trebolense.com.ar\/archivo\/wp-content\/uploads\/2026\/02\/PATRICIA-SOSA-e1771590970523-1024x685.jpeg 1024w, https:\/\/trebolense.com.ar\/archivo\/wp-content\/uploads\/2026\/02\/PATRICIA-SOSA-e1771590970523-768x514.jpeg 768w, https:\/\/trebolense.com.ar\/archivo\/wp-content\/uploads\/2026\/02\/PATRICIA-SOSA-e1771590970523-696x466.jpeg 696w, https:\/\/trebolense.com.ar\/archivo\/wp-content\/uploads\/2026\/02\/PATRICIA-SOSA-e1771590970523-1068x715.jpeg 1068w\" sizes=\"(max-width: 1200px) 100vw, 1200px\" alt=\"\">\r\n                            <\/a>\r\n                            \r\n                        <\/figure>\r\n                    <\/div>\r\n                    <div class = \"td-slide-item td-item5\">\r\n                        <figure class=\"td-slide-galery-figure td-slide-popup-gallery\">\r\n                            <a class=\"slide-gallery-image-link\" href=\"https:\/\/trebolense.com.ar\/archivo\/wp-content\/uploads\/2026\/02\/leon-gieco.jpg.jpeg\" title=\"leon-gieco.jpg\"  data-caption=\"\"  data-description=\"\">\r\n                                <img decoding=\"async\" src=\"https:\/\/trebolense.com.ar\/archivo\/wp-content\/uploads\/2026\/02\/leon-gieco.jpg.jpeg\" srcset=\"https:\/\/trebolense.com.ar\/archivo\/wp-content\/uploads\/2026\/02\/leon-gieco.jpg.jpeg 620w, https:\/\/trebolense.com.ar\/archivo\/wp-content\/uploads\/2026\/02\/leon-gieco.jpg-300x166.jpeg 300w\" sizes=\"(max-width: 620px) 100vw, 620px\" alt=\"\">\r\n                            <\/a>\r\n                            \r\n                        <\/figure>\r\n                    <\/div>\r\n                    <div class = \"td-slide-item td-item6\">\r\n                        <figure class=\"td-slide-galery-figure td-slide-popup-gallery\">\r\n                            <a class=\"slide-gallery-image-link\" href=\"https:\/\/trebolense.com.ar\/archivo\/wp-content\/uploads\/2026\/02\/DADY-e1771591066521.jpeg\" title=\"DADY\"  data-caption=\"\"  data-description=\"\">\r\n                                <img decoding=\"async\" src=\"https:\/\/trebolense.com.ar\/archivo\/wp-content\/uploads\/2026\/02\/DADY-e1771591066521.jpeg\" srcset=\"https:\/\/trebolense.com.ar\/archivo\/wp-content\/uploads\/2026\/02\/DADY-e1771591066521.jpeg 600w, https:\/\/trebolense.com.ar\/archivo\/wp-content\/uploads\/2026\/02\/DADY-e1771591066521-300x202.jpeg 300w\" sizes=\"(max-width: 600px) 100vw, 600px\" alt=\"\">\r\n                            <\/a>\r\n                            \r\n                        <\/figure>\r\n                    <\/div>\r\n                    <div class = \"td-slide-item td-item7\">\r\n                        <figure class=\"td-slide-galery-figure td-slide-popup-gallery\">\r\n                            <a class=\"slide-gallery-image-link\" href=\"https:\/\/trebolense.com.ar\/archivo\/wp-content\/uploads\/2026\/02\/ABEL-PINTOS.jpeg\" title=\"ABEL PINTOS\"  data-caption=\"\"  data-description=\"\">\r\n                                <img decoding=\"async\" src=\"https:\/\/trebolense.com.ar\/archivo\/wp-content\/uploads\/2026\/02\/ABEL-PINTOS.jpeg\" srcset=\"https:\/\/trebolense.com.ar\/archivo\/wp-content\/uploads\/2026\/02\/ABEL-PINTOS.jpeg 600w, https:\/\/trebolense.com.ar\/archivo\/wp-content\/uploads\/2026\/02\/ABEL-PINTOS-300x197.jpeg 300w\" sizes=\"(max-width: 600px) 100vw, 600px\" alt=\"\">\r\n                            <\/a>\r\n                            \r\n                        <\/figure>\r\n                    <\/div>\r\n                    <div class = \"td-slide-item td-item8\">\r\n                        <figure class=\"td-slide-galery-figure td-slide-popup-gallery\">\r\n                            <a class=\"slide-gallery-image-link\" href=\"https:\/\/trebolense.com.ar\/archivo\/wp-content\/uploads\/2026\/02\/PUBLICO-e1771591338221.jpeg\" title=\"PUBLICO\"  data-caption=\"\"  data-description=\"\">\r\n                                <img decoding=\"async\" src=\"https:\/\/trebolense.com.ar\/archivo\/wp-content\/uploads\/2026\/02\/PUBLICO-e1771591338221.jpeg\" srcset=\"https:\/\/trebolense.com.ar\/archivo\/wp-content\/uploads\/2026\/02\/PUBLICO-e1771591338221.jpeg 898w, https:\/\/trebolense.com.ar\/archivo\/wp-content\/uploads\/2026\/02\/PUBLICO-e1771591338221-300x179.jpeg 300w, https:\/\/trebolense.com.ar\/archivo\/wp-content\/uploads\/2026\/02\/PUBLICO-e1771591338221-768x459.jpeg 768w, https:\/\/trebolense.com.ar\/archivo\/wp-content\/uploads\/2026\/02\/PUBLICO-e1771591338221-696x416.jpeg 696w\" sizes=\"(max-width: 898px) 100vw, 898px\" alt=\"\">\r\n                            <\/a>\r\n                            \r\n                        <\/figure>\r\n                    <\/div>\r\n                            <\/div>\r\n                        <\/div>\r\n\r\n                        <div class = \"td-doubleSlider-2\">\r\n                            <div class = \"td-slider\">\r\n                                \r\n                    <div class = \"td-button td-item1\">\r\n                        <div class = \"td-border\"><\/div>\r\n                    <\/div>\r\n                    <div class = \"td-button td-item2\">\r\n                        <div class = \"td-border\"><\/div>\r\n                    <\/div>\r\n                    <div class = \"td-button td-item3\">\r\n                        <div class = \"td-border\"><\/div>\r\n                    <\/div>\r\n                    <div class = \"td-button td-item4\">\r\n                        <div class = \"td-border\"><\/div>\r\n                    <\/div>\r\n                    <div class = \"td-button td-item5\">\r\n                        <div class = \"td-border\"><\/div>\r\n                    <\/div>\r\n                    <div class = \"td-button td-item6\">\r\n                        <div class = \"td-border\"><\/div>\r\n                    <\/div>\r\n                    <div class = \"td-button td-item7\">\r\n                        <div class = \"td-border\"><\/div>\r\n                    <\/div>\r\n                    <div class = \"td-button td-item8\">\r\n                        <div class = \"td-border\"><\/div>\r\n                    <\/div>\r\n                            <\/div>\r\n                        <\/div>\r\n\r\n                    <\/div>\r\n\r\n                <\/div>\r\n                \n<p>Fotos gentileza El Tr\u00e9bol Digital<\/p>\n<p>Esperamos que las condiciones del pa\u00eds lo permitan y pueda volver a realizarse en nuestro Club semejante muestra del poder\u00edo industrial y comercial de la regi\u00f3n. Seguramente diremos presente por Club Trebolense y por la Comunidad de El Tr\u00e9bol que lo merece.<\/p>\n<blockquote class=\"td_quote_box td_box_center\"><p><span class=\"td_btn td_btn_sm td_default_btn td_outlined_btn\">El presente Archivo Hist\u00f3rico digitalizado ha sido confeccionado con los materiales\u00a0 resguardados en el tiempo por la instituci\u00f3n. El mismo no es cerrado y puede ser enriquecido por los protagonistas y familiares aportando datos y fotograf\u00edas. Contacto: archivohistorico@trebolense.com<\/span><\/p><\/blockquote>\n<p>&nbsp;<\/p>\n","protected":false},"excerpt":{"rendered":"<p>En la d\u00e9cada de 1980, El Tr\u00e9bol que era una pujante localidad de la Provincia de Santa Fe, sobresal\u00eda y se distingu\u00eda por su actividad industrial emblem\u00e1tica, enclavada en una muy rica cuenca lechera, como lo era la f\u00e1brica de m\u00e1quinas orde\u00f1adoras. Para ese entonces hab\u00eda en nuestro pueblo cinco f\u00e1bricas del rubro. Adem\u00e1s, en [&hellip;]<\/p>\n","protected":false},"author":2,"featured_media":1974,"comment_status":"closed","ping_status":"closed","sticky":false,"template":"","format":"standard","meta":{"footnotes":""},"categories":[134,7],"tags":[],"class_list":["post-1956","post","type-post","status-publish","format-standard","has-post-thumbnail","category-fiesta-de-la-ordenadora","category-sociales"],"_links":{"self":[{"href":"https:\/\/trebolense.com.ar\/archivo\/wp-json\/wp\/v2\/posts\/1956","targetHints":{"allow":["GET"]}}],"collection":[{"href":"https:\/\/trebolense.com.ar\/archivo\/wp-json\/wp\/v2\/posts"}],"about":[{"href":"https:\/\/trebolense.com.ar\/archivo\/wp-json\/wp\/v2\/types\/post"}],"author":[{"embeddable":true,"href":"https:\/\/trebolense.com.ar\/archivo\/wp-json\/wp\/v2\/users\/2"}],"replies":[{"embeddable":true,"href":"https:\/\/trebolense.com.ar\/archivo\/wp-json\/wp\/v2\/comments?post=1956"}],"version-history":[{"count":31,"href":"https:\/\/trebolense.com.ar\/archivo\/wp-json\/wp\/v2\/posts\/1956\/revisions"}],"predecessor-version":[{"id":2701,"href":"https:\/\/trebolense.com.ar\/archivo\/wp-json\/wp\/v2\/posts\/1956\/revisions\/2701"}],"wp:featuredmedia":[{"embeddable":true,"href":"https:\/\/trebolense.com.ar\/archivo\/wp-json\/wp\/v2\/media\/1974"}],"wp:attachment":[{"href":"https:\/\/trebolense.com.ar\/archivo\/wp-json\/wp\/v2\/media?parent=1956"}],"wp:term":[{"taxonomy":"category","embeddable":true,"href":"https:\/\/trebolense.com.ar\/archivo\/wp-json\/wp\/v2\/categories?post=1956"},{"taxonomy":"post_tag","embeddable":true,"href":"https:\/\/trebolense.com.ar\/archivo\/wp-json\/wp\/v2\/tags?post=1956"}],"curies":[{"name":"wp","href":"https:\/\/api.w.org\/{rel}","templated":true}]}}