{"id":1734,"date":"2026-02-05T09:58:21","date_gmt":"2026-02-05T12:58:21","guid":{"rendered":"https:\/\/trebolense.com.ar\/archivo\/?p=1734"},"modified":"2026-03-12T10:34:19","modified_gmt":"2026-03-12T13:34:19","slug":"grupo-abuelos-de-trebolense","status":"publish","type":"post","link":"https:\/\/trebolense.com.ar\/archivo\/grupo-abuelos-de-trebolense\/","title":{"rendered":"Grupo Abuelos de Trebolense"},"content":{"rendered":"<p style=\"text-align: justify\">Corr\u00eda el a\u00f1o 2005, Elvio Magnano presid\u00eda nuestro Club, y hab\u00eda que prever los festejos del Centenario de Trebolense para el pr\u00f3ximo 1 de Agosto de 2009. Decidieron llamar a un Grupo de Abuelos para que se integren a trabajar.<\/p>\n<p style=\"text-align: justify\">Elvio y su grupo de colaboradores, adem\u00e1s de quienes \u00e9ramos part\u00edcipes colaterales de los\u00a0 festejos que se preve\u00edan, no nos imagin\u00e1bamos que en esa \u00abtercera edad\u00bb hab\u00eda tanto para dar, tanta capacidad organizativa, tanto ingenio, imaginaci\u00f3n y propuestas creativas. Ellos\u00a0 desde ese mismo instante comenzaron a trabajar en eventos previos y con la consigna: RUMBO AL CENTENARIO.<\/p>\n<p><a href=\"https:\/\/trebolense.com.ar\/archivo\/wp-content\/uploads\/2026\/02\/BANDERA-ABUELOS.jpg\"><img loading=\"lazy\" decoding=\"async\" class=\"size-medium wp-image-1815 aligncenter\" src=\"https:\/\/trebolense.com.ar\/archivo\/wp-content\/uploads\/2026\/02\/BANDERA-ABUELOS-300x203.jpg\" alt=\"\" width=\"300\" height=\"203\" srcset=\"https:\/\/trebolense.com.ar\/archivo\/wp-content\/uploads\/2026\/02\/BANDERA-ABUELOS-300x203.jpg 300w, https:\/\/trebolense.com.ar\/archivo\/wp-content\/uploads\/2026\/02\/BANDERA-ABUELOS-1024x691.jpg 1024w, https:\/\/trebolense.com.ar\/archivo\/wp-content\/uploads\/2026\/02\/BANDERA-ABUELOS-768x518.jpg 768w, https:\/\/trebolense.com.ar\/archivo\/wp-content\/uploads\/2026\/02\/BANDERA-ABUELOS-696x470.jpg 696w, https:\/\/trebolense.com.ar\/archivo\/wp-content\/uploads\/2026\/02\/BANDERA-ABUELOS-1068x721.jpg 1068w, https:\/\/trebolense.com.ar\/archivo\/wp-content\/uploads\/2026\/02\/BANDERA-ABUELOS.jpg 1200w\" sizes=\"auto, (max-width: 300px) 100vw, 300px\" \/><\/a><\/p>\n<p style=\"text-align: justify\">Muy bien asesorados en la historia cronol\u00f3gica del Club por Rub\u00e9n A. Pron y Roberto Maurino,\u00a0excelsos cronistas e historiadores de nuestro medio. Justamente a Roberto Maurino se le hab\u00eda pedido la conducci\u00f3n y redacci\u00f3n del Libro del Centenario, tarea que fue aceptada inmediatamente por Roberto, qui\u00e9n nos dejara f\u00edsicamente el d\u00eda 5 de Mayo de 2024.<\/p>\n<p style=\"text-align: justify\">El Grupo Abuelos tuvo una activa participaci\u00f3n acompa\u00f1ando en todo lo referido al Centenario, en la redacci\u00f3n del Libro del Centenario y en los festejos centrales realizados en el mes de Agosto de 2009. Nos han dejado un legado de actas y escritos que se hallan atesorados en el Archivo Hist\u00f3rico del Club.<\/p>\n<p>Fotograf\u00eda de los integrantes de primera subcomisi\u00f3n de Abuelos de CAT.<\/p>\n<p><a href=\"https:\/\/trebolense.com.ar\/archivo\/wp-content\/uploads\/2026\/02\/ABUELOS-1.jpg\"><img loading=\"lazy\" decoding=\"async\" class=\" wp-image-1812 aligncenter\" src=\"https:\/\/trebolense.com.ar\/archivo\/wp-content\/uploads\/2026\/02\/ABUELOS-1-300x213.jpg\" alt=\"\" width=\"369\" height=\"262\" srcset=\"https:\/\/trebolense.com.ar\/archivo\/wp-content\/uploads\/2026\/02\/ABUELOS-1-300x213.jpg 300w, https:\/\/trebolense.com.ar\/archivo\/wp-content\/uploads\/2026\/02\/ABUELOS-1-1024x728.jpg 1024w, https:\/\/trebolense.com.ar\/archivo\/wp-content\/uploads\/2026\/02\/ABUELOS-1-768x546.jpg 768w, https:\/\/trebolense.com.ar\/archivo\/wp-content\/uploads\/2026\/02\/ABUELOS-1-696x495.jpg 696w, https:\/\/trebolense.com.ar\/archivo\/wp-content\/uploads\/2026\/02\/ABUELOS-1-1068x759.jpg 1068w, https:\/\/trebolense.com.ar\/archivo\/wp-content\/uploads\/2026\/02\/ABUELOS-1.jpg 1200w\" sizes=\"auto, (max-width: 369px) 100vw, 369px\" \/><\/a><\/p>\n<p>Subcomisiones que sucedieron<\/p>\n<p><a href=\"https:\/\/trebolense.com.ar\/archivo\/wp-content\/uploads\/2026\/02\/ABUELOS-2.jpg\"><img loading=\"lazy\" decoding=\"async\" class=\"wp-image-1813 aligncenter\" src=\"https:\/\/trebolense.com.ar\/archivo\/wp-content\/uploads\/2026\/02\/ABUELOS-2-300x200.jpg\" alt=\"\" width=\"330\" height=\"220\" srcset=\"https:\/\/trebolense.com.ar\/archivo\/wp-content\/uploads\/2026\/02\/ABUELOS-2-300x200.jpg 300w, https:\/\/trebolense.com.ar\/archivo\/wp-content\/uploads\/2026\/02\/ABUELOS-2-1024x683.jpg 1024w, https:\/\/trebolense.com.ar\/archivo\/wp-content\/uploads\/2026\/02\/ABUELOS-2-768x512.jpg 768w, https:\/\/trebolense.com.ar\/archivo\/wp-content\/uploads\/2026\/02\/ABUELOS-2-696x464.jpg 696w, https:\/\/trebolense.com.ar\/archivo\/wp-content\/uploads\/2026\/02\/ABUELOS-2-1068x712.jpg 1068w, https:\/\/trebolense.com.ar\/archivo\/wp-content\/uploads\/2026\/02\/ABUELOS-2.jpg 1200w\" sizes=\"auto, (max-width: 330px) 100vw, 330px\" \/><\/a> <a href=\"https:\/\/trebolense.com.ar\/archivo\/wp-content\/uploads\/2026\/02\/AQBUELOS-3.jpg\"><img loading=\"lazy\" decoding=\"async\" class=\"wp-image-1814 aligncenter\" src=\"https:\/\/trebolense.com.ar\/archivo\/wp-content\/uploads\/2026\/02\/AQBUELOS-3-300x211.jpg\" alt=\"\" width=\"330\" height=\"232\" srcset=\"https:\/\/trebolense.com.ar\/archivo\/wp-content\/uploads\/2026\/02\/AQBUELOS-3-300x211.jpg 300w, https:\/\/trebolense.com.ar\/archivo\/wp-content\/uploads\/2026\/02\/AQBUELOS-3-1024x721.jpg 1024w, https:\/\/trebolense.com.ar\/archivo\/wp-content\/uploads\/2026\/02\/AQBUELOS-3-768x541.jpg 768w, https:\/\/trebolense.com.ar\/archivo\/wp-content\/uploads\/2026\/02\/AQBUELOS-3-696x490.jpg 696w, https:\/\/trebolense.com.ar\/archivo\/wp-content\/uploads\/2026\/02\/AQBUELOS-3-1068x752.jpg 1068w, https:\/\/trebolense.com.ar\/archivo\/wp-content\/uploads\/2026\/02\/AQBUELOS-3.jpg 1200w\" sizes=\"auto, (max-width: 330px) 100vw, 330px\" \/><\/a><\/p>\n<p>Cena de las 100 personas. Preparaci\u00f3n para el centenario<\/p>\n<p><a href=\"https:\/\/trebolense.com.ar\/archivo\/wp-content\/uploads\/2026\/02\/grupo-abuelos-2-e1770986318836.jpg\"><img loading=\"lazy\" decoding=\"async\" class=\"wp-image-1932 aligncenter\" src=\"https:\/\/trebolense.com.ar\/archivo\/wp-content\/uploads\/2026\/02\/grupo-abuelos-2-e1770986318836-300x201.jpg\" alt=\"\" width=\"330\" height=\"221\" srcset=\"https:\/\/trebolense.com.ar\/archivo\/wp-content\/uploads\/2026\/02\/grupo-abuelos-2-e1770986318836-300x201.jpg 300w, https:\/\/trebolense.com.ar\/archivo\/wp-content\/uploads\/2026\/02\/grupo-abuelos-2-e1770986318836-1024x687.jpg 1024w, https:\/\/trebolense.com.ar\/archivo\/wp-content\/uploads\/2026\/02\/grupo-abuelos-2-e1770986318836-768x515.jpg 768w, https:\/\/trebolense.com.ar\/archivo\/wp-content\/uploads\/2026\/02\/grupo-abuelos-2-e1770986318836-696x467.jpg 696w, https:\/\/trebolense.com.ar\/archivo\/wp-content\/uploads\/2026\/02\/grupo-abuelos-2-e1770986318836-1068x717.jpg 1068w, https:\/\/trebolense.com.ar\/archivo\/wp-content\/uploads\/2026\/02\/grupo-abuelos-2-e1770986318836.jpg 1198w\" sizes=\"auto, (max-width: 330px) 100vw, 330px\" \/><\/a><a href=\"https:\/\/trebolense.com.ar\/archivo\/wp-content\/uploads\/2026\/02\/grupo-cena-1.jpg\"><img loading=\"lazy\" decoding=\"async\" class=\"wp-image-1933 aligncenter\" src=\"https:\/\/trebolense.com.ar\/archivo\/wp-content\/uploads\/2026\/02\/grupo-cena-1-300x211.jpg\" alt=\"\" width=\"314\" height=\"221\" srcset=\"https:\/\/trebolense.com.ar\/archivo\/wp-content\/uploads\/2026\/02\/grupo-cena-1-300x211.jpg 300w, https:\/\/trebolense.com.ar\/archivo\/wp-content\/uploads\/2026\/02\/grupo-cena-1-1024x719.jpg 1024w, https:\/\/trebolense.com.ar\/archivo\/wp-content\/uploads\/2026\/02\/grupo-cena-1-768x539.jpg 768w, https:\/\/trebolense.com.ar\/archivo\/wp-content\/uploads\/2026\/02\/grupo-cena-1-696x488.jpg 696w, https:\/\/trebolense.com.ar\/archivo\/wp-content\/uploads\/2026\/02\/grupo-cena-1-1068x749.jpg 1068w, https:\/\/trebolense.com.ar\/archivo\/wp-content\/uploads\/2026\/02\/grupo-cena-1.jpg 1200w\" sizes=\"auto, (max-width: 314px) 100vw, 314px\" \/><\/a><\/p>\n<p>Escrito de la Secretaria del grupo Kititi Ramos<\/p>\n<p><a style=\"color: #4db2ec\" href=\"https:\/\/trebolense.com.ar\/archivo\/wp-content\/uploads\/2026\/02\/kititi.png\"><img loading=\"lazy\" decoding=\"async\" class=\"wp-image-1816 aligncenter\" src=\"https:\/\/trebolense.com.ar\/archivo\/wp-content\/uploads\/2026\/02\/kititi-275x300.png\" alt=\"\" width=\"430\" height=\"469\" srcset=\"https:\/\/trebolense.com.ar\/archivo\/wp-content\/uploads\/2026\/02\/kititi-275x300.png 275w, https:\/\/trebolense.com.ar\/archivo\/wp-content\/uploads\/2026\/02\/kititi-768x838.png 768w, https:\/\/trebolense.com.ar\/archivo\/wp-content\/uploads\/2026\/02\/kititi-696x759.png 696w, https:\/\/trebolense.com.ar\/archivo\/wp-content\/uploads\/2026\/02\/kititi.png 926w\" sizes=\"auto, (max-width: 430px) 100vw, 430px\" \/><\/a><\/p>\n<p>En los festejos del Centenario tambi\u00e9n tuvieron su reconocimiento<a href=\"https:\/\/trebolense.com.ar\/archivo\/wp-content\/uploads\/2026\/02\/ABUELOS-CENTENARIO.jpg\"><br \/>\n<img loading=\"lazy\" decoding=\"async\" class=\" wp-image-1854 aligncenter\" src=\"https:\/\/trebolense.com.ar\/archivo\/wp-content\/uploads\/2026\/02\/ABUELOS-CENTENARIO-300x206.jpg\" alt=\"\" width=\"383\" height=\"263\" srcset=\"https:\/\/trebolense.com.ar\/archivo\/wp-content\/uploads\/2026\/02\/ABUELOS-CENTENARIO-300x206.jpg 300w, https:\/\/trebolense.com.ar\/archivo\/wp-content\/uploads\/2026\/02\/ABUELOS-CENTENARIO-1024x702.jpg 1024w, https:\/\/trebolense.com.ar\/archivo\/wp-content\/uploads\/2026\/02\/ABUELOS-CENTENARIO-768x527.jpg 768w, https:\/\/trebolense.com.ar\/archivo\/wp-content\/uploads\/2026\/02\/ABUELOS-CENTENARIO-218x150.jpg 218w, https:\/\/trebolense.com.ar\/archivo\/wp-content\/uploads\/2026\/02\/ABUELOS-CENTENARIO-696x477.jpg 696w, https:\/\/trebolense.com.ar\/archivo\/wp-content\/uploads\/2026\/02\/ABUELOS-CENTENARIO-1068x732.jpg 1068w, https:\/\/trebolense.com.ar\/archivo\/wp-content\/uploads\/2026\/02\/ABUELOS-CENTENARIO.jpg 1200w\" sizes=\"auto, (max-width: 383px) 100vw, 383px\" \/><\/a><\/p>\n<p>&nbsp;<\/p>\n<p>&nbsp;<\/p>\n<p>&nbsp;<\/p>\n<p>&nbsp;<\/p>\n<p>&nbsp;<\/p>\n","protected":false},"excerpt":{"rendered":"<p>Corr\u00eda el a\u00f1o 2005, Elvio Magnano presid\u00eda nuestro Club, y hab\u00eda que prever los festejos del Centenario de Trebolense para el pr\u00f3ximo 1 de Agosto de 2009. Decidieron llamar a un Grupo de Abuelos para que se integren a trabajar. Elvio y su grupo de colaboradores, adem\u00e1s de quienes \u00e9ramos part\u00edcipes colaterales de los\u00a0 festejos [&hellip;]<\/p>\n","protected":false},"author":2,"featured_media":1815,"comment_status":"closed","ping_status":"closed","sticky":false,"template":"","format":"standard","meta":{"footnotes":""},"categories":[131,7],"tags":[],"class_list":["post-1734","post","type-post","status-publish","format-standard","has-post-thumbnail","category-grupo-abuelos","category-sociales"],"_links":{"self":[{"href":"https:\/\/trebolense.com.ar\/archivo\/wp-json\/wp\/v2\/posts\/1734","targetHints":{"allow":["GET"]}}],"collection":[{"href":"https:\/\/trebolense.com.ar\/archivo\/wp-json\/wp\/v2\/posts"}],"about":[{"href":"https:\/\/trebolense.com.ar\/archivo\/wp-json\/wp\/v2\/types\/post"}],"author":[{"embeddable":true,"href":"https:\/\/trebolense.com.ar\/archivo\/wp-json\/wp\/v2\/users\/2"}],"replies":[{"embeddable":true,"href":"https:\/\/trebolense.com.ar\/archivo\/wp-json\/wp\/v2\/comments?post=1734"}],"version-history":[{"count":16,"href":"https:\/\/trebolense.com.ar\/archivo\/wp-json\/wp\/v2\/posts\/1734\/revisions"}],"predecessor-version":[{"id":2199,"href":"https:\/\/trebolense.com.ar\/archivo\/wp-json\/wp\/v2\/posts\/1734\/revisions\/2199"}],"wp:featuredmedia":[{"embeddable":true,"href":"https:\/\/trebolense.com.ar\/archivo\/wp-json\/wp\/v2\/media\/1815"}],"wp:attachment":[{"href":"https:\/\/trebolense.com.ar\/archivo\/wp-json\/wp\/v2\/media?parent=1734"}],"wp:term":[{"taxonomy":"category","embeddable":true,"href":"https:\/\/trebolense.com.ar\/archivo\/wp-json\/wp\/v2\/categories?post=1734"},{"taxonomy":"post_tag","embeddable":true,"href":"https:\/\/trebolense.com.ar\/archivo\/wp-json\/wp\/v2\/tags?post=1734"}],"curies":[{"name":"wp","href":"https:\/\/api.w.org\/{rel}","templated":true}]}}