{"id":1732,"date":"2026-02-05T08:34:46","date_gmt":"2026-02-05T11:34:46","guid":{"rendered":"https:\/\/trebolense.com.ar\/archivo\/?p=1732"},"modified":"2026-02-27T10:40:48","modified_gmt":"2026-02-27T13:40:48","slug":"monumento-a-la-madre","status":"publish","type":"post","link":"https:\/\/trebolense.com.ar\/archivo\/monumento-a-la-madre\/","title":{"rendered":"Monumento a La Madre"},"content":{"rendered":"<p style=\"text-align: justify\">La iniciativa estuvo a cargo del Cuadro Filodram\u00e1tico de la instituci\u00f3n celeste y blanca. Puestos en posibilitar la tarea de financiaci\u00f3n del proyecto, el elenco llev\u00f3 a cabo funciones con el exclusivo prop\u00f3sito de recaudar fondos que luego fueron incrementados con la generosidad de madres del club.<a href=\"https:\/\/trebolense.com.ar\/archivo\/wp-content\/uploads\/2026\/02\/MONUMENTO-A-LA-MADRE-1958.jpg\"><img loading=\"lazy\" decoding=\"async\" class=\"wp-image-1771 alignright\" src=\"https:\/\/trebolense.com.ar\/archivo\/wp-content\/uploads\/2026\/02\/MONUMENTO-A-LA-MADRE-1958-300x172.jpg\" alt=\"\" width=\"449\" height=\"258\" srcset=\"https:\/\/trebolense.com.ar\/archivo\/wp-content\/uploads\/2026\/02\/MONUMENTO-A-LA-MADRE-1958-300x172.jpg 300w, https:\/\/trebolense.com.ar\/archivo\/wp-content\/uploads\/2026\/02\/MONUMENTO-A-LA-MADRE-1958-1024x585.jpg 1024w, https:\/\/trebolense.com.ar\/archivo\/wp-content\/uploads\/2026\/02\/MONUMENTO-A-LA-MADRE-1958-768x439.jpg 768w, https:\/\/trebolense.com.ar\/archivo\/wp-content\/uploads\/2026\/02\/MONUMENTO-A-LA-MADRE-1958-696x398.jpg 696w, https:\/\/trebolense.com.ar\/archivo\/wp-content\/uploads\/2026\/02\/MONUMENTO-A-LA-MADRE-1958-1068x611.jpg 1068w, https:\/\/trebolense.com.ar\/archivo\/wp-content\/uploads\/2026\/02\/MONUMENTO-A-LA-MADRE-1958.jpg 1200w\" sizes=\"auto, (max-width: 449px) 100vw, 449px\" \/><\/a><\/p>\n<p style=\"text-align: justify\">Superado el problema econ\u00f3mico encargaron su ejecuci\u00f3n al reconocido artista Juan Pablo Borgarello, esposo de la artista local Elisa Damiano,\u00a0 quien plasm\u00f3 en piedra los dictados de su inspiraci\u00f3n y cuyo pedestal fue dise\u00f1ado por el Ingeniero Heriberto Maurino.<\/p>\n<p style=\"text-align: justify\">El acto inaugural se llevo a cabo el 11 de octubre de 1958, fue sencillo pero pleno de emoci\u00f3n, dando forma y color de realidad a la acariciada iniciativa. Junto a la imagen de m\u00e1rmol, otra madre, la m\u00e1s anciana de la localidad, Beccar\u00eda con mas de 100 a\u00f1os de vida descorri\u00f3 temblorosa el blanco velo y desde ese instante se vio con satisfacci\u00f3n el sue\u00f1o realizado.<\/p>\n<p style=\"text-align: justify\">Una obra m\u00e1s, que Club Atl\u00e9tico Trebolense dedic\u00f3 a su pueblo.<\/p>\n<p style=\"text-align: justify\">Las palabras de ese momento fueron: \u201cNuestro Pueblo tiene ya su Monumento a la Madre. \u00a0Desde aqu\u00ed ver\u00e1 pasar durante a\u00f1os sucesivas generaciones, que como la nuestra, infundieran a la fr\u00eda realidad de su estructura el tibio esp\u00edritu de la mirada agradecida, la oraci\u00f3n en lentas palabras rezar\u00e1 el fervor de recogidas emociones y quiz\u00e1s la l\u00e1grima que al rodar por las mejillas dir\u00e1 un nuevo adi\u00f3s a la madre buena que se fue\u201d. \u201cEs el calor que necesita este m\u00e1rmol. Una feliz iniciativa lo hizo posible, un artista le dio forma, pero su alma la debemos modelar nosotros y su vida infundirla a cada rato proyectando este momento a todos los del futuro\u201d.<\/p>\n\r\n                <style type=\"text\/css\">\r\n                    \r\n                    #tdi_1  .td-doubleSlider-2 .td-item1 {\r\n                        background: url(https:\/\/trebolense.com.ar\/archivo\/wp-content\/uploads\/2026\/02\/monumento-madre-1.jpg) 0 0 no-repeat;\r\n                    }\r\n                    #tdi_1  .td-doubleSlider-2 .td-item2 {\r\n                        background: url(https:\/\/trebolense.com.ar\/archivo\/wp-content\/uploads\/2026\/02\/monumento-madre-2.jpg) 0 0 no-repeat;\r\n                    }\r\n                    #tdi_1  .td-doubleSlider-2 .td-item3 {\r\n                        background: url(https:\/\/trebolense.com.ar\/archivo\/wp-content\/uploads\/2026\/02\/DIA-DE-LA-MADRE-1958-e1770386994565.jpg) 0 0 no-repeat;\r\n                    }\r\n                <\/style>\r\n\r\n                <div id=\"tdi_1\" class=\"td-gallery td-slide-on-2-columns\">\r\n                    <div class=\"post_td_gallery\">\r\n                        <div class=\"td-gallery-slide-top\">\r\n                           <div class=\"td-gallery-title\"><\/div>\r\n\r\n                            <div class=\"td-gallery-controls-wrapper\">\r\n                                <div class=\"td-gallery-slide-count\"><span class=\"td-gallery-slide-item-focus\">1<\/span> de 3<\/div>\r\n                                <div class=\"td-gallery-slide-prev-next-but\">\r\n                                    <i class = \"td-icon-left doubleSliderPrevButton\"><\/i>\r\n                                    <i class = \"td-icon-right doubleSliderNextButton\"><\/i>\r\n                                <\/div>\r\n                            <\/div>\r\n                        <\/div>\r\n\r\n                        <div class = \"td-doubleSlider-1 \">\r\n                            <div class = \"td-slider\">\r\n                                \r\n                    <div class = \"td-slide-item td-item1\">\r\n                        <figure class=\"td-slide-galery-figure td-slide-popup-gallery\">\r\n                            <a class=\"slide-gallery-image-link\" href=\"https:\/\/trebolense.com.ar\/archivo\/wp-content\/uploads\/2026\/02\/monumento-madre-1.jpg\" title=\"monumento madre 1\"  data-caption=\"\"  data-description=\"\">\r\n                                <img decoding=\"async\" src=\"https:\/\/trebolense.com.ar\/archivo\/wp-content\/uploads\/2026\/02\/monumento-madre-1.jpg\" srcset=\"https:\/\/trebolense.com.ar\/archivo\/wp-content\/uploads\/2026\/02\/monumento-madre-1.jpg 749w, https:\/\/trebolense.com.ar\/archivo\/wp-content\/uploads\/2026\/02\/monumento-madre-1-187x300.jpg 187w, https:\/\/trebolense.com.ar\/archivo\/wp-content\/uploads\/2026\/02\/monumento-madre-1-639x1024.jpg 639w, https:\/\/trebolense.com.ar\/archivo\/wp-content\/uploads\/2026\/02\/monumento-madre-1-696x1115.jpg 696w\" sizes=\"(max-width: 749px) 100vw, 749px\" alt=\"\">\r\n                            <\/a>\r\n                            \r\n                        <\/figure>\r\n                    <\/div>\r\n                    <div class = \"td-slide-item td-item2\">\r\n                        <figure class=\"td-slide-galery-figure td-slide-popup-gallery\">\r\n                            <a class=\"slide-gallery-image-link\" href=\"https:\/\/trebolense.com.ar\/archivo\/wp-content\/uploads\/2026\/02\/monumento-madre-2.jpg\" title=\"monumento madre 2\"  data-caption=\"\"  data-description=\"\">\r\n                                <img decoding=\"async\" src=\"https:\/\/trebolense.com.ar\/archivo\/wp-content\/uploads\/2026\/02\/monumento-madre-2.jpg\" srcset=\"https:\/\/trebolense.com.ar\/archivo\/wp-content\/uploads\/2026\/02\/monumento-madre-2.jpg 737w, https:\/\/trebolense.com.ar\/archivo\/wp-content\/uploads\/2026\/02\/monumento-madre-2-184x300.jpg 184w, https:\/\/trebolense.com.ar\/archivo\/wp-content\/uploads\/2026\/02\/monumento-madre-2-629x1024.jpg 629w, https:\/\/trebolense.com.ar\/archivo\/wp-content\/uploads\/2026\/02\/monumento-madre-2-696x1133.jpg 696w\" sizes=\"(max-width: 737px) 100vw, 737px\" alt=\"\">\r\n                            <\/a>\r\n                            \r\n                        <\/figure>\r\n                    <\/div>\r\n                    <div class = \"td-slide-item td-item3\">\r\n                        <figure class=\"td-slide-galery-figure td-slide-popup-gallery\">\r\n                            <a class=\"slide-gallery-image-link\" href=\"https:\/\/trebolense.com.ar\/archivo\/wp-content\/uploads\/2026\/02\/DIA-DE-LA-MADRE-1958-e1770386994565.jpg\" title=\"DIA DE LA MADRE 1958\"  data-caption=\"Directores del Cuadro Filodram\u00e1tico: Pedro N. Aguilera y Aldo Bordigoni, Actores: Angel Gramaglia, Walter Bergia, Edison Albertengo, Delfor Bertaina, Nevio Camusso, Herminia Trossero, Edith Bauducco, Nidia Possio, Eraldo Aragno, Oscar Bertaina, Apuntador: Uvaldo Massa, Maquinista: Esteban Grosso, Iluminador: Octavio Brussa, Escen\u00f3grafo: Alberto Pron.\"  data-description=\"\">\r\n                                <img decoding=\"async\" src=\"https:\/\/trebolense.com.ar\/archivo\/wp-content\/uploads\/2026\/02\/DIA-DE-LA-MADRE-1958-e1770386994565.jpg\" srcset=\"https:\/\/trebolense.com.ar\/archivo\/wp-content\/uploads\/2026\/02\/DIA-DE-LA-MADRE-1958-e1770386994565.jpg 1178w, https:\/\/trebolense.com.ar\/archivo\/wp-content\/uploads\/2026\/02\/DIA-DE-LA-MADRE-1958-e1770386994565-300x189.jpg 300w, https:\/\/trebolense.com.ar\/archivo\/wp-content\/uploads\/2026\/02\/DIA-DE-LA-MADRE-1958-e1770386994565-1024x645.jpg 1024w, https:\/\/trebolense.com.ar\/archivo\/wp-content\/uploads\/2026\/02\/DIA-DE-LA-MADRE-1958-e1770386994565-768x484.jpg 768w, https:\/\/trebolense.com.ar\/archivo\/wp-content\/uploads\/2026\/02\/DIA-DE-LA-MADRE-1958-e1770386994565-696x438.jpg 696w, https:\/\/trebolense.com.ar\/archivo\/wp-content\/uploads\/2026\/02\/DIA-DE-LA-MADRE-1958-e1770386994565-1068x673.jpg 1068w\" sizes=\"(max-width: 1178px) 100vw, 1178px\" alt=\"\">\r\n                            <\/a>\r\n                            <figcaption class = \"td-slide-caption td-gallery-slide-content\"><div class = \"td-gallery-slide-copywrite\">Directores del Cuadro Filodram\u00e1tico: Pedro N. Aguilera y Aldo Bordigoni, Actores: Angel Gramaglia, Walter Bergia, Edison Albertengo, Delfor Bertaina, Nevio Camusso, Herminia Trossero, Edith Bauducco, Nidia Possio, Eraldo Aragno, Oscar Bertaina, Apuntador: Uvaldo Massa, Maquinista: Esteban Grosso, Iluminador: Octavio Brussa, Escen\u00f3grafo: Alberto Pron.<\/div><\/figcaption>\r\n                        <\/figure>\r\n                    <\/div>\r\n                            <\/div>\r\n                        <\/div>\r\n\r\n                        <div class = \"td-doubleSlider-2\">\r\n                            <div class = \"td-slider\">\r\n                                \r\n                    <div class = \"td-button td-item1\">\r\n                        <div class = \"td-border\"><\/div>\r\n                    <\/div>\r\n                    <div class = \"td-button td-item2\">\r\n                        <div class = \"td-border\"><\/div>\r\n                    <\/div>\r\n                    <div class = \"td-button td-item3\">\r\n                        <div class = \"td-border\"><\/div>\r\n                    <\/div>\r\n                            <\/div>\r\n                        <\/div>\r\n\r\n                    <\/div>\r\n\r\n                <\/div>\r\n                \n<p>&nbsp;<\/p>\n<p style=\"text-align: left\"><em>Directores del Cuadro Filodram\u00e1tico: Pedro N. Aguilera y Aldo Bordigoni, Actores: Angel Gramaglia, Walter Bergia, Edison Albertengo, Delfor Bertaina, Nevio Camusso, Herminia Trossero, Edith Bauducco, Nidia Possio, Eraldo Aragno, Oscar Bertaina, Apuntador: Uvaldo Massa, Maquinista: Esteban Grosso, Iluminador: Octavio Brussa, Escen\u00f3grafo: Alberto Pron.<\/em><\/p>\n<p>A continuaci\u00f3n copia del acta de entrega del Monumento a la Madre a las autoridades comunales de turno: por la comuna Jos\u00e9 Principe y Hector Ascorti; por Club Trebolense Heriberto Maurino y Jos\u00e9 Aicardi.<\/p>\n<p><a href=\"https:\/\/trebolense.com.ar\/archivo\/wp-content\/uploads\/2026\/02\/ACTA-ENTREGA-MON-UMENTO-A-LA-MADRE.jpg\"><img loading=\"lazy\" decoding=\"async\" class=\"size-medium wp-image-1766 aligncenter\" src=\"https:\/\/trebolense.com.ar\/archivo\/wp-content\/uploads\/2026\/02\/ACTA-ENTREGA-MON-UMENTO-A-LA-MADRE-212x300.jpg\" alt=\"\" width=\"212\" height=\"300\" srcset=\"https:\/\/trebolense.com.ar\/archivo\/wp-content\/uploads\/2026\/02\/ACTA-ENTREGA-MON-UMENTO-A-LA-MADRE-212x300.jpg 212w, https:\/\/trebolense.com.ar\/archivo\/wp-content\/uploads\/2026\/02\/ACTA-ENTREGA-MON-UMENTO-A-LA-MADRE-722x1024.jpg 722w, https:\/\/trebolense.com.ar\/archivo\/wp-content\/uploads\/2026\/02\/ACTA-ENTREGA-MON-UMENTO-A-LA-MADRE-768x1089.jpg 768w, https:\/\/trebolense.com.ar\/archivo\/wp-content\/uploads\/2026\/02\/ACTA-ENTREGA-MON-UMENTO-A-LA-MADRE-696x987.jpg 696w, https:\/\/trebolense.com.ar\/archivo\/wp-content\/uploads\/2026\/02\/ACTA-ENTREGA-MON-UMENTO-A-LA-MADRE.jpg 846w\" sizes=\"auto, (max-width: 212px) 100vw, 212px\" \/><\/a> <a href=\"https:\/\/trebolense.com.ar\/archivo\/wp-content\/uploads\/2026\/02\/ACTA-MONUMENTO-A-LA-MADRE-2.jpg\"><img loading=\"lazy\" decoding=\"async\" class=\"size-medium wp-image-1767 aligncenter\" src=\"https:\/\/trebolense.com.ar\/archivo\/wp-content\/uploads\/2026\/02\/ACTA-MONUMENTO-A-LA-MADRE-2-212x300.jpg\" alt=\"\" width=\"212\" height=\"300\" srcset=\"https:\/\/trebolense.com.ar\/archivo\/wp-content\/uploads\/2026\/02\/ACTA-MONUMENTO-A-LA-MADRE-2-212x300.jpg 212w, https:\/\/trebolense.com.ar\/archivo\/wp-content\/uploads\/2026\/02\/ACTA-MONUMENTO-A-LA-MADRE-2-722x1024.jpg 722w, https:\/\/trebolense.com.ar\/archivo\/wp-content\/uploads\/2026\/02\/ACTA-MONUMENTO-A-LA-MADRE-2-768x1089.jpg 768w, https:\/\/trebolense.com.ar\/archivo\/wp-content\/uploads\/2026\/02\/ACTA-MONUMENTO-A-LA-MADRE-2-696x987.jpg 696w, https:\/\/trebolense.com.ar\/archivo\/wp-content\/uploads\/2026\/02\/ACTA-MONUMENTO-A-LA-MADRE-2.jpg 846w\" sizes=\"auto, (max-width: 212px) 100vw, 212px\" \/><\/a><\/p>\n","protected":false},"excerpt":{"rendered":"<p>La iniciativa estuvo a cargo del Cuadro Filodram\u00e1tico de la instituci\u00f3n celeste y blanca. Puestos en posibilitar la tarea de financiaci\u00f3n del proyecto, el elenco llev\u00f3 a cabo funciones con el exclusivo prop\u00f3sito de recaudar fondos que luego fueron incrementados con la generosidad de madres del club. Superado el problema econ\u00f3mico encargaron su ejecuci\u00f3n al [&hellip;]<\/p>\n","protected":false},"author":2,"featured_media":1771,"comment_status":"closed","ping_status":"closed","sticky":false,"template":"","format":"standard","meta":{"footnotes":""},"categories":[141,7],"tags":[],"class_list":["post-1732","post","type-post","status-publish","format-standard","has-post-thumbnail","category-monumento-a-la-madre","category-sociales"],"_links":{"self":[{"href":"https:\/\/trebolense.com.ar\/archivo\/wp-json\/wp\/v2\/posts\/1732","targetHints":{"allow":["GET"]}}],"collection":[{"href":"https:\/\/trebolense.com.ar\/archivo\/wp-json\/wp\/v2\/posts"}],"about":[{"href":"https:\/\/trebolense.com.ar\/archivo\/wp-json\/wp\/v2\/types\/post"}],"author":[{"embeddable":true,"href":"https:\/\/trebolense.com.ar\/archivo\/wp-json\/wp\/v2\/users\/2"}],"replies":[{"embeddable":true,"href":"https:\/\/trebolense.com.ar\/archivo\/wp-json\/wp\/v2\/comments?post=1732"}],"version-history":[{"count":9,"href":"https:\/\/trebolense.com.ar\/archivo\/wp-json\/wp\/v2\/posts\/1732\/revisions"}],"predecessor-version":[{"id":2152,"href":"https:\/\/trebolense.com.ar\/archivo\/wp-json\/wp\/v2\/posts\/1732\/revisions\/2152"}],"wp:featuredmedia":[{"embeddable":true,"href":"https:\/\/trebolense.com.ar\/archivo\/wp-json\/wp\/v2\/media\/1771"}],"wp:attachment":[{"href":"https:\/\/trebolense.com.ar\/archivo\/wp-json\/wp\/v2\/media?parent=1732"}],"wp:term":[{"taxonomy":"category","embeddable":true,"href":"https:\/\/trebolense.com.ar\/archivo\/wp-json\/wp\/v2\/categories?post=1732"},{"taxonomy":"post_tag","embeddable":true,"href":"https:\/\/trebolense.com.ar\/archivo\/wp-json\/wp\/v2\/tags?post=1732"}],"curies":[{"name":"wp","href":"https:\/\/api.w.org\/{rel}","templated":true}]}}