{"id":1687,"date":"2026-02-03T18:21:45","date_gmt":"2026-02-03T21:21:45","guid":{"rendered":"https:\/\/trebolense.com.ar\/archivo\/?p=1687"},"modified":"2026-03-12T10:53:08","modified_gmt":"2026-03-12T13:53:08","slug":"pino-de-san-lorenzo-monumentos-historicos","status":"publish","type":"post","link":"https:\/\/trebolense.com.ar\/archivo\/pino-de-san-lorenzo-monumentos-historicos\/","title":{"rendered":"Pino de San Lorenzo   Monumentos hist\u00f3ricos"},"content":{"rendered":"<p><strong>Pino de San Lorenzo<\/strong><\/p>\n<p style=\"text-align: justify\">Del Gral. Jos\u00e9 de San Mart\u00edn: \u00abTengo el honor de decir a V.E. que en el d\u00eda 3 de Febrero los granaderos de mi mando en su primer ensayo han agregado un nuevo triunfo a las armas de la Patria\u00bb. Dicho parte de guerra luego del Combate de San Lorenzo fue realizado debajo del Pino Hist\u00f3rico que se conserva en el Convento de San Carlos y del cu\u00e1l tenemos el inmenso honor de resguardar un reto\u00f1o del mismo.<\/p>\n<p style=\"text-align: justify\">Dicha gesti\u00f3n se la debemos a Jos\u00e9 Pepe Aicardi, emblem\u00e1tico dirigente de Trebolense que tambi\u00e9n encabez\u00f3 la gran cruzada de lograr la cesi\u00f3n por parte de la Provincia de Santa Fe de los terrenos hoy pertenecientes al predio central del Club.<\/p>\n<p style=\"text-align: justify\">Pepe hab\u00eda iniciado la gesti\u00f3n en 1948, dirigi\u00e9ndose al Convento de San Carlos en la Ciudad de San Lorenzo con la finalidad de lograr se nos adjudique \u00abun reto\u00f1o del famoso Pino de San Lorenzo\u00bb para ser plantado en un lugar trascendente, en la entrada, y a la vista de cuanta gente visite nuestro Club. La gesti\u00f3n ha durado m\u00e1s de 20 a\u00f1os. Finalmente, el 12 de Julio de 1972 se recibi\u00f3 la tan esperada aprobaci\u00f3n firmada por el guardi\u00e1n del Convento Fray Luis A. Saks. Adjuntase una Tarjeta de Autenticidad.<a href=\"https:\/\/trebolense.com.ar\/archivo\/wp-content\/uploads\/2026\/02\/PINO-SAN-LORENZO-CERTIFICADO.jpeg\"><img loading=\"lazy\" decoding=\"async\" class=\"alignleft size-medium wp-image-1711\" src=\"https:\/\/trebolense.com.ar\/archivo\/wp-content\/uploads\/2026\/02\/PINO-SAN-LORENZO-CERTIFICADO-215x300.jpeg\" alt=\"\" width=\"215\" height=\"300\" srcset=\"https:\/\/trebolense.com.ar\/archivo\/wp-content\/uploads\/2026\/02\/PINO-SAN-LORENZO-CERTIFICADO-215x300.jpeg 215w, https:\/\/trebolense.com.ar\/archivo\/wp-content\/uploads\/2026\/02\/PINO-SAN-LORENZO-CERTIFICADO-733x1024.jpeg 733w, https:\/\/trebolense.com.ar\/archivo\/wp-content\/uploads\/2026\/02\/PINO-SAN-LORENZO-CERTIFICADO-768x1073.jpeg 768w, https:\/\/trebolense.com.ar\/archivo\/wp-content\/uploads\/2026\/02\/PINO-SAN-LORENZO-CERTIFICADO-696x972.jpeg 696w, https:\/\/trebolense.com.ar\/archivo\/wp-content\/uploads\/2026\/02\/PINO-SAN-LORENZO-CERTIFICADO.jpeg 859w\" sizes=\"auto, (max-width: 215px) 100vw, 215px\" \/><\/a><\/p>\n<p>El d\u00eda 17 de Setiembre de 1972 se procede al plantado del mismo en presencia del Sr. Presidente de la Instituci\u00f3n don Eraldo Aragno, don Pepe Aicardi y su hija Mar\u00eda Celeste, un grupo de deportistas de la Instituci\u00f3n y personal de maestranza (Grosso y Ferrero).<\/p>\n<p>Fotos: reto\u00f1o, momento del plantado, certificado de autenticidad, fotos actuales del pino.<\/p>\n<p>&nbsp;<\/p>\n\r\n                <style type=\"text\/css\">\r\n                    \r\n                    #tdi_1  .td-doubleSlider-2 .td-item1 {\r\n                        background: url(https:\/\/trebolense.com.ar\/archivo\/wp-content\/uploads\/2026\/02\/PINO-SAN-LORENZO-e1770211791471.jpg) 0 0 no-repeat;\r\n                    }\r\n                    #tdi_1  .td-doubleSlider-2 .td-item2 {\r\n                        background: url(https:\/\/trebolense.com.ar\/archivo\/wp-content\/uploads\/2026\/02\/PINO-SL-1-e1770211852833.jpg) 0 0 no-repeat;\r\n                    }\r\n                    #tdi_1  .td-doubleSlider-2 .td-item3 {\r\n                        background: url(https:\/\/trebolense.com.ar\/archivo\/wp-content\/uploads\/2026\/02\/PINO-2017.jpg) 0 0 no-repeat;\r\n                    }\r\n                    #tdi_1  .td-doubleSlider-2 .td-item4 {\r\n                        background: url(https:\/\/trebolense.com.ar\/archivo\/wp-content\/uploads\/2026\/02\/pino-2026-1.jpeg) 0 0 no-repeat;\r\n                    }\r\n                    #tdi_1  .td-doubleSlider-2 .td-item5 {\r\n                        background: url(https:\/\/trebolense.com.ar\/archivo\/wp-content\/uploads\/2026\/02\/PINO-Y-SECRETARIA.jpg) 0 0 no-repeat;\r\n                    }\r\n                <\/style>\r\n\r\n                <div id=\"tdi_1\" class=\"td-gallery td-slide-on-2-columns\">\r\n                    <div class=\"post_td_gallery\">\r\n                        <div class=\"td-gallery-slide-top\">\r\n                           <div class=\"td-gallery-title\"><\/div>\r\n\r\n                            <div class=\"td-gallery-controls-wrapper\">\r\n                                <div class=\"td-gallery-slide-count\"><span class=\"td-gallery-slide-item-focus\">1<\/span> de 5<\/div>\r\n                                <div class=\"td-gallery-slide-prev-next-but\">\r\n                                    <i class = \"td-icon-left doubleSliderPrevButton\"><\/i>\r\n                                    <i class = \"td-icon-right doubleSliderNextButton\"><\/i>\r\n                                <\/div>\r\n                            <\/div>\r\n                        <\/div>\r\n\r\n                        <div class = \"td-doubleSlider-1 \">\r\n                            <div class = \"td-slider\">\r\n                                \r\n                    <div class = \"td-slide-item td-item1\">\r\n                        <figure class=\"td-slide-galery-figure td-slide-popup-gallery\">\r\n                            <a class=\"slide-gallery-image-link\" href=\"https:\/\/trebolense.com.ar\/archivo\/wp-content\/uploads\/2026\/02\/PINO-SAN-LORENZO-e1770211791471.jpg\" title=\"PINO SAN LORENZO\"  data-caption=\"\"  data-description=\"\">\r\n                                <img decoding=\"async\" src=\"https:\/\/trebolense.com.ar\/archivo\/wp-content\/uploads\/2026\/02\/PINO-SAN-LORENZO-e1770211791471.jpg\" srcset=\"https:\/\/trebolense.com.ar\/archivo\/wp-content\/uploads\/2026\/02\/PINO-SAN-LORENZO-e1770211791471.jpg 1038w, https:\/\/trebolense.com.ar\/archivo\/wp-content\/uploads\/2026\/02\/PINO-SAN-LORENZO-e1770211791471-300x208.jpg 300w, https:\/\/trebolense.com.ar\/archivo\/wp-content\/uploads\/2026\/02\/PINO-SAN-LORENZO-e1770211791471-1024x708.jpg 1024w, https:\/\/trebolense.com.ar\/archivo\/wp-content\/uploads\/2026\/02\/PINO-SAN-LORENZO-e1770211791471-768x531.jpg 768w, https:\/\/trebolense.com.ar\/archivo\/wp-content\/uploads\/2026\/02\/PINO-SAN-LORENZO-e1770211791471-218x150.jpg 218w, https:\/\/trebolense.com.ar\/archivo\/wp-content\/uploads\/2026\/02\/PINO-SAN-LORENZO-e1770211791471-696x481.jpg 696w\" sizes=\"(max-width: 1038px) 100vw, 1038px\" alt=\"\">\r\n                            <\/a>\r\n                            \r\n                        <\/figure>\r\n                    <\/div>\r\n                    <div class = \"td-slide-item td-item2\">\r\n                        <figure class=\"td-slide-galery-figure td-slide-popup-gallery\">\r\n                            <a class=\"slide-gallery-image-link\" href=\"https:\/\/trebolense.com.ar\/archivo\/wp-content\/uploads\/2026\/02\/PINO-SL-1-e1770211852833.jpg\" title=\"PINO SL 1\"  data-caption=\"\"  data-description=\"\">\r\n                                <img decoding=\"async\" src=\"https:\/\/trebolense.com.ar\/archivo\/wp-content\/uploads\/2026\/02\/PINO-SL-1-e1770211852833.jpg\" srcset=\"https:\/\/trebolense.com.ar\/archivo\/wp-content\/uploads\/2026\/02\/PINO-SL-1-e1770211852833.jpg 730w, https:\/\/trebolense.com.ar\/archivo\/wp-content\/uploads\/2026\/02\/PINO-SL-1-e1770211852833-218x300.jpg 218w, https:\/\/trebolense.com.ar\/archivo\/wp-content\/uploads\/2026\/02\/PINO-SL-1-e1770211852833-696x959.jpg 696w\" sizes=\"(max-width: 730px) 100vw, 730px\" alt=\"\">\r\n                            <\/a>\r\n                            \r\n                        <\/figure>\r\n                    <\/div>\r\n                    <div class = \"td-slide-item td-item3\">\r\n                        <figure class=\"td-slide-galery-figure td-slide-popup-gallery\">\r\n                            <a class=\"slide-gallery-image-link\" href=\"https:\/\/trebolense.com.ar\/archivo\/wp-content\/uploads\/2026\/02\/PINO-2017.jpg\" title=\"PINO 2017\"  data-caption=\"\"  data-description=\"\">\r\n                                <img decoding=\"async\" src=\"https:\/\/trebolense.com.ar\/archivo\/wp-content\/uploads\/2026\/02\/PINO-2017.jpg\" srcset=\"https:\/\/trebolense.com.ar\/archivo\/wp-content\/uploads\/2026\/02\/PINO-2017.jpg 1200w, https:\/\/trebolense.com.ar\/archivo\/wp-content\/uploads\/2026\/02\/PINO-2017-300x135.jpg 300w, https:\/\/trebolense.com.ar\/archivo\/wp-content\/uploads\/2026\/02\/PINO-2017-1024x461.jpg 1024w, https:\/\/trebolense.com.ar\/archivo\/wp-content\/uploads\/2026\/02\/PINO-2017-768x346.jpg 768w, https:\/\/trebolense.com.ar\/archivo\/wp-content\/uploads\/2026\/02\/PINO-2017-696x313.jpg 696w, https:\/\/trebolense.com.ar\/archivo\/wp-content\/uploads\/2026\/02\/PINO-2017-1068x481.jpg 1068w\" sizes=\"(max-width: 1200px) 100vw, 1200px\" alt=\"\">\r\n                            <\/a>\r\n                            \r\n                        <\/figure>\r\n                    <\/div>\r\n                    <div class = \"td-slide-item td-item4\">\r\n                        <figure class=\"td-slide-galery-figure td-slide-popup-gallery\">\r\n                            <a class=\"slide-gallery-image-link\" href=\"https:\/\/trebolense.com.ar\/archivo\/wp-content\/uploads\/2026\/02\/pino-2026-1.jpeg\" title=\"pino 2026\"  data-caption=\"\"  data-description=\"\">\r\n                                <img decoding=\"async\" src=\"https:\/\/trebolense.com.ar\/archivo\/wp-content\/uploads\/2026\/02\/pino-2026-1.jpeg\" srcset=\"https:\/\/trebolense.com.ar\/archivo\/wp-content\/uploads\/2026\/02\/pino-2026-1.jpeg 794w, https:\/\/trebolense.com.ar\/archivo\/wp-content\/uploads\/2026\/02\/pino-2026-1-199x300.jpeg 199w, https:\/\/trebolense.com.ar\/archivo\/wp-content\/uploads\/2026\/02\/pino-2026-1-678x1024.jpeg 678w, https:\/\/trebolense.com.ar\/archivo\/wp-content\/uploads\/2026\/02\/pino-2026-1-768x1161.jpeg 768w, https:\/\/trebolense.com.ar\/archivo\/wp-content\/uploads\/2026\/02\/pino-2026-1-696x1052.jpeg 696w\" sizes=\"(max-width: 794px) 100vw, 794px\" alt=\"\">\r\n                            <\/a>\r\n                            \r\n                        <\/figure>\r\n                    <\/div>\r\n                    <div class = \"td-slide-item td-item5\">\r\n                        <figure class=\"td-slide-galery-figure td-slide-popup-gallery\">\r\n                            <a class=\"slide-gallery-image-link\" href=\"https:\/\/trebolense.com.ar\/archivo\/wp-content\/uploads\/2026\/02\/PINO-Y-SECRETARIA.jpg\" title=\"PINO Y SECRETARIA\"  data-caption=\"\"  data-description=\"\">\r\n                                <img decoding=\"async\" src=\"https:\/\/trebolense.com.ar\/archivo\/wp-content\/uploads\/2026\/02\/PINO-Y-SECRETARIA.jpg\" srcset=\"https:\/\/trebolense.com.ar\/archivo\/wp-content\/uploads\/2026\/02\/PINO-Y-SECRETARIA.jpg 1200w, https:\/\/trebolense.com.ar\/archivo\/wp-content\/uploads\/2026\/02\/PINO-Y-SECRETARIA-300x135.jpg 300w, https:\/\/trebolense.com.ar\/archivo\/wp-content\/uploads\/2026\/02\/PINO-Y-SECRETARIA-1024x461.jpg 1024w, https:\/\/trebolense.com.ar\/archivo\/wp-content\/uploads\/2026\/02\/PINO-Y-SECRETARIA-768x346.jpg 768w, https:\/\/trebolense.com.ar\/archivo\/wp-content\/uploads\/2026\/02\/PINO-Y-SECRETARIA-696x313.jpg 696w, https:\/\/trebolense.com.ar\/archivo\/wp-content\/uploads\/2026\/02\/PINO-Y-SECRETARIA-1068x481.jpg 1068w\" sizes=\"(max-width: 1200px) 100vw, 1200px\" alt=\"\">\r\n                            <\/a>\r\n                            \r\n                        <\/figure>\r\n                    <\/div>\r\n                            <\/div>\r\n                        <\/div>\r\n\r\n                        <div class = \"td-doubleSlider-2\">\r\n                            <div class = \"td-slider\">\r\n                                \r\n                    <div class = \"td-button td-item1\">\r\n                        <div class = \"td-border\"><\/div>\r\n                    <\/div>\r\n                    <div class = \"td-button td-item2\">\r\n                        <div class = \"td-border\"><\/div>\r\n                    <\/div>\r\n                    <div class = \"td-button td-item3\">\r\n                        <div class = \"td-border\"><\/div>\r\n                    <\/div>\r\n                    <div class = \"td-button td-item4\">\r\n                        <div class = \"td-border\"><\/div>\r\n                    <\/div>\r\n                    <div class = \"td-button td-item5\">\r\n                        <div class = \"td-border\"><\/div>\r\n                    <\/div>\r\n                            <\/div>\r\n                        <\/div>\r\n\r\n                    <\/div>\r\n\r\n                <\/div>\r\n                \n<p>&nbsp;<\/p>\n<p><strong>Monumento al Cincuentenario y Centenario<\/strong><\/p>\n<p style=\"text-align: justify\">Mencionamos a continuaci\u00f3n otra obra del Centro Amigos de Club Trebolense. Con motivos de conmemorarse el d\u00eda 1 de Agosto de 1959 las <strong>Bodas de Oro del Club<\/strong>, se hace entrega a las autoridades de un monumento aleg\u00f3rico que consta de una pir\u00e1mide invertida sobre base de cemento revestida de granito gris con sus cuatro caras expuestas para la colocaci\u00f3n de placas conmemorativas del evento y al fondo 5 columnas representando a las cinco d\u00e9cadas transcurridas desde su fundaci\u00f3n, tambi\u00e9n de cemento y revestidas en granito azul. Dicho monumento fue proyectado y mandado construir por el Ing. Heriberto Maurino y fue emplazado en el extremo noreste de la cancha principal del Estadio Centenario.<a href=\"https:\/\/trebolense.com.ar\/archivo\/wp-content\/uploads\/2026\/02\/MONUMENTO-CINCUENTENARIO-e1770212650515.jpg\"><img loading=\"lazy\" decoding=\"async\" class=\"wp-image-1716 aligncenter\" src=\"https:\/\/trebolense.com.ar\/archivo\/wp-content\/uploads\/2026\/02\/MONUMENTO-CINCUENTENARIO-e1770212650515-300x188.jpg\" alt=\"\" width=\"465\" height=\"291\" srcset=\"https:\/\/trebolense.com.ar\/archivo\/wp-content\/uploads\/2026\/02\/MONUMENTO-CINCUENTENARIO-e1770212650515-300x188.jpg 300w, https:\/\/trebolense.com.ar\/archivo\/wp-content\/uploads\/2026\/02\/MONUMENTO-CINCUENTENARIO-e1770212650515-1024x640.jpg 1024w, https:\/\/trebolense.com.ar\/archivo\/wp-content\/uploads\/2026\/02\/MONUMENTO-CINCUENTENARIO-e1770212650515-768x480.jpg 768w, https:\/\/trebolense.com.ar\/archivo\/wp-content\/uploads\/2026\/02\/MONUMENTO-CINCUENTENARIO-e1770212650515-696x435.jpg 696w, https:\/\/trebolense.com.ar\/archivo\/wp-content\/uploads\/2026\/02\/MONUMENTO-CINCUENTENARIO-e1770212650515-1068x668.jpg 1068w, https:\/\/trebolense.com.ar\/archivo\/wp-content\/uploads\/2026\/02\/MONUMENTO-CINCUENTENARIO-e1770212650515.jpg 1180w\" sizes=\"auto, (max-width: 465px) 100vw, 465px\" \/><\/a>A\u00f1os m\u00e1s tarde, debido a las remodelaciones efectuadas en el Estadio Centenario, se ha efectuado la mudanza del monumento hacia la derecha de la entrada principal del predio, junto al sector de m\u00e1stiles de banderas; al frente del sector de Canchas de Bochas. Al frente un pedestal con placa informativa referente al monolito.<a href=\"https:\/\/trebolense.com.ar\/archivo\/wp-content\/uploads\/2026\/02\/20191029_162038.jpg\"><img loading=\"lazy\" decoding=\"async\" class=\"wp-image-1717 aligncenter\" src=\"https:\/\/trebolense.com.ar\/archivo\/wp-content\/uploads\/2026\/02\/20191029_162038-300x155.jpg\" alt=\"\" width=\"468\" height=\"242\" srcset=\"https:\/\/trebolense.com.ar\/archivo\/wp-content\/uploads\/2026\/02\/20191029_162038-300x155.jpg 300w, https:\/\/trebolense.com.ar\/archivo\/wp-content\/uploads\/2026\/02\/20191029_162038-1024x528.jpg 1024w, https:\/\/trebolense.com.ar\/archivo\/wp-content\/uploads\/2026\/02\/20191029_162038-768x396.jpg 768w, https:\/\/trebolense.com.ar\/archivo\/wp-content\/uploads\/2026\/02\/20191029_162038-696x359.jpg 696w, https:\/\/trebolense.com.ar\/archivo\/wp-content\/uploads\/2026\/02\/20191029_162038-1068x551.jpg 1068w, https:\/\/trebolense.com.ar\/archivo\/wp-content\/uploads\/2026\/02\/20191029_162038.jpg 1200w\" sizes=\"auto, (max-width: 468px) 100vw, 468px\" \/><\/a>Luego sufrir\u00e1 el monumento al cincuentenario una segunda mudanza\u00a0hacia el sector izquierdo de la entrada principal del predio, adonde hoy lo podemos ver, junto a los monumentos aleg\u00f3ricos al <strong>Centenario del Club<\/strong>, en el a\u00f1o 2009.<a href=\"https:\/\/trebolense.com.ar\/archivo\/wp-content\/uploads\/2026\/02\/WhatsApp-Image-2026-02-04-at-10.59.18-e1770213989240.jpeg\"><img loading=\"lazy\" decoding=\"async\" class=\"wp-image-1722 aligncenter\" src=\"https:\/\/trebolense.com.ar\/archivo\/wp-content\/uploads\/2026\/02\/WhatsApp-Image-2026-02-04-at-10.59.18-e1770213989240-300x171.jpeg\" alt=\"\" width=\"467\" height=\"266\" srcset=\"https:\/\/trebolense.com.ar\/archivo\/wp-content\/uploads\/2026\/02\/WhatsApp-Image-2026-02-04-at-10.59.18-e1770213989240-300x171.jpeg 300w, https:\/\/trebolense.com.ar\/archivo\/wp-content\/uploads\/2026\/02\/WhatsApp-Image-2026-02-04-at-10.59.18-e1770213989240-1024x583.jpeg 1024w, https:\/\/trebolense.com.ar\/archivo\/wp-content\/uploads\/2026\/02\/WhatsApp-Image-2026-02-04-at-10.59.18-e1770213989240-768x437.jpeg 768w, https:\/\/trebolense.com.ar\/archivo\/wp-content\/uploads\/2026\/02\/WhatsApp-Image-2026-02-04-at-10.59.18-e1770213989240-696x396.jpeg 696w, https:\/\/trebolense.com.ar\/archivo\/wp-content\/uploads\/2026\/02\/WhatsApp-Image-2026-02-04-at-10.59.18-e1770213989240.jpeg 1050w\" sizes=\"auto, (max-width: 467px) 100vw, 467px\" \/><\/a>El sector de Monumentos al Centenario se halla presidido por una escultura realizada por la artista Adriana Sisto sobre un roble rescatado; cuatro monolitos en cuyo centro reza: \u00abTodos somos parte de esta historia\u00bb y dos laterales con m\u00faltiples plaquetas de instituciones locales y de pueblos y ciudades vecinas homenajeando el Centenario de Trebolense, adem\u00e1s el listado de actividades deportivas del Club en 2009.<\/p>\n<p><a href=\"https:\/\/trebolense.com.ar\/archivo\/wp-content\/uploads\/2026\/02\/WhatsApp-Image-2026-02-04-at-11.01.12.jpeg\"><img loading=\"lazy\" decoding=\"async\" class=\"wp-image-1721 aligncenter\" src=\"https:\/\/trebolense.com.ar\/archivo\/wp-content\/uploads\/2026\/02\/WhatsApp-Image-2026-02-04-at-11.01.12-300x152.jpeg\" alt=\"\" width=\"449\" height=\"228\" srcset=\"https:\/\/trebolense.com.ar\/archivo\/wp-content\/uploads\/2026\/02\/WhatsApp-Image-2026-02-04-at-11.01.12-300x152.jpeg 300w, https:\/\/trebolense.com.ar\/archivo\/wp-content\/uploads\/2026\/02\/WhatsApp-Image-2026-02-04-at-11.01.12-1024x520.jpeg 1024w, https:\/\/trebolense.com.ar\/archivo\/wp-content\/uploads\/2026\/02\/WhatsApp-Image-2026-02-04-at-11.01.12-768x390.jpeg 768w, https:\/\/trebolense.com.ar\/archivo\/wp-content\/uploads\/2026\/02\/WhatsApp-Image-2026-02-04-at-11.01.12-696x353.jpeg 696w, https:\/\/trebolense.com.ar\/archivo\/wp-content\/uploads\/2026\/02\/WhatsApp-Image-2026-02-04-at-11.01.12-1068x542.jpeg 1068w, https:\/\/trebolense.com.ar\/archivo\/wp-content\/uploads\/2026\/02\/WhatsApp-Image-2026-02-04-at-11.01.12.jpeg 1200w\" sizes=\"auto, (max-width: 449px) 100vw, 449px\" \/><\/a><\/p>\n<p>&nbsp;<\/p>\n","protected":false},"excerpt":{"rendered":"<p>Pino de San Lorenzo Del Gral. Jos\u00e9 de San Mart\u00edn: \u00abTengo el honor de decir a V.E. que en el d\u00eda 3 de Febrero los granaderos de mi mando en su primer ensayo han agregado un nuevo triunfo a las armas de la Patria\u00bb. Dicho parte de guerra luego del Combate de San Lorenzo fue [&hellip;]<\/p>\n","protected":false},"author":2,"featured_media":1714,"comment_status":"closed","ping_status":"closed","sticky":false,"template":"","format":"standard","meta":{"footnotes":""},"categories":[138,7],"tags":[],"class_list":["post-1687","post","type-post","status-publish","format-standard","has-post-thumbnail","category-pino-san-lorenzo","category-sociales"],"_links":{"self":[{"href":"https:\/\/trebolense.com.ar\/archivo\/wp-json\/wp\/v2\/posts\/1687","targetHints":{"allow":["GET"]}}],"collection":[{"href":"https:\/\/trebolense.com.ar\/archivo\/wp-json\/wp\/v2\/posts"}],"about":[{"href":"https:\/\/trebolense.com.ar\/archivo\/wp-json\/wp\/v2\/types\/post"}],"author":[{"embeddable":true,"href":"https:\/\/trebolense.com.ar\/archivo\/wp-json\/wp\/v2\/users\/2"}],"replies":[{"embeddable":true,"href":"https:\/\/trebolense.com.ar\/archivo\/wp-json\/wp\/v2\/comments?post=1687"}],"version-history":[{"count":17,"href":"https:\/\/trebolense.com.ar\/archivo\/wp-json\/wp\/v2\/posts\/1687\/revisions"}],"predecessor-version":[{"id":2204,"href":"https:\/\/trebolense.com.ar\/archivo\/wp-json\/wp\/v2\/posts\/1687\/revisions\/2204"}],"wp:featuredmedia":[{"embeddable":true,"href":"https:\/\/trebolense.com.ar\/archivo\/wp-json\/wp\/v2\/media\/1714"}],"wp:attachment":[{"href":"https:\/\/trebolense.com.ar\/archivo\/wp-json\/wp\/v2\/media?parent=1687"}],"wp:term":[{"taxonomy":"category","embeddable":true,"href":"https:\/\/trebolense.com.ar\/archivo\/wp-json\/wp\/v2\/categories?post=1687"},{"taxonomy":"post_tag","embeddable":true,"href":"https:\/\/trebolense.com.ar\/archivo\/wp-json\/wp\/v2\/tags?post=1687"}],"curies":[{"name":"wp","href":"https:\/\/api.w.org\/{rel}","templated":true}]}}