{"id":1637,"date":"2026-02-03T09:25:54","date_gmt":"2026-02-03T12:25:54","guid":{"rendered":"https:\/\/trebolense.com.ar\/archivo\/?p=1637"},"modified":"2026-03-12T11:12:18","modified_gmt":"2026-03-12T14:12:18","slug":"centro-amigos-de-club-atletico-trebolense","status":"publish","type":"post","link":"https:\/\/trebolense.com.ar\/archivo\/centro-amigos-de-club-atletico-trebolense\/","title":{"rendered":"Centro Amigos de Club Atl\u00e9tico Trebolense"},"content":{"rendered":"<p>Reproducimos el trabajo de <strong>Rub\u00e9n Adalberto Pron.\u00a0 (Mayo 2024)<\/strong><\/p>\n<p style=\"text-align: justify\">Pocos de los antiguos socios y simpatizantes del Club, y menos aun los que forman parte de las nuevas generaciones de la instituci\u00f3n, recordar\u00e1n la existencia del Centro de Amigos de Trebolense, un agrupamiento que surgi\u00f3 en la d\u00e9cada de 1950 para \u00abcolaborar en la marcha ascendente de la instituci\u00f3n\u00bb, solventar las obras necesarias para ello y, sobre todo, \u00abhacer todo cuanto tienda a la uni\u00f3n, acercamiento, armon\u00eda y engrandecimiento\u00bb de Trebolense.<\/p>\n<p style=\"text-align: justify\">Creado en 1953, el Centro de Amigos de Trebolense se mantuvo en actividad hasta 1961, languideci\u00f3 luego hasta 1966, tuvo un fugaz intento \u2013frustrado\u2013 de reflotamiento en 1972 y una tercera existencia en 1981, extinguida finalmente tres a\u00f1os m\u00e1s tarde.<\/p>\n<p style=\"text-align: justify\">La tarea m\u00e1s intensa y fruct\u00edfera la desarroll\u00f3 en su primera etapa, cuando foment\u00f3 las actividades de car\u00e1cter social en la instituci\u00f3n albiceleste y dej\u00f3 obras como el parque de juegos infantiles que se hallaba en el sector del campo de deportes donde luego se construyeron las instalaciones cubiertas que albergaron las canchas de bochas \u2013recicladas para ubicar all\u00ed el Centro de Desarrollo F\u00edsico\u2013, y el recordado Rinc\u00f3n Criollo, en el \u00e1ngulo del predio marcado por las calles Corrientes y Candioti, inaugurado con gran suceso como parte de los festejos del cincuentenario de la fundaci\u00f3n del Club, en 1959.<\/p>\n<p style=\"text-align: justify\">El Centro de Amigos de Trebolense tambi\u00e9n particip\u00f3 del esfuerzo econ\u00f3mico que signific\u00f3 la construcci\u00f3n del natatorio de la instituci\u00f3n, por a\u00f1os el \u00fanico de la localidad luego de que se abandonara el que exist\u00eda en la escuela Laprida para los alumnos de ese establecimiento.<\/p>\n<p style=\"text-align: justify\">Como resultado de las conversaciones que se manten\u00edan desde el a\u00f1o anterior, catorce socios de Trebolense \u2013Juan Carlos Podest\u00e1, Jos\u00e9 <em>Pepe<\/em> Caffaratti, Arturo Degano, Octavio Brussa, Nelson Bonetto, Arc\u00e1ngel Salamano, Fernando Decorte, Tom\u00e1s Ferrero, Alberto Degano, Heriberto Maurino, Alberto Etbul, Fernando Degano y Jos\u00e9 (Pepe) y Franklin Llobet\u2013 se reunieron el 3 de marzo de 1953 para poner en marcha el Centro de Amigos, resolviendo la redacci\u00f3n de un reglamento. Doce d\u00edas despu\u00e9s se present\u00f3 la primera suscripci\u00f3n de socios, que alcanz\u00f3 a ser de 67, y el 21 de ese mismo se design\u00f3 la primera comisi\u00f3n en una reuni\u00f3n de camarader\u00eda a la que asistieron 43 personas.<a href=\"https:\/\/trebolense.com.ar\/archivo\/wp-content\/uploads\/2026\/02\/GRUPO.jpg\"><img loading=\"lazy\" decoding=\"async\" class=\"wp-image-1669 aligncenter\" src=\"https:\/\/trebolense.com.ar\/archivo\/wp-content\/uploads\/2026\/02\/GRUPO-300x233.jpg\" alt=\"\" width=\"391\" height=\"304\" srcset=\"https:\/\/trebolense.com.ar\/archivo\/wp-content\/uploads\/2026\/02\/GRUPO-300x233.jpg 300w, https:\/\/trebolense.com.ar\/archivo\/wp-content\/uploads\/2026\/02\/GRUPO-1024x795.jpg 1024w, https:\/\/trebolense.com.ar\/archivo\/wp-content\/uploads\/2026\/02\/GRUPO-768x597.jpg 768w, https:\/\/trebolense.com.ar\/archivo\/wp-content\/uploads\/2026\/02\/GRUPO-696x541.jpg 696w, https:\/\/trebolense.com.ar\/archivo\/wp-content\/uploads\/2026\/02\/GRUPO.jpg 1039w\" sizes=\"auto, (max-width: 391px) 100vw, 391px\" \/><\/a><\/p>\n<p style=\"text-align: justify\">El encuentro tuvo lugar en la antesala del entonces Sal\u00f3n Social de Trebolense (actualmente Centro Cultural Cervantes y Casa de la Historia y la Cultura del Bicentenario), sobre la base de un reglamento que declaraba que pod\u00edan formar parte del mismo todos los asociados del club, con la \u00fanica condici\u00f3n de \u00abser \u00fanicamente personas de buena moral y conducta\u00bb y \u00absiempre que no pesen sobre ellas sanciones disciplinarias de la comisi\u00f3n directiva del club\u00bb, como se indica en el reglamento del agrupamiento.<\/p>\n<p style=\"text-align: justify\">Ese primer reglamento, suscripto con sus r\u00fabricas por Isaac Etbul, Jos\u00e9 <em>Pepe<\/em> Caffaratti, Pedro <em>Perico<\/em> Aguilera, Juan Antonio Taborda y Clemente Tagliatti, tambi\u00e9n destacaba entre los objetivos \u00abpropender al acercamiento y amistad de sus componentes\u00bb.<\/p>\n<p style=\"text-align: justify\">Del libro de actas del Centro y de la correspondencia y papeler\u00eda prolijamente reunida y organizada por el recordado Jos\u00e9 <em>El Jefe <\/em>(de la estaci\u00f3n de ferrocarril) Depetris, surge que esa primera comisi\u00f3n directiva provisoria fue encabezada por el odont\u00f3logo Juan Carlos Podest\u00e1 como presidente, Rodolfo Baratti como secretario, Victorio Tagliatti como tesorero, y Franklin Llobet y Luis Cerri como vocales.<\/p>\n<p style=\"text-align: justify\">Podest\u00e1 era por entonces presidente de la Comuna de El Tr\u00e9bol, lo que no le impidi\u00f3 dedicar tiempo a la actividad del Centro Amigos de Trebolense, cuyas siglas (CAT) coinciden \u2013y no parece casualidad\u2013 con las de Club Atl\u00e9tico Trebolense, como se llamaba la instituci\u00f3n hasta ser renombrada con la adici\u00f3n de los t\u00e9rminos Mutual, Social y Biblioteca (MSB).<\/p>\n<p style=\"text-align: justify\">Tambi\u00e9n formaba parte de la Comisi\u00f3n de Fomento del pueblo Pedro <em>Perico<\/em> Aguilera, otro de los entusiastas impulsores del Centro.<\/p>\n<p style=\"text-align: justify\">Esa primera comisi\u00f3n provisoria reun\u00eda tambi\u00e9n, en car\u00e1cter de \u00abcolaboradores\u00bb a Alberto Degano, N\u00e9stor <em>Ento<\/em> Maurino y Nelson Bonetto, encargados de convocar a sus amigos y familiares para que se sumaran al agrupamiento. Cuando el Centro tuvo m\u00e1s adherentes y su estructura se hizo m\u00e1s compleja esos \u00abcolaboradores\u00bb pasaron a denominarse \u00abjefes de grupos\u00bb.<\/p>\n<p style=\"text-align: justify\">El valor de las cuotas de adherentes al Centro fue de 10 pesos mensuales y se mantuvo invariable hasta 1961. Los socios pagaban aparte el precio de cenas y otros encuentros de camarader\u00eda y el producido de las actividades que programaban \u2013entre ellas varias y sucesivas compras de novillos que se vend\u00edan luego de su engorde en campos de vecinos solidarios\u2013 constitu\u00eda el fondo con que la agrupaci\u00f3n aportaba a las mejoras que planificaba y encaraba para engrandecer el club.<\/p>\n<p style=\"text-align: justify\">El 23 de agosto de ese a\u00f1o 1953 se organiz\u00f3 una \u00abreuni\u00f3n danzante\u00bb como se llamaba en aquella \u00e9poca a los bailes, y en su transcurso el doctor Podest\u00e1 explic\u00f3 los prop\u00f3sitos que hab\u00edan llevado a la constituci\u00f3n del Centro, anunci\u00f3 que una primera obra a encarar ser\u00eda la construcci\u00f3n de un jard\u00edn con juegos para ni\u00f1os en el campo de deportes del club y declar\u00f3 que, habi\u00e9ndose alcanzado los objetivos iniciales, quedaba extinguida la comisi\u00f3n promotora.<\/p>\n<p style=\"text-align: justify\">La conducci\u00f3n del Centro qued\u00f3 moment\u00e1neamente a cargo de los jefes de grupos hasta que pocos d\u00edas despu\u00e9s se eligi\u00f3 a la nueva directiva al frente de la cual fue designado Fernando Decorte. Lo secundaron Alberto Degano como vicepresidente, Jos\u00e9 Caffaratti como secretario y Victorio Tagliatti continuando como tesorero. Como jefes de grupos encargados de conseguir nuevos socios fueron nombrados el ya mencionado Alberto Degano, Heriberto Maurino, Octavio Brussa, el secretario Jos\u00e9 <em>Pepe<\/em> Caffaratti, el ex presidente Juan Carlos Podest\u00e1, Nelson Bonetto, Arc\u00e1ngel Salamano, el propio presidente Fernando Decorte, Tom\u00e1s Ferrero, Arturo Degano (h), Alberto <em>Musa<\/em> Etbul y Fernando Degano.<\/p>\n<p style=\"text-align: justify\">En diciembre de 1953 las notas cursadas empezaron a aparecer con sello del Centro y en 1956 se empez\u00f3 a utilizar para las comunicaciones papel con membrete.<\/p>\n<h5><em>Sello y membrete de papel carta del Centro de Amigos del Club Atl\u00e9tico Trebolense.<\/em><\/h5>\n<p><a href=\"https:\/\/trebolense.com.ar\/archivo\/wp-content\/uploads\/2026\/02\/SELLO-1.jpg\"><img loading=\"lazy\" decoding=\"async\" class=\" wp-image-1670 aligncenter\" src=\"https:\/\/trebolense.com.ar\/archivo\/wp-content\/uploads\/2026\/02\/SELLO-1-300x210.jpg\" alt=\"\" width=\"311\" height=\"218\" srcset=\"https:\/\/trebolense.com.ar\/archivo\/wp-content\/uploads\/2026\/02\/SELLO-1-300x210.jpg 300w, https:\/\/trebolense.com.ar\/archivo\/wp-content\/uploads\/2026\/02\/SELLO-1-1024x717.jpg 1024w, https:\/\/trebolense.com.ar\/archivo\/wp-content\/uploads\/2026\/02\/SELLO-1-768x538.jpg 768w, https:\/\/trebolense.com.ar\/archivo\/wp-content\/uploads\/2026\/02\/SELLO-1-696x487.jpg 696w, https:\/\/trebolense.com.ar\/archivo\/wp-content\/uploads\/2026\/02\/SELLO-1-1068x748.jpg 1068w, https:\/\/trebolense.com.ar\/archivo\/wp-content\/uploads\/2026\/02\/SELLO-1.jpg 1181w\" sizes=\"auto, (max-width: 311px) 100vw, 311px\" \/><\/a> <a href=\"https:\/\/trebolense.com.ar\/archivo\/wp-content\/uploads\/2026\/02\/SELLO-2.jpg\"><img loading=\"lazy\" decoding=\"async\" class=\"wp-image-1671 aligncenter\" src=\"https:\/\/trebolense.com.ar\/archivo\/wp-content\/uploads\/2026\/02\/SELLO-2-300x202.jpg\" alt=\"\" width=\"311\" height=\"210\" srcset=\"https:\/\/trebolense.com.ar\/archivo\/wp-content\/uploads\/2026\/02\/SELLO-2-300x202.jpg 300w, https:\/\/trebolense.com.ar\/archivo\/wp-content\/uploads\/2026\/02\/SELLO-2.jpg 637w\" sizes=\"auto, (max-width: 311px) 100vw, 311px\" \/><\/a><\/p>\n<p style=\"text-align: justify\">El esp\u00edritu que animaba a los participantes en el Centro Amigos de Trebolense sigui\u00f3 siendo el de sus comienzos como se destaca a una invitaci\u00f3n a una de las reuniones habituales con posterior cena a la canasta: \u00abNo traiga penas; venga a divertirse\u00bb, dec\u00eda la convocatoria.<\/p>\n<p style=\"text-align: justify\"><strong>Obras para el club<\/strong><\/p>\n<p style=\"text-align: justify\">En el mismo a\u00f1o de 1953 se pidieron presupuestos para la adquisici\u00f3n de hamacas, tobog\u00e1n, calesita y subibajas a comercios de Rosario, pero finalmente, por gesti\u00f3n de<em> Pepe<\/em> Caffaratti, estos artefactos fueron provistos por la Fundaci\u00f3n Eva Per\u00f3n luego de que el 6 de septiembre se los hubieran solicitado al presidente de la Naci\u00f3n, Juan Domingo Per\u00f3n. La solicitud hab\u00eda sido formulada por los alumnos de las escuelas locales, invitados por la docente N\u00e9lida Vera de Degano, refrendada por la delegaci\u00f3n El Tr\u00e9bol de la CGT y acompa\u00f1a por una nota de las autoridades de la Comuna.<\/p>\n<p style=\"text-align: justify\">El parque infantil fue inaugurado en marzo del a\u00f1o siguiente, lo que la comisi\u00f3n directiva del club, con las firmas de H\u00e9ctor H. Corte (secretario) y Heriberto Maurino (presidente) agradeci\u00f3 en una nota del 4 de ese mes.<\/p>\n<p style=\"text-align: justify\">Cumplido ese primer aporte se encar\u00f3 la participaci\u00f3n en el financiamiento de la construcci\u00f3n del natatorio de Trebolense, a lo que el Centro aport\u00f3 con un fondo inicial de 105 mil pesos y la posterior venta de m\u00e1s de ciento veinte acciones, lo que totaliz\u00f3 un pr\u00e9stamo de 200 mil pesos.<\/p>\n<p style=\"text-align: justify\">En su primera etapa el Centro tambi\u00e9n hizo aportes para la forestaci\u00f3n del campo de deportes y construy\u00f3 y vendi\u00f3 la primera platea que tuvo la cancha de f\u00fatbol, consistente en una fila de tablones sobre pilotes de cemento que permit\u00eda a parte de los concurrentes presenciar sentados el desarrollo del juego. Tambi\u00e9n construy\u00f3 una cancha para f\u00fatbol infantil y las dos primeras canchas de tenis con que cont\u00f3 el club, y coste\u00f3 la iluminaci\u00f3n de la Pista Jard\u00edn, para cuya inauguraci\u00f3n \u2013el 23 de enero de 1955, con la presentaci\u00f3n de Alberto Castillo\u2013 se ocup\u00f3 de invitar a amigos y conocidos en todas las localidades de la ruta 178-13 desde Las Parejas hasta Sastre y de la ruta 34 entre Centeno y San Vicente, adem\u00e1s de los pueblos vecinos de Piamonte y Landeta.<\/p>\n<p style=\"text-align: justify\">Otra de sus contribuciones fue la construcci\u00f3n e instalaci\u00f3n de la antena de la propaladora del club y la renovaci\u00f3n de equipos de sonido para la animaci\u00f3n de las fiestas, espect\u00e1culos y bailes en el Sal\u00f3n Social, lo mismo que la colocaci\u00f3n de un dep\u00f3sito de agua sobre los vestuarios del campo de deportes, con redes de distribuci\u00f3n que llegaban a la Sede y a las canchas de tenis.<\/p>\n<p style=\"text-align: justify\">Pero tal vez la obra m\u00e1s relevante, en una \u00e9poca en que florec\u00eda la m\u00fasica nativa y el club ten\u00eda su pe\u00f1a folcl\u00f3rica, fue la construcci\u00f3n del Rinc\u00f3n Criollo sobre la base de una propiedad que el club hab\u00eda adquirido a la familia Sanmartino en el \u00e1ngulo que forman las calles Corrientes y Candioti, a la que se le incorporaron instalaciones sanitarias y un quincho de amplias dimensiones para la realizaci\u00f3n de fiestas y comidas y donde las paredes estaban decoradas con murales pintados por Alberto Pron, algunos con escenas camperas de su creaci\u00f3n y otros con reproducciones a escala de las ilustraciones que Florencio Molina Campos realiz\u00f3 para los preciados y populares almanaques de Alpargata de las d\u00e9cadas de 1930 y 1940.<\/p>\n<p style=\"text-align: justify\">Las mejoras en el Rinc\u00f3n Criollo fueron inauguradas y entregadas al club el 1\u00ba de agosto de 1959 como parte de la celebraci\u00f3n central del cincuentenario de la instituci\u00f3n, a la que el Centro contribuy\u00f3 tambi\u00e9n con el m\u00e1stil del campo de deportes y el Monumento al Cincuentenario, originalmente ubicado frente al \u00e1ngulo nordeste de la cancha de f\u00fatbol y d\u00e9cadas despu\u00e9s trasladado al frente del predio, cercano precisamente al sitio en el que se enarbolan la bandera argentina y la de la instituci\u00f3n.<\/p>\n<p><strong>Los \u00fanicos privilegiados<\/strong><\/p>\n<p style=\"text-align: justify\">Una de las acciones m\u00e1s destacadas del Centro de Amigos de El Tr\u00e9bol fue la dedicada a los ni\u00f1os del club y de toda la localidad, para quienes no s\u00f3lo construy\u00f3 el parque infantil sino que agasaj\u00f3 en varias oportunidades con celebraciones, juegos y competencias y funciones de cine y teatro.<\/p>\n<p style=\"text-align: justify\">Como ejemplo vale citar el festejo llevado a cabo el 12 de octubre de 1953, que comenz\u00f3 con una concentraci\u00f3n frente al domicilio del presidente del Centro, Fernando Decorte, en bulevar Am\u00e9rica 716, donde se entregaron juguetes, globos y banderines y desde donde parti\u00f3 una caravana con bicicletas, triciclos, autom\u00f3viles y otros veh\u00edculos hasta el campo de deportes del club donde los juegos comenzaron con el tradicional rompepi\u00f1ata y siguieron con marat\u00f3n, carrera de embolsados y de tres pies para varones, y con huevo en la cuchara y de enhebrar la aguja mientras se corre para las mujercitas, finalizando con carreras de bicicletas.<\/p>\n<p style=\"text-align: justify\">Para las funciones de cine y teatro para chicos, se cursaban notificaciones a los directores de las escuelas de la localidad con la indicaci\u00f3n de que invitaran a sus alumnos a retirar las entradas sin costo en la secretar\u00eda y biblioteca del club que exist\u00eda en bulevar Am\u00e9rica al 900 donde en principio comenz\u00f3 a funcionar la Mutual CAT y actualmente es ocupado por un local de venta de indumentaria.<\/p>\n<p style=\"text-align: justify\">En estos festivales se proyectaron dibujos animados, pel\u00edculas de Charles Chaplin, de Los Tres Chiflados, una de Tarz\u00e1n, las recordadas <em>Peter Pan<\/em>, <em>Hansel y Gretel<\/em> y un documental que hizo \u00e9poca como fue <em>El desierto viviente<\/em>, sobre las maravillas de la naturaleza en este escenario tan poco hospitalario.<\/p>\n<p><strong>La camarader\u00eda sobre todo<\/strong><\/p>\n<p style=\"text-align: justify\">Toda la gesti\u00f3n del Centro Amigos de Trebolense nunca descuid\u00f3 el objetivo original de fomentar la amistad y la armon\u00eda entre los socios del club, a la vez que contribuir al engrandecimiento de la instituci\u00f3n.<\/p>\n<p style=\"text-align: justify\">En tal sentido fueron frecuentes las reuniones sociales, los almuerzos y cenas a la canasta y las concurridas \u00abbagna cauda danzantes\u00bb en las que se com\u00eda y se bailaba siempre reuniendo fondos para las obras que encaraba el Centro o en las que participaba con sus aportes. <a href=\"https:\/\/trebolense.com.ar\/archivo\/wp-content\/uploads\/2026\/02\/FIESTA-BAGNA-CAUDA.jpg\"><img loading=\"lazy\" decoding=\"async\" class=\"wp-image-1673 aligncenter\" src=\"https:\/\/trebolense.com.ar\/archivo\/wp-content\/uploads\/2026\/02\/FIESTA-BAGNA-CAUDA-213x300.jpg\" alt=\"\" width=\"263\" height=\"370\" srcset=\"https:\/\/trebolense.com.ar\/archivo\/wp-content\/uploads\/2026\/02\/FIESTA-BAGNA-CAUDA-213x300.jpg 213w, https:\/\/trebolense.com.ar\/archivo\/wp-content\/uploads\/2026\/02\/FIESTA-BAGNA-CAUDA-726x1024.jpg 726w, https:\/\/trebolense.com.ar\/archivo\/wp-content\/uploads\/2026\/02\/FIESTA-BAGNA-CAUDA-768x1083.jpg 768w, https:\/\/trebolense.com.ar\/archivo\/wp-content\/uploads\/2026\/02\/FIESTA-BAGNA-CAUDA-696x981.jpg 696w, https:\/\/trebolense.com.ar\/archivo\/wp-content\/uploads\/2026\/02\/FIESTA-BAGNA-CAUDA.jpg 773w\" sizes=\"auto, (max-width: 263px) 100vw, 263px\" \/><\/a><\/p>\n<p style=\"text-align: justify\">En los casos en que el men\u00fa estaba prefijado, como en los asados criollos, se encomendaba igualmente \u201cconcurrir con cubiertos\u201d y con alg\u00fan plato complementario de preferencia como empanadas o tortas, que tambi\u00e9n se compart\u00edan.<\/p>\n<p style=\"text-align: justify\">En esos encuentros se depart\u00eda, intercambiaban opiniones y se presentaban proyectos, algunos de los cuales no llegaron a concretarse o quedaron en manos de subcomisiones del club como las canchas de bochas techadas o un front\u00f3n, instalaciones que el Centro nunca pudo concretar.<\/p>\n<p style=\"text-align: justify\">Un cap\u00edtulo aparte merecen los originales brindis de fin de a\u00f1o que, en un alto del festejo familiar, se convocaban los 31 de diciembre en el Sal\u00f3n Social o en alg\u00fan otro local para brindar por el futuro del club y la ventura personal de los asistentes en el nuevo ciclo a iniciarse a medianoche.<\/p>\n<p style=\"text-align: justify\"><strong>Los resurgimientos<\/strong><\/p>\n<p style=\"text-align: justify\">En 1972, convocados por Ernesto Ostellino y Jos\u00e9 Felizia, otros diecisiete socios de Trebolense se reunieron en la Sede Social del club para recrear el Centro de Amigos de la instituci\u00f3n con los mismos prop\u00f3sitos que hab\u00edan impulsado su surgimiento en 1953.<\/p>\n<p style=\"text-align: justify\">En la primera y \u00fanica acta que se conserva, fechada el 17 de agosto, se indica que se resolvi\u00f3 crear un \u201cGrupo Trebolense\u201d, nuevo nombre para el ex Centro de Amigos, pero no existen constancias de que la iniciativa haya prosperado.<\/p>\n<p style=\"text-align: justify\">De esa reuni\u00f3n fueron parte, adem\u00e1s de los convocantes, Victorio Foressi, Edmundo C\u00e1nepa, Fernando Decorte, Jos\u00e9 <em>Pepe<\/em> Aicardi, Heraldo Aragno, Nevio Camusso, Egildo Fagotti, Mario Ferrero, Pedro Aguilera, Augusto Sopranzi, Roberto Tibaldi. Esteban Mario De Lorenzi, Heriberto Maurino, Fernando L. Decorte, Carlos Caffaratti, Luis Gerbino y Nelson Debernardo.<\/p>\n<p style=\"text-align: justify\">Un segundo intento de reflotar el Centro ocurri\u00f3 en 1981 y se sabe que persisti\u00f3 hasta 1984, a\u00f1o en que el agrupamiento organiz\u00f3 una colonia de vacaciones de la que participaron 154 chicos que disfrutaron de actividades recreativas, nataci\u00f3n y campamentismo.<\/p>\n<p style=\"text-align: justify\">As\u00ed, el Centro Amigos de Trebolense signific\u00f3 en sus distintas etapas un valioso apoyo para la directiva del club, fuente de nuevas camadas dirigentes y, sobre todo, un espacio para compartir confraternidad y alegr\u00eda, tan necesarias para concretar los sue\u00f1os que hacen grande a Trebolense.<\/p>\n<p><em>Observaci\u00f3n: Parque de Juegos Infantiles, Rinc\u00f3n Criollo, Monumentos y Natatorio de CAT tienen sus respectivos espacios para visitar.<\/em><\/p>\n<h5><\/h5>\n<p>&nbsp;<\/p>\n<p>&nbsp;<\/p>\n<p>&nbsp;<\/p>\n<p>&nbsp;<\/p>\n<p>&nbsp;<\/p>\n","protected":false},"excerpt":{"rendered":"<p>Reproducimos el trabajo de Rub\u00e9n Adalberto Pron.\u00a0 (Mayo 2024) Pocos de los antiguos socios y simpatizantes del Club, y menos aun los que forman parte de las nuevas generaciones de la instituci\u00f3n, recordar\u00e1n la existencia del Centro de Amigos de Trebolense, un agrupamiento que surgi\u00f3 en la d\u00e9cada de 1950 para \u00abcolaborar en la marcha [&hellip;]<\/p>\n","protected":false},"author":2,"featured_media":1671,"comment_status":"closed","ping_status":"closed","sticky":false,"template":"","format":"standard","meta":{"footnotes":""},"categories":[130,7],"tags":[],"class_list":["post-1637","post","type-post","status-publish","format-standard","has-post-thumbnail","category-centro-amigos","category-sociales"],"_links":{"self":[{"href":"https:\/\/trebolense.com.ar\/archivo\/wp-json\/wp\/v2\/posts\/1637","targetHints":{"allow":["GET"]}}],"collection":[{"href":"https:\/\/trebolense.com.ar\/archivo\/wp-json\/wp\/v2\/posts"}],"about":[{"href":"https:\/\/trebolense.com.ar\/archivo\/wp-json\/wp\/v2\/types\/post"}],"author":[{"embeddable":true,"href":"https:\/\/trebolense.com.ar\/archivo\/wp-json\/wp\/v2\/users\/2"}],"replies":[{"embeddable":true,"href":"https:\/\/trebolense.com.ar\/archivo\/wp-json\/wp\/v2\/comments?post=1637"}],"version-history":[{"count":12,"href":"https:\/\/trebolense.com.ar\/archivo\/wp-json\/wp\/v2\/posts\/1637\/revisions"}],"predecessor-version":[{"id":2206,"href":"https:\/\/trebolense.com.ar\/archivo\/wp-json\/wp\/v2\/posts\/1637\/revisions\/2206"}],"wp:featuredmedia":[{"embeddable":true,"href":"https:\/\/trebolense.com.ar\/archivo\/wp-json\/wp\/v2\/media\/1671"}],"wp:attachment":[{"href":"https:\/\/trebolense.com.ar\/archivo\/wp-json\/wp\/v2\/media?parent=1637"}],"wp:term":[{"taxonomy":"category","embeddable":true,"href":"https:\/\/trebolense.com.ar\/archivo\/wp-json\/wp\/v2\/categories?post=1637"},{"taxonomy":"post_tag","embeddable":true,"href":"https:\/\/trebolense.com.ar\/archivo\/wp-json\/wp\/v2\/tags?post=1637"}],"curies":[{"name":"wp","href":"https:\/\/api.w.org\/{rel}","templated":true}]}}