{"id":1531,"date":"2026-01-30T08:47:48","date_gmt":"2026-01-30T11:47:48","guid":{"rendered":"https:\/\/trebolense.com.ar\/archivo\/?p=1531"},"modified":"2026-03-12T11:15:08","modified_gmt":"2026-03-12T14:15:08","slug":"fotos-campus-de-entrenamiento","status":"publish","type":"post","link":"https:\/\/trebolense.com.ar\/archivo\/fotos-campus-de-entrenamiento\/","title":{"rendered":"Fotos  Campus de Entrenamiento"},"content":{"rendered":"<p style=\"text-align: justify\">Merced a una brillante gesti\u00f3n de la Presidencia de Hugo Tagliatti y su Comisi\u00f3n Directiva en 2011 y a la excelente predisposici\u00f3n de los anteriores due\u00f1os del solar de 19 hect\u00e1reas aleda\u00f1o al cementerio local en la zona sur de la ciudad, Club Trebolense pudo lograr la adquisici\u00f3n del predio. El mismo se conecta a s\u00f3lo unas cuadras del predio central por la calle Bulevar Europa.<\/p>\n<p style=\"text-align: justify\">Se impon\u00eda la b\u00fasqueda de m\u00e1s terreno debido a la gran cantidad de deportistas que concurren diariamente, sobre todo ni\u00f1os y adolescentes.<\/p>\n<p style=\"text-align: justify\">Dos fotos emblem\u00e1ticas que emocionan, el d\u00eda de la apertura de la tranquera de acceso al predio.<\/p>\n<p><a href=\"https:\/\/trebolense.com.ar\/archivo\/wp-content\/uploads\/2026\/01\/DSC_0156.jpg\"><img loading=\"lazy\" decoding=\"async\" class=\" wp-image-1539 aligncenter\" src=\"https:\/\/trebolense.com.ar\/archivo\/wp-content\/uploads\/2026\/01\/DSC_0156-300x199.jpg\" alt=\"\" width=\"383\" height=\"254\" srcset=\"https:\/\/trebolense.com.ar\/archivo\/wp-content\/uploads\/2026\/01\/DSC_0156-300x199.jpg 300w, https:\/\/trebolense.com.ar\/archivo\/wp-content\/uploads\/2026\/01\/DSC_0156-1024x680.jpg 1024w, https:\/\/trebolense.com.ar\/archivo\/wp-content\/uploads\/2026\/01\/DSC_0156-768x510.jpg 768w, https:\/\/trebolense.com.ar\/archivo\/wp-content\/uploads\/2026\/01\/DSC_0156-696x462.jpg 696w, https:\/\/trebolense.com.ar\/archivo\/wp-content\/uploads\/2026\/01\/DSC_0156-1068x709.jpg 1068w, https:\/\/trebolense.com.ar\/archivo\/wp-content\/uploads\/2026\/01\/DSC_0156.jpg 1200w\" sizes=\"auto, (max-width: 383px) 100vw, 383px\" \/><\/a> <a href=\"https:\/\/trebolense.com.ar\/archivo\/wp-content\/uploads\/2026\/01\/DSC_0162.jpg\"><img loading=\"lazy\" decoding=\"async\" class=\" wp-image-1540 aligncenter\" src=\"https:\/\/trebolense.com.ar\/archivo\/wp-content\/uploads\/2026\/01\/DSC_0162-300x199.jpg\" alt=\"\" width=\"377\" height=\"250\" srcset=\"https:\/\/trebolense.com.ar\/archivo\/wp-content\/uploads\/2026\/01\/DSC_0162-300x199.jpg 300w, https:\/\/trebolense.com.ar\/archivo\/wp-content\/uploads\/2026\/01\/DSC_0162-1024x680.jpg 1024w, https:\/\/trebolense.com.ar\/archivo\/wp-content\/uploads\/2026\/01\/DSC_0162-768x510.jpg 768w, https:\/\/trebolense.com.ar\/archivo\/wp-content\/uploads\/2026\/01\/DSC_0162-696x462.jpg 696w, https:\/\/trebolense.com.ar\/archivo\/wp-content\/uploads\/2026\/01\/DSC_0162-1068x709.jpg 1068w, https:\/\/trebolense.com.ar\/archivo\/wp-content\/uploads\/2026\/01\/DSC_0162.jpg 1200w\" sizes=\"auto, (max-width: 377px) 100vw, 377px\" \/><\/a><\/p>\n<p>En dicho predio Trebolense ha tenido que hacer gestiones para cierre de calles interiores, luego cercado y arbolado que de manera incipiente ya se comienza a observar (2025).<\/p>\n<p><a href=\"https:\/\/trebolense.com.ar\/archivo\/wp-content\/uploads\/2026\/01\/20220219_111047.jpg\"><img loading=\"lazy\" decoding=\"async\" class=\"wp-image-1543 aligncenter\" src=\"https:\/\/trebolense.com.ar\/archivo\/wp-content\/uploads\/2026\/01\/20220219_111047-300x135.jpg\" alt=\"\" width=\"323\" height=\"145\" srcset=\"https:\/\/trebolense.com.ar\/archivo\/wp-content\/uploads\/2026\/01\/20220219_111047-300x135.jpg 300w, https:\/\/trebolense.com.ar\/archivo\/wp-content\/uploads\/2026\/01\/20220219_111047-1024x462.jpg 1024w, https:\/\/trebolense.com.ar\/archivo\/wp-content\/uploads\/2026\/01\/20220219_111047-768x346.jpg 768w, https:\/\/trebolense.com.ar\/archivo\/wp-content\/uploads\/2026\/01\/20220219_111047-696x314.jpg 696w, https:\/\/trebolense.com.ar\/archivo\/wp-content\/uploads\/2026\/01\/20220219_111047-1068x481.jpg 1068w, https:\/\/trebolense.com.ar\/archivo\/wp-content\/uploads\/2026\/01\/20220219_111047.jpg 1200w\" sizes=\"auto, (max-width: 323px) 100vw, 323px\" \/><\/a> <a href=\"https:\/\/trebolense.com.ar\/archivo\/wp-content\/uploads\/2026\/01\/20220602_111019.jpg\"><img loading=\"lazy\" decoding=\"async\" class=\"wp-image-1544 aligncenter\" src=\"https:\/\/trebolense.com.ar\/archivo\/wp-content\/uploads\/2026\/01\/20220602_111019-300x135.jpg\" alt=\"\" width=\"320\" height=\"144\" srcset=\"https:\/\/trebolense.com.ar\/archivo\/wp-content\/uploads\/2026\/01\/20220602_111019-300x135.jpg 300w, https:\/\/trebolense.com.ar\/archivo\/wp-content\/uploads\/2026\/01\/20220602_111019-1024x462.jpg 1024w, https:\/\/trebolense.com.ar\/archivo\/wp-content\/uploads\/2026\/01\/20220602_111019-768x346.jpg 768w, https:\/\/trebolense.com.ar\/archivo\/wp-content\/uploads\/2026\/01\/20220602_111019-696x314.jpg 696w, https:\/\/trebolense.com.ar\/archivo\/wp-content\/uploads\/2026\/01\/20220602_111019-1068x481.jpg 1068w, https:\/\/trebolense.com.ar\/archivo\/wp-content\/uploads\/2026\/01\/20220602_111019.jpg 1200w\" sizes=\"auto, (max-width: 320px) 100vw, 320px\" \/><\/a><\/p>\n<p style=\"text-align: justify\">Es una muy grande inversi\u00f3n en infraestructura. <a href=\"https:\/\/trebolense.com.ar\/archivo\/wp-content\/uploads\/2026\/01\/COLUMNA.jpeg\"><img loading=\"lazy\" decoding=\"async\" class=\"wp-image-1612 aligncenter\" src=\"https:\/\/trebolense.com.ar\/archivo\/wp-content\/uploads\/2026\/01\/COLUMNA-169x300.jpeg\" alt=\"\" width=\"207\" height=\"367\" srcset=\"https:\/\/trebolense.com.ar\/archivo\/wp-content\/uploads\/2026\/01\/COLUMNA-169x300.jpeg 169w, https:\/\/trebolense.com.ar\/archivo\/wp-content\/uploads\/2026\/01\/COLUMNA-576x1024.jpeg 576w, https:\/\/trebolense.com.ar\/archivo\/wp-content\/uploads\/2026\/01\/COLUMNA.jpeg 675w\" sizes=\"auto, (max-width: 207px) 100vw, 207px\" \/><\/a>El Club se halla abocado a dotar al lugar de Iluminaci\u00f3n. Se han colocado ya (2025) ocho grandes columnas de alumbrado con\u00a0 las luminarias correspondientes. Adem\u00e1s se ha dotado al predio de bombas y tanque de reserva de agua de riego.<\/p>\n<p><a href=\"https:\/\/trebolense.com.ar\/archivo\/wp-content\/uploads\/2026\/01\/TANQUE.jpeg\"><img loading=\"lazy\" decoding=\"async\" class=\"wp-image-1615 aligncenter\" src=\"https:\/\/trebolense.com.ar\/archivo\/wp-content\/uploads\/2026\/01\/TANQUE-300x169.jpeg\" alt=\"\" width=\"320\" height=\"180\" srcset=\"https:\/\/trebolense.com.ar\/archivo\/wp-content\/uploads\/2026\/01\/TANQUE-300x169.jpeg 300w, https:\/\/trebolense.com.ar\/archivo\/wp-content\/uploads\/2026\/01\/TANQUE-1024x576.jpeg 1024w, https:\/\/trebolense.com.ar\/archivo\/wp-content\/uploads\/2026\/01\/TANQUE-768x432.jpeg 768w, https:\/\/trebolense.com.ar\/archivo\/wp-content\/uploads\/2026\/01\/TANQUE-696x392.jpeg 696w, https:\/\/trebolense.com.ar\/archivo\/wp-content\/uploads\/2026\/01\/TANQUE-1068x601.jpeg 1068w, https:\/\/trebolense.com.ar\/archivo\/wp-content\/uploads\/2026\/01\/TANQUE.jpeg 1200w\" sizes=\"auto, (max-width: 320px) 100vw, 320px\" \/><\/a>El trazado a la fecha consta de seis canchas de futbol.<\/p>\n<p><a href=\"https:\/\/trebolense.com.ar\/archivo\/wp-content\/uploads\/2026\/01\/38.jpg\"><img loading=\"lazy\" decoding=\"async\" class=\" wp-image-1542 aligncenter\" src=\"https:\/\/trebolense.com.ar\/archivo\/wp-content\/uploads\/2026\/01\/38-300x169.jpg\" alt=\"\" width=\"333\" height=\"188\" srcset=\"https:\/\/trebolense.com.ar\/archivo\/wp-content\/uploads\/2026\/01\/38-300x169.jpg 300w, https:\/\/trebolense.com.ar\/archivo\/wp-content\/uploads\/2026\/01\/38-1024x576.jpg 1024w, https:\/\/trebolense.com.ar\/archivo\/wp-content\/uploads\/2026\/01\/38-768x432.jpg 768w, https:\/\/trebolense.com.ar\/archivo\/wp-content\/uploads\/2026\/01\/38-696x392.jpg 696w, https:\/\/trebolense.com.ar\/archivo\/wp-content\/uploads\/2026\/01\/38-1068x601.jpg 1068w, https:\/\/trebolense.com.ar\/archivo\/wp-content\/uploads\/2026\/01\/38.jpg 1200w\" sizes=\"auto, (max-width: 333px) 100vw, 333px\" \/><\/a> <a href=\"https:\/\/trebolense.com.ar\/archivo\/wp-content\/uploads\/2026\/01\/35.jpg\"><img loading=\"lazy\" decoding=\"async\" class=\" wp-image-1541 aligncenter\" src=\"https:\/\/trebolense.com.ar\/archivo\/wp-content\/uploads\/2026\/01\/35-300x169.jpg\" alt=\"\" width=\"336\" height=\"189\" srcset=\"https:\/\/trebolense.com.ar\/archivo\/wp-content\/uploads\/2026\/01\/35-300x169.jpg 300w, https:\/\/trebolense.com.ar\/archivo\/wp-content\/uploads\/2026\/01\/35-1024x576.jpg 1024w, https:\/\/trebolense.com.ar\/archivo\/wp-content\/uploads\/2026\/01\/35-768x432.jpg 768w, https:\/\/trebolense.com.ar\/archivo\/wp-content\/uploads\/2026\/01\/35-696x392.jpg 696w, https:\/\/trebolense.com.ar\/archivo\/wp-content\/uploads\/2026\/01\/35-1068x601.jpg 1068w, https:\/\/trebolense.com.ar\/archivo\/wp-content\/uploads\/2026\/01\/35.jpg 1200w\" sizes=\"auto, (max-width: 336px) 100vw, 336px\" \/><\/a>Ya disfrutamos de amplios espacios para la pr\u00e1ctica de las distintas divisiones del futbol.<\/p>\n<p><a href=\"https:\/\/trebolense.com.ar\/archivo\/wp-content\/uploads\/2026\/01\/WhatsApp-Image-2026-01-30-at-10.02.50.jpeg\"><img loading=\"lazy\" decoding=\"async\" class=\"wp-image-1547 aligncenter\" src=\"https:\/\/trebolense.com.ar\/archivo\/wp-content\/uploads\/2026\/01\/WhatsApp-Image-2026-01-30-at-10.02.50-300x169.jpeg\" alt=\"\" width=\"428\" height=\"241\" srcset=\"https:\/\/trebolense.com.ar\/archivo\/wp-content\/uploads\/2026\/01\/WhatsApp-Image-2026-01-30-at-10.02.50-300x169.jpeg 300w, https:\/\/trebolense.com.ar\/archivo\/wp-content\/uploads\/2026\/01\/WhatsApp-Image-2026-01-30-at-10.02.50-1024x576.jpeg 1024w, https:\/\/trebolense.com.ar\/archivo\/wp-content\/uploads\/2026\/01\/WhatsApp-Image-2026-01-30-at-10.02.50-768x432.jpeg 768w, https:\/\/trebolense.com.ar\/archivo\/wp-content\/uploads\/2026\/01\/WhatsApp-Image-2026-01-30-at-10.02.50-696x392.jpeg 696w, https:\/\/trebolense.com.ar\/archivo\/wp-content\/uploads\/2026\/01\/WhatsApp-Image-2026-01-30-at-10.02.50-1068x601.jpeg 1068w, https:\/\/trebolense.com.ar\/archivo\/wp-content\/uploads\/2026\/01\/WhatsApp-Image-2026-01-30-at-10.02.50.jpeg 1200w\" sizes=\"auto, (max-width: 428px) 100vw, 428px\" \/><\/a><\/p>\n<p>Otra de las interesantes iniciativas de CAT ha sido la de establecer dos grandes recorridos aer\u00f3bicos para caminantes: uno de 1000 metros y otro m\u00e1s amplio de 2000 metros. En el recorrido el caminante podr\u00e1 disfrutar las arboledas en crecimiento, el predio aleda\u00f1o a la ruta con sus sonidos caracter\u00edsticos, al este las lagunas y la nueva forestaci\u00f3n junto a las viejas v\u00edas f\u00e9rreas, la compa\u00f1\u00eda de una fauna variada de aves con teros y lechuzas, a la tardecita las voces de ni\u00f1os y profesores instando a la pr\u00e1ctica de futbol. Hermoso.<a href=\"https:\/\/trebolense.com.ar\/archivo\/wp-content\/uploads\/2026\/01\/PASEO-2.jpeg\"><img loading=\"lazy\" decoding=\"async\" class=\"size-medium wp-image-1614 aligncenter\" src=\"https:\/\/trebolense.com.ar\/archivo\/wp-content\/uploads\/2026\/01\/PASEO-2-300x169.jpeg\" alt=\"\" width=\"300\" height=\"169\" srcset=\"https:\/\/trebolense.com.ar\/archivo\/wp-content\/uploads\/2026\/01\/PASEO-2-300x169.jpeg 300w, https:\/\/trebolense.com.ar\/archivo\/wp-content\/uploads\/2026\/01\/PASEO-2-1024x576.jpeg 1024w, https:\/\/trebolense.com.ar\/archivo\/wp-content\/uploads\/2026\/01\/PASEO-2-768x432.jpeg 768w, https:\/\/trebolense.com.ar\/archivo\/wp-content\/uploads\/2026\/01\/PASEO-2-696x392.jpeg 696w, https:\/\/trebolense.com.ar\/archivo\/wp-content\/uploads\/2026\/01\/PASEO-2-1068x601.jpeg 1068w, https:\/\/trebolense.com.ar\/archivo\/wp-content\/uploads\/2026\/01\/PASEO-2.jpeg 1200w\" sizes=\"auto, (max-width: 300px) 100vw, 300px\" \/><\/a> <a href=\"https:\/\/trebolense.com.ar\/archivo\/wp-content\/uploads\/2026\/01\/PASEO-1.jpeg\"><img loading=\"lazy\" decoding=\"async\" class=\"size-medium wp-image-1613 aligncenter\" src=\"https:\/\/trebolense.com.ar\/archivo\/wp-content\/uploads\/2026\/01\/PASEO-1-300x169.jpeg\" alt=\"\" width=\"300\" height=\"169\" srcset=\"https:\/\/trebolense.com.ar\/archivo\/wp-content\/uploads\/2026\/01\/PASEO-1-300x169.jpeg 300w, https:\/\/trebolense.com.ar\/archivo\/wp-content\/uploads\/2026\/01\/PASEO-1-1024x576.jpeg 1024w, https:\/\/trebolense.com.ar\/archivo\/wp-content\/uploads\/2026\/01\/PASEO-1-768x432.jpeg 768w, https:\/\/trebolense.com.ar\/archivo\/wp-content\/uploads\/2026\/01\/PASEO-1-696x392.jpeg 696w, https:\/\/trebolense.com.ar\/archivo\/wp-content\/uploads\/2026\/01\/PASEO-1-1068x601.jpeg 1068w, https:\/\/trebolense.com.ar\/archivo\/wp-content\/uploads\/2026\/01\/PASEO-1.jpeg 1200w\" sizes=\"auto, (max-width: 300px) 100vw, 300px\" \/><\/a><\/p>\n<p>En 2025 se ha comenzado la construcci\u00f3n de un amplio sector de vestuarios, utiler\u00eda, sanitarios y oficinas, que se estima su finalizaci\u00f3n hacia finales de 2026.<\/p>\n<p><a href=\"https:\/\/trebolense.com.ar\/archivo\/wp-content\/uploads\/2026\/01\/vestuarios-campus.jpeg\"><img loading=\"lazy\" decoding=\"async\" class=\"size-medium wp-image-1545 aligncenter\" src=\"https:\/\/trebolense.com.ar\/archivo\/wp-content\/uploads\/2026\/01\/vestuarios-campus-300x225.jpeg\" alt=\"\" width=\"300\" height=\"225\" srcset=\"https:\/\/trebolense.com.ar\/archivo\/wp-content\/uploads\/2026\/01\/vestuarios-campus-300x225.jpeg 300w, https:\/\/trebolense.com.ar\/archivo\/wp-content\/uploads\/2026\/01\/vestuarios-campus-1024x768.jpeg 1024w, https:\/\/trebolense.com.ar\/archivo\/wp-content\/uploads\/2026\/01\/vestuarios-campus-768x576.jpeg 768w, https:\/\/trebolense.com.ar\/archivo\/wp-content\/uploads\/2026\/01\/vestuarios-campus-696x522.jpeg 696w, https:\/\/trebolense.com.ar\/archivo\/wp-content\/uploads\/2026\/01\/vestuarios-campus-1068x801.jpeg 1068w, https:\/\/trebolense.com.ar\/archivo\/wp-content\/uploads\/2026\/01\/vestuarios-campus.jpeg 1200w\" sizes=\"auto, (max-width: 300px) 100vw, 300px\" \/><\/a> <a href=\"https:\/\/trebolense.com.ar\/archivo\/wp-content\/uploads\/2026\/01\/WhatsApp-Image-2026-01-30-at-10.02.50-1.jpeg\"><img loading=\"lazy\" decoding=\"async\" class=\"size-medium wp-image-1546 aligncenter\" src=\"https:\/\/trebolense.com.ar\/archivo\/wp-content\/uploads\/2026\/01\/WhatsApp-Image-2026-01-30-at-10.02.50-1-300x169.jpeg\" alt=\"\" width=\"300\" height=\"169\" srcset=\"https:\/\/trebolense.com.ar\/archivo\/wp-content\/uploads\/2026\/01\/WhatsApp-Image-2026-01-30-at-10.02.50-1-300x169.jpeg 300w, https:\/\/trebolense.com.ar\/archivo\/wp-content\/uploads\/2026\/01\/WhatsApp-Image-2026-01-30-at-10.02.50-1-1024x576.jpeg 1024w, https:\/\/trebolense.com.ar\/archivo\/wp-content\/uploads\/2026\/01\/WhatsApp-Image-2026-01-30-at-10.02.50-1-768x432.jpeg 768w, https:\/\/trebolense.com.ar\/archivo\/wp-content\/uploads\/2026\/01\/WhatsApp-Image-2026-01-30-at-10.02.50-1-696x392.jpeg 696w, https:\/\/trebolense.com.ar\/archivo\/wp-content\/uploads\/2026\/01\/WhatsApp-Image-2026-01-30-at-10.02.50-1-1068x601.jpeg 1068w, https:\/\/trebolense.com.ar\/archivo\/wp-content\/uploads\/2026\/01\/WhatsApp-Image-2026-01-30-at-10.02.50-1.jpeg 1200w\" sizes=\"auto, (max-width: 300px) 100vw, 300px\" \/><\/a><\/p>\n<p>&nbsp;<\/p>\n","protected":false},"excerpt":{"rendered":"<p>Merced a una brillante gesti\u00f3n de la Presidencia de Hugo Tagliatti y su Comisi\u00f3n Directiva en 2011 y a la excelente predisposici\u00f3n de los anteriores due\u00f1os del solar de 19 hect\u00e1reas aleda\u00f1o al cementerio local en la zona sur de la ciudad, Club Trebolense pudo lograr la adquisici\u00f3n del predio. El mismo se conecta a [&hellip;]<\/p>\n","protected":false},"author":2,"featured_media":1542,"comment_status":"closed","ping_status":"closed","sticky":false,"template":"","format":"standard","meta":{"footnotes":""},"categories":[116,24],"tags":[],"class_list":["post-1531","post","type-post","status-publish","format-standard","has-post-thumbnail","category-campus-entrenamiento","category-fotos"],"_links":{"self":[{"href":"https:\/\/trebolense.com.ar\/archivo\/wp-json\/wp\/v2\/posts\/1531","targetHints":{"allow":["GET"]}}],"collection":[{"href":"https:\/\/trebolense.com.ar\/archivo\/wp-json\/wp\/v2\/posts"}],"about":[{"href":"https:\/\/trebolense.com.ar\/archivo\/wp-json\/wp\/v2\/types\/post"}],"author":[{"embeddable":true,"href":"https:\/\/trebolense.com.ar\/archivo\/wp-json\/wp\/v2\/users\/2"}],"replies":[{"embeddable":true,"href":"https:\/\/trebolense.com.ar\/archivo\/wp-json\/wp\/v2\/comments?post=1531"}],"version-history":[{"count":12,"href":"https:\/\/trebolense.com.ar\/archivo\/wp-json\/wp\/v2\/posts\/1531\/revisions"}],"predecessor-version":[{"id":2208,"href":"https:\/\/trebolense.com.ar\/archivo\/wp-json\/wp\/v2\/posts\/1531\/revisions\/2208"}],"wp:featuredmedia":[{"embeddable":true,"href":"https:\/\/trebolense.com.ar\/archivo\/wp-json\/wp\/v2\/media\/1542"}],"wp:attachment":[{"href":"https:\/\/trebolense.com.ar\/archivo\/wp-json\/wp\/v2\/media?parent=1531"}],"wp:term":[{"taxonomy":"category","embeddable":true,"href":"https:\/\/trebolense.com.ar\/archivo\/wp-json\/wp\/v2\/categories?post=1531"},{"taxonomy":"post_tag","embeddable":true,"href":"https:\/\/trebolense.com.ar\/archivo\/wp-json\/wp\/v2\/tags?post=1531"}],"curies":[{"name":"wp","href":"https:\/\/api.w.org\/{rel}","templated":true}]}}