{"id":1529,"date":"2026-01-30T08:22:04","date_gmt":"2026-01-30T11:22:04","guid":{"rendered":"https:\/\/trebolense.com.ar\/archivo\/?p=1529"},"modified":"2026-03-19T08:56:58","modified_gmt":"2026-03-19T11:56:58","slug":"fotos-canchas-de-futbol","status":"publish","type":"post","link":"https:\/\/trebolense.com.ar\/archivo\/fotos-canchas-de-futbol\/","title":{"rendered":"Fotos  Canchas de Futbol"},"content":{"rendered":"<p style=\"text-align: justify\">Club Trebolense, desde su fundaci\u00f3n en 1909, no tuvo un predio propio sino hasta luego de 1945 en que se le adjudicaron los terrenos adonde hoy tiene el Campus central del Club y su estadio Centenario. Previamente la cancha de futbol deambul\u00f3 por distintos solares prestados por vecinos de la localidad que para esa \u00e9poca de principios de siglo XX estaba inundada de terrenos bald\u00edos. <a href=\"https:\/\/trebolense.com.ar\/archivo\/wp-content\/uploads\/2026\/01\/FUTBOL-FRENTE-CERVANTES.jpg\"><img loading=\"lazy\" decoding=\"async\" class=\"alignleft wp-image-1584\" src=\"https:\/\/trebolense.com.ar\/archivo\/wp-content\/uploads\/2026\/01\/FUTBOL-FRENTE-CERVANTES-300x192.jpg\" alt=\"\" width=\"320\" height=\"205\" srcset=\"https:\/\/trebolense.com.ar\/archivo\/wp-content\/uploads\/2026\/01\/FUTBOL-FRENTE-CERVANTES-300x192.jpg 300w, https:\/\/trebolense.com.ar\/archivo\/wp-content\/uploads\/2026\/01\/FUTBOL-FRENTE-CERVANTES-1024x656.jpg 1024w, https:\/\/trebolense.com.ar\/archivo\/wp-content\/uploads\/2026\/01\/FUTBOL-FRENTE-CERVANTES-768x492.jpg 768w, https:\/\/trebolense.com.ar\/archivo\/wp-content\/uploads\/2026\/01\/FUTBOL-FRENTE-CERVANTES-696x446.jpg 696w, https:\/\/trebolense.com.ar\/archivo\/wp-content\/uploads\/2026\/01\/FUTBOL-FRENTE-CERVANTES.jpg 1043w\" sizes=\"auto, (max-width: 320px) 100vw, 320px\" \/><\/a>Es as\u00ed que tuvo su primera cancha en la manzana frente a Sociedad Italiana circunscripta entre Italia, San Lorenzo, Rio Negro y Juan XXIII; luego por muy poco tiempo en la manzana adonde hoy est\u00e1 la Municipalidad de El Tr\u00e9bol y finalmente se le prest\u00f3 una mitad de manzana frente al Teatro Cervantes, como lo muestra la fotograf\u00eda.<\/p>\n<p style=\"text-align: justify\">En 1922 se traslada al actual predio central, que para esa \u00e9poca y en el registro oficial de la provincia figuraba como Plaza P\u00fablica. Como en el mismo a\u00f1o se comienza a gestionar la ubicaci\u00f3n de la Plaza P\u00fablica frente al Teatro Cervantes (Las autoridades comunales y eclesi\u00e1sticas sugirieron una ubicaci\u00f3n m\u00e1s equidistante de los distintos centros poblados para la Plaza P\u00fablica), el Club inicia las gestiones para que se le adjudique nuestro predio actual ya que ah\u00ed no se construir\u00eda la plaza original del plano de El Tr\u00e9bol.<\/p>\n<p><span style=\"text-align: justify\"><u><a style=\"4db2ec;text-align: justify\" href=\"https:\/\/trebolense.com.ar\/archivo\/wp-content\/uploads\/2026\/01\/PLANO-GENERAL-CAMPO-DE-DEPORTES.png\"><img loading=\"lazy\" decoding=\"async\" class=\"alignleft size-medium wp-image-2179\" src=\"https:\/\/trebolense.com.ar\/archivo\/wp-content\/uploads\/2026\/01\/PLANO-GENERAL-CAMPO-DE-DEPORTES-300x281.png\" alt=\"\" width=\"300\" height=\"281\" srcset=\"https:\/\/trebolense.com.ar\/archivo\/wp-content\/uploads\/2026\/01\/PLANO-GENERAL-CAMPO-DE-DEPORTES-300x281.png 300w, https:\/\/trebolense.com.ar\/archivo\/wp-content\/uploads\/2026\/01\/PLANO-GENERAL-CAMPO-DE-DEPORTES-1024x958.png 1024w, https:\/\/trebolense.com.ar\/archivo\/wp-content\/uploads\/2026\/01\/PLANO-GENERAL-CAMPO-DE-DEPORTES-768x719.png 768w, https:\/\/trebolense.com.ar\/archivo\/wp-content\/uploads\/2026\/01\/PLANO-GENERAL-CAMPO-DE-DEPORTES-696x651.png 696w, https:\/\/trebolense.com.ar\/archivo\/wp-content\/uploads\/2026\/01\/PLANO-GENERAL-CAMPO-DE-DEPORTES-1068x999.png 1068w, https:\/\/trebolense.com.ar\/archivo\/wp-content\/uploads\/2026\/01\/PLANO-GENERAL-CAMPO-DE-DEPORTES.png 1200w\" sizes=\"auto, (max-width: 300px) 100vw, 300px\" \/><\/a><\/u><\/span>El bosquejo corresponde al plano original de Provincia de Santa Fe de 1890; lo correspondiente a Plaza P\u00fablica era s\u00f3lo el sector central ( coloreado en verde intenso) que era parte de un amplio predio de cuatro manzanas que Trebolense logra completar luego de 40 a\u00f1os de gesti\u00f3n ( los cuatro rincones en \u00abL\u00bb alrededor de la plaza original coloreados\u00a0 en verde punteado el Club tuvo que adquirirlo a particulares que para 1945 eran sus leg\u00edtimos due\u00f1os).<\/p>\n<div class=\"td-paragraph-padding-0\">\n<div class=\"td-paragraph-padding-4\">\n<blockquote class=\"td_quote td_quote_left\">\n<h2 style=\"clear: both\"><span class=\"td_btn td_btn_sm td_outlined_btn dropcap\">Cuentan los viejos socios y los archivos de texto y fotogr\u00e1ficos que inicialmente la cancha era rodeada de bolsas de arpillera para poder cobrar una m\u00f3dica entrada al partido de futbol.<\/span><\/h2>\n<\/blockquote>\n<\/div>\n<\/div>\n<p>&nbsp;<\/p>\n<p>&nbsp;<\/p>\n<p>&nbsp;<\/p>\n<p>&nbsp;<\/p>\n<p style=\"text-align: left\">Veamos algunas fotos:<\/p>\n<p style=\"text-align: left\">El Estadio Centenario y la Cancha Auxiliar.<\/p>\n\r\n                <style type=\"text\/css\">\r\n                    \r\n                    #tdi_1  .td-doubleSlider-2 .td-item1 {\r\n                        background: url(https:\/\/trebolense.com.ar\/archivo\/wp-content\/uploads\/2026\/01\/10-1-e1770040798415.jpg) 0 0 no-repeat;\r\n                    }\r\n                    #tdi_1  .td-doubleSlider-2 .td-item2 {\r\n                        background: url(https:\/\/trebolense.com.ar\/archivo\/wp-content\/uploads\/2026\/01\/20220922_221120-e1770040824579.jpg) 0 0 no-repeat;\r\n                    }\r\n                    #tdi_1  .td-doubleSlider-2 .td-item3 {\r\n                        background: url(https:\/\/trebolense.com.ar\/archivo\/wp-content\/uploads\/2026\/01\/WhatsApp-Image-2026-01-30-at-11.12.17.jpeg) 0 0 no-repeat;\r\n                    }\r\n                    #tdi_1  .td-doubleSlider-2 .td-item4 {\r\n                        background: url(https:\/\/trebolense.com.ar\/archivo\/wp-content\/uploads\/2026\/01\/WhatsApp-Image-2026-01-30-at-11.11.11-e1770041338401.jpeg) 0 0 no-repeat;\r\n                    }\r\n                <\/style>\r\n\r\n                <div id=\"tdi_1\" class=\"td-gallery td-slide-on-2-columns\">\r\n                    <div class=\"post_td_gallery\">\r\n                        <div class=\"td-gallery-slide-top\">\r\n                           <div class=\"td-gallery-title\"><\/div>\r\n\r\n                            <div class=\"td-gallery-controls-wrapper\">\r\n                                <div class=\"td-gallery-slide-count\"><span class=\"td-gallery-slide-item-focus\">1<\/span> de 4<\/div>\r\n                                <div class=\"td-gallery-slide-prev-next-but\">\r\n                                    <i class = \"td-icon-left doubleSliderPrevButton\"><\/i>\r\n                                    <i class = \"td-icon-right doubleSliderNextButton\"><\/i>\r\n                                <\/div>\r\n                            <\/div>\r\n                        <\/div>\r\n\r\n                        <div class = \"td-doubleSlider-1 \">\r\n                            <div class = \"td-slider\">\r\n                                \r\n                    <div class = \"td-slide-item td-item1\">\r\n                        <figure class=\"td-slide-galery-figure td-slide-popup-gallery\">\r\n                            <a class=\"slide-gallery-image-link\" href=\"https:\/\/trebolense.com.ar\/archivo\/wp-content\/uploads\/2026\/01\/10-1-e1770040798415.jpg\" title=\"10\"  data-caption=\"\"  data-description=\"\">\r\n                                <img decoding=\"async\" src=\"https:\/\/trebolense.com.ar\/archivo\/wp-content\/uploads\/2026\/01\/10-1-e1770040798415.jpg\" srcset=\"https:\/\/trebolense.com.ar\/archivo\/wp-content\/uploads\/2026\/01\/10-1-e1770040798415.jpg 1198w, https:\/\/trebolense.com.ar\/archivo\/wp-content\/uploads\/2026\/01\/10-1-e1770040798415-300x149.jpg 300w, https:\/\/trebolense.com.ar\/archivo\/wp-content\/uploads\/2026\/01\/10-1-e1770040798415-1024x509.jpg 1024w, https:\/\/trebolense.com.ar\/archivo\/wp-content\/uploads\/2026\/01\/10-1-e1770040798415-768x382.jpg 768w, https:\/\/trebolense.com.ar\/archivo\/wp-content\/uploads\/2026\/01\/10-1-e1770040798415-696x346.jpg 696w, https:\/\/trebolense.com.ar\/archivo\/wp-content\/uploads\/2026\/01\/10-1-e1770040798415-1068x531.jpg 1068w\" sizes=\"(max-width: 1198px) 100vw, 1198px\" alt=\"\">\r\n                            <\/a>\r\n                            \r\n                        <\/figure>\r\n                    <\/div>\r\n                    <div class = \"td-slide-item td-item2\">\r\n                        <figure class=\"td-slide-galery-figure td-slide-popup-gallery\">\r\n                            <a class=\"slide-gallery-image-link\" href=\"https:\/\/trebolense.com.ar\/archivo\/wp-content\/uploads\/2026\/01\/20220922_221120-e1770040824579.jpg\" title=\"20220922_221120\"  data-caption=\"\"  data-description=\"\">\r\n                                <img decoding=\"async\" src=\"https:\/\/trebolense.com.ar\/archivo\/wp-content\/uploads\/2026\/01\/20220922_221120-e1770040824579.jpg\" srcset=\"https:\/\/trebolense.com.ar\/archivo\/wp-content\/uploads\/2026\/01\/20220922_221120-e1770040824579.jpg 1056w, https:\/\/trebolense.com.ar\/archivo\/wp-content\/uploads\/2026\/01\/20220922_221120-e1770040824579-300x153.jpg 300w, https:\/\/trebolense.com.ar\/archivo\/wp-content\/uploads\/2026\/01\/20220922_221120-e1770040824579-1024x524.jpg 1024w, https:\/\/trebolense.com.ar\/archivo\/wp-content\/uploads\/2026\/01\/20220922_221120-e1770040824579-768x393.jpg 768w, https:\/\/trebolense.com.ar\/archivo\/wp-content\/uploads\/2026\/01\/20220922_221120-e1770040824579-696x356.jpg 696w\" sizes=\"(max-width: 1056px) 100vw, 1056px\" alt=\"\">\r\n                            <\/a>\r\n                            \r\n                        <\/figure>\r\n                    <\/div>\r\n                    <div class = \"td-slide-item td-item3\">\r\n                        <figure class=\"td-slide-galery-figure td-slide-popup-gallery\">\r\n                            <a class=\"slide-gallery-image-link\" href=\"https:\/\/trebolense.com.ar\/archivo\/wp-content\/uploads\/2026\/01\/WhatsApp-Image-2026-01-30-at-11.12.17.jpeg\" title=\"WhatsApp Image 2026-01-30 at 11.12.17\"  data-caption=\"\"  data-description=\"\">\r\n                                <img decoding=\"async\" src=\"https:\/\/trebolense.com.ar\/archivo\/wp-content\/uploads\/2026\/01\/WhatsApp-Image-2026-01-30-at-11.12.17.jpeg\" srcset=\"https:\/\/trebolense.com.ar\/archivo\/wp-content\/uploads\/2026\/01\/WhatsApp-Image-2026-01-30-at-11.12.17.jpeg 1200w, https:\/\/trebolense.com.ar\/archivo\/wp-content\/uploads\/2026\/01\/WhatsApp-Image-2026-01-30-at-11.12.17-300x135.jpeg 300w, https:\/\/trebolense.com.ar\/archivo\/wp-content\/uploads\/2026\/01\/WhatsApp-Image-2026-01-30-at-11.12.17-1024x461.jpeg 1024w, https:\/\/trebolense.com.ar\/archivo\/wp-content\/uploads\/2026\/01\/WhatsApp-Image-2026-01-30-at-11.12.17-768x346.jpeg 768w, https:\/\/trebolense.com.ar\/archivo\/wp-content\/uploads\/2026\/01\/WhatsApp-Image-2026-01-30-at-11.12.17-696x313.jpeg 696w, https:\/\/trebolense.com.ar\/archivo\/wp-content\/uploads\/2026\/01\/WhatsApp-Image-2026-01-30-at-11.12.17-1068x481.jpeg 1068w\" sizes=\"(max-width: 1200px) 100vw, 1200px\" alt=\"\">\r\n                            <\/a>\r\n                            \r\n                        <\/figure>\r\n                    <\/div>\r\n                    <div class = \"td-slide-item td-item4\">\r\n                        <figure class=\"td-slide-galery-figure td-slide-popup-gallery\">\r\n                            <a class=\"slide-gallery-image-link\" href=\"https:\/\/trebolense.com.ar\/archivo\/wp-content\/uploads\/2026\/01\/WhatsApp-Image-2026-01-30-at-11.11.11-e1770041338401.jpeg\" title=\"WhatsApp Image 2026-01-30 at 11.11.11\"  data-caption=\"\"  data-description=\"\">\r\n                                <img decoding=\"async\" src=\"https:\/\/trebolense.com.ar\/archivo\/wp-content\/uploads\/2026\/01\/WhatsApp-Image-2026-01-30-at-11.11.11-e1770041338401.jpeg\" srcset=\"https:\/\/trebolense.com.ar\/archivo\/wp-content\/uploads\/2026\/01\/WhatsApp-Image-2026-01-30-at-11.11.11-e1770041338401.jpeg 1114w, https:\/\/trebolense.com.ar\/archivo\/wp-content\/uploads\/2026\/01\/WhatsApp-Image-2026-01-30-at-11.11.11-e1770041338401-300x151.jpeg 300w, https:\/\/trebolense.com.ar\/archivo\/wp-content\/uploads\/2026\/01\/WhatsApp-Image-2026-01-30-at-11.11.11-e1770041338401-1024x515.jpeg 1024w, https:\/\/trebolense.com.ar\/archivo\/wp-content\/uploads\/2026\/01\/WhatsApp-Image-2026-01-30-at-11.11.11-e1770041338401-768x386.jpeg 768w, https:\/\/trebolense.com.ar\/archivo\/wp-content\/uploads\/2026\/01\/WhatsApp-Image-2026-01-30-at-11.11.11-e1770041338401-696x350.jpeg 696w, https:\/\/trebolense.com.ar\/archivo\/wp-content\/uploads\/2026\/01\/WhatsApp-Image-2026-01-30-at-11.11.11-e1770041338401-1068x537.jpeg 1068w\" sizes=\"(max-width: 1114px) 100vw, 1114px\" alt=\"\">\r\n                            <\/a>\r\n                            \r\n                        <\/figure>\r\n                    <\/div>\r\n                            <\/div>\r\n                        <\/div>\r\n\r\n                        <div class = \"td-doubleSlider-2\">\r\n                            <div class = \"td-slider\">\r\n                                \r\n                    <div class = \"td-button td-item1\">\r\n                        <div class = \"td-border\"><\/div>\r\n                    <\/div>\r\n                    <div class = \"td-button td-item2\">\r\n                        <div class = \"td-border\"><\/div>\r\n                    <\/div>\r\n                    <div class = \"td-button td-item3\">\r\n                        <div class = \"td-border\"><\/div>\r\n                    <\/div>\r\n                    <div class = \"td-button td-item4\">\r\n                        <div class = \"td-border\"><\/div>\r\n                    <\/div>\r\n                            <\/div>\r\n                        <\/div>\r\n\r\n                    <\/div>\r\n\r\n                <\/div>\r\n                \n<p>&nbsp;<\/p>\n<p>D\u00e9cada de 1980. Construcci\u00f3n de la Tribuna. Luego se llamar\u00e1 Francisco Luna, en honor a ese excepcional jugador de futbol que nos representara hacia finales de la d\u00e9cada de 1950.<\/p>\n\r\n                <style type=\"text\/css\">\r\n                    \r\n                    #tdi_2  .td-doubleSlider-2 .td-item1 {\r\n                        background: url(https:\/\/trebolense.com.ar\/archivo\/wp-content\/uploads\/2026\/01\/CONST.-TRIBUNA-1982-copia-2.jpg) 0 0 no-repeat;\r\n                    }\r\n                    #tdi_2  .td-doubleSlider-2 .td-item2 {\r\n                        background: url(https:\/\/trebolense.com.ar\/archivo\/wp-content\/uploads\/2026\/01\/CONST.-TRIBUNA-1982-copia.jpg) 0 0 no-repeat;\r\n                    }\r\n                    #tdi_2  .td-doubleSlider-2 .td-item3 {\r\n                        background: url(https:\/\/trebolense.com.ar\/archivo\/wp-content\/uploads\/2026\/01\/tribuna-1.jpg) 0 0 no-repeat;\r\n                    }\r\n                    #tdi_2  .td-doubleSlider-2 .td-item4 {\r\n                        background: url(https:\/\/trebolense.com.ar\/archivo\/wp-content\/uploads\/2026\/01\/CONSTRUCCION-DE-TRIBUNA-e1770041548893.jpg) 0 0 no-repeat;\r\n                    }\r\n                    #tdi_2  .td-doubleSlider-2 .td-item5 {\r\n                        background: url(https:\/\/trebolense.com.ar\/archivo\/wp-content\/uploads\/2026\/01\/INAUG-TRIBUNA.jpg) 0 0 no-repeat;\r\n                    }\r\n                    #tdi_2  .td-doubleSlider-2 .td-item6 {\r\n                        background: url(https:\/\/trebolense.com.ar\/archivo\/wp-content\/uploads\/2026\/01\/trebolense-tribuna-final.jpg) 0 0 no-repeat;\r\n                    }\r\n                    #tdi_2  .td-doubleSlider-2 .td-item7 {\r\n                        background: url(https:\/\/trebolense.com.ar\/archivo\/wp-content\/uploads\/2026\/01\/WhatsApp-Image-2026-02-02-at-11.04.31-11.jpeg) 0 0 no-repeat;\r\n                    }\r\n                    #tdi_2  .td-doubleSlider-2 .td-item8 {\r\n                        background: url(https:\/\/trebolense.com.ar\/archivo\/wp-content\/uploads\/2026\/01\/WhatsApp-Image-2026-02-02-at-11.04.31-7.jpeg) 0 0 no-repeat;\r\n                    }\r\n                    #tdi_2  .td-doubleSlider-2 .td-item9 {\r\n                        background: url(https:\/\/trebolense.com.ar\/archivo\/wp-content\/uploads\/2026\/01\/20220725_163431.jpg) 0 0 no-repeat;\r\n                    }\r\n                <\/style>\r\n\r\n                <div id=\"tdi_2\" class=\"td-gallery td-slide-on-2-columns\">\r\n                    <div class=\"post_td_gallery\">\r\n                        <div class=\"td-gallery-slide-top\">\r\n                           <div class=\"td-gallery-title\"><\/div>\r\n\r\n                            <div class=\"td-gallery-controls-wrapper\">\r\n                                <div class=\"td-gallery-slide-count\"><span class=\"td-gallery-slide-item-focus\">1<\/span> de 9<\/div>\r\n                                <div class=\"td-gallery-slide-prev-next-but\">\r\n                                    <i class = \"td-icon-left doubleSliderPrevButton\"><\/i>\r\n                                    <i class = \"td-icon-right doubleSliderNextButton\"><\/i>\r\n                                <\/div>\r\n                            <\/div>\r\n                        <\/div>\r\n\r\n                        <div class = \"td-doubleSlider-1 \">\r\n                            <div class = \"td-slider\">\r\n                                \r\n                    <div class = \"td-slide-item td-item1\">\r\n                        <figure class=\"td-slide-galery-figure td-slide-popup-gallery\">\r\n                            <a class=\"slide-gallery-image-link\" href=\"https:\/\/trebolense.com.ar\/archivo\/wp-content\/uploads\/2026\/01\/CONST.-TRIBUNA-1982-copia-2.jpg\" title=\"CONST. TRIBUNA 1982 - copia (2)\"  data-caption=\"\"  data-description=\"\">\r\n                                <img decoding=\"async\" src=\"https:\/\/trebolense.com.ar\/archivo\/wp-content\/uploads\/2026\/01\/CONST.-TRIBUNA-1982-copia-2.jpg\" srcset=\"https:\/\/trebolense.com.ar\/archivo\/wp-content\/uploads\/2026\/01\/CONST.-TRIBUNA-1982-copia-2.jpg 1200w, https:\/\/trebolense.com.ar\/archivo\/wp-content\/uploads\/2026\/01\/CONST.-TRIBUNA-1982-copia-2-300x167.jpg 300w, https:\/\/trebolense.com.ar\/archivo\/wp-content\/uploads\/2026\/01\/CONST.-TRIBUNA-1982-copia-2-1024x570.jpg 1024w, https:\/\/trebolense.com.ar\/archivo\/wp-content\/uploads\/2026\/01\/CONST.-TRIBUNA-1982-copia-2-768x428.jpg 768w, https:\/\/trebolense.com.ar\/archivo\/wp-content\/uploads\/2026\/01\/CONST.-TRIBUNA-1982-copia-2-696x387.jpg 696w, https:\/\/trebolense.com.ar\/archivo\/wp-content\/uploads\/2026\/01\/CONST.-TRIBUNA-1982-copia-2-1068x595.jpg 1068w\" sizes=\"(max-width: 1200px) 100vw, 1200px\" alt=\"\">\r\n                            <\/a>\r\n                            \r\n                        <\/figure>\r\n                    <\/div>\r\n                    <div class = \"td-slide-item td-item2\">\r\n                        <figure class=\"td-slide-galery-figure td-slide-popup-gallery\">\r\n                            <a class=\"slide-gallery-image-link\" href=\"https:\/\/trebolense.com.ar\/archivo\/wp-content\/uploads\/2026\/01\/CONST.-TRIBUNA-1982-copia.jpg\" title=\"CONST. TRIBUNA 1982 - copia\"  data-caption=\"\"  data-description=\"\">\r\n                                <img decoding=\"async\" src=\"https:\/\/trebolense.com.ar\/archivo\/wp-content\/uploads\/2026\/01\/CONST.-TRIBUNA-1982-copia.jpg\" srcset=\"https:\/\/trebolense.com.ar\/archivo\/wp-content\/uploads\/2026\/01\/CONST.-TRIBUNA-1982-copia.jpg 1200w, https:\/\/trebolense.com.ar\/archivo\/wp-content\/uploads\/2026\/01\/CONST.-TRIBUNA-1982-copia-300x181.jpg 300w, https:\/\/trebolense.com.ar\/archivo\/wp-content\/uploads\/2026\/01\/CONST.-TRIBUNA-1982-copia-1024x617.jpg 1024w, https:\/\/trebolense.com.ar\/archivo\/wp-content\/uploads\/2026\/01\/CONST.-TRIBUNA-1982-copia-768x463.jpg 768w, https:\/\/trebolense.com.ar\/archivo\/wp-content\/uploads\/2026\/01\/CONST.-TRIBUNA-1982-copia-696x419.jpg 696w, https:\/\/trebolense.com.ar\/archivo\/wp-content\/uploads\/2026\/01\/CONST.-TRIBUNA-1982-copia-1068x643.jpg 1068w\" sizes=\"(max-width: 1200px) 100vw, 1200px\" alt=\"\">\r\n                            <\/a>\r\n                            \r\n                        <\/figure>\r\n                    <\/div>\r\n                    <div class = \"td-slide-item td-item3\">\r\n                        <figure class=\"td-slide-galery-figure td-slide-popup-gallery\">\r\n                            <a class=\"slide-gallery-image-link\" href=\"https:\/\/trebolense.com.ar\/archivo\/wp-content\/uploads\/2026\/01\/tribuna-1.jpg\" title=\"tribuna-1\"  data-caption=\"\"  data-description=\"\">\r\n                                <img decoding=\"async\" src=\"https:\/\/trebolense.com.ar\/archivo\/wp-content\/uploads\/2026\/01\/tribuna-1.jpg\" srcset=\"https:\/\/trebolense.com.ar\/archivo\/wp-content\/uploads\/2026\/01\/tribuna-1.jpg 800w, https:\/\/trebolense.com.ar\/archivo\/wp-content\/uploads\/2026\/01\/tribuna-1-300x180.jpg 300w, https:\/\/trebolense.com.ar\/archivo\/wp-content\/uploads\/2026\/01\/tribuna-1-768x460.jpg 768w, https:\/\/trebolense.com.ar\/archivo\/wp-content\/uploads\/2026\/01\/tribuna-1-696x417.jpg 696w\" sizes=\"(max-width: 800px) 100vw, 800px\" alt=\"\">\r\n                            <\/a>\r\n                            \r\n                        <\/figure>\r\n                    <\/div>\r\n                    <div class = \"td-slide-item td-item4\">\r\n                        <figure class=\"td-slide-galery-figure td-slide-popup-gallery\">\r\n                            <a class=\"slide-gallery-image-link\" href=\"https:\/\/trebolense.com.ar\/archivo\/wp-content\/uploads\/2026\/01\/CONSTRUCCION-DE-TRIBUNA-e1770041548893.jpg\" title=\"CONSTRUCCION DE TRIBUNA\"  data-caption=\"\"  data-description=\"\">\r\n                                <img decoding=\"async\" src=\"https:\/\/trebolense.com.ar\/archivo\/wp-content\/uploads\/2026\/01\/CONSTRUCCION-DE-TRIBUNA-e1770041548893.jpg\" srcset=\"https:\/\/trebolense.com.ar\/archivo\/wp-content\/uploads\/2026\/01\/CONSTRUCCION-DE-TRIBUNA-e1770041548893.jpg 1198w, https:\/\/trebolense.com.ar\/archivo\/wp-content\/uploads\/2026\/01\/CONSTRUCCION-DE-TRIBUNA-e1770041548893-300x198.jpg 300w, https:\/\/trebolense.com.ar\/archivo\/wp-content\/uploads\/2026\/01\/CONSTRUCCION-DE-TRIBUNA-e1770041548893-1024x677.jpg 1024w, https:\/\/trebolense.com.ar\/archivo\/wp-content\/uploads\/2026\/01\/CONSTRUCCION-DE-TRIBUNA-e1770041548893-768x508.jpg 768w, https:\/\/trebolense.com.ar\/archivo\/wp-content\/uploads\/2026\/01\/CONSTRUCCION-DE-TRIBUNA-e1770041548893-696x460.jpg 696w, https:\/\/trebolense.com.ar\/archivo\/wp-content\/uploads\/2026\/01\/CONSTRUCCION-DE-TRIBUNA-e1770041548893-1068x706.jpg 1068w\" sizes=\"(max-width: 1198px) 100vw, 1198px\" alt=\"\">\r\n                            <\/a>\r\n                            \r\n                        <\/figure>\r\n                    <\/div>\r\n                    <div class = \"td-slide-item td-item5\">\r\n                        <figure class=\"td-slide-galery-figure td-slide-popup-gallery\">\r\n                            <a class=\"slide-gallery-image-link\" href=\"https:\/\/trebolense.com.ar\/archivo\/wp-content\/uploads\/2026\/01\/INAUG-TRIBUNA.jpg\" title=\"INAUG TRIBUNA\"  data-caption=\"\"  data-description=\"\">\r\n                                <img decoding=\"async\" src=\"https:\/\/trebolense.com.ar\/archivo\/wp-content\/uploads\/2026\/01\/INAUG-TRIBUNA.jpg\" srcset=\"https:\/\/trebolense.com.ar\/archivo\/wp-content\/uploads\/2026\/01\/INAUG-TRIBUNA.jpg 1200w, https:\/\/trebolense.com.ar\/archivo\/wp-content\/uploads\/2026\/01\/INAUG-TRIBUNA-300x227.jpg 300w, https:\/\/trebolense.com.ar\/archivo\/wp-content\/uploads\/2026\/01\/INAUG-TRIBUNA-1024x773.jpg 1024w, https:\/\/trebolense.com.ar\/archivo\/wp-content\/uploads\/2026\/01\/INAUG-TRIBUNA-768x580.jpg 768w, https:\/\/trebolense.com.ar\/archivo\/wp-content\/uploads\/2026\/01\/INAUG-TRIBUNA-696x525.jpg 696w, https:\/\/trebolense.com.ar\/archivo\/wp-content\/uploads\/2026\/01\/INAUG-TRIBUNA-1068x806.jpg 1068w\" sizes=\"(max-width: 1200px) 100vw, 1200px\" alt=\"\">\r\n                            <\/a>\r\n                            \r\n                        <\/figure>\r\n                    <\/div>\r\n                    <div class = \"td-slide-item td-item6\">\r\n                        <figure class=\"td-slide-galery-figure td-slide-popup-gallery\">\r\n                            <a class=\"slide-gallery-image-link\" href=\"https:\/\/trebolense.com.ar\/archivo\/wp-content\/uploads\/2026\/01\/trebolense-tribuna-final.jpg\" title=\"trebolense tribuna final\"  data-caption=\"\"  data-description=\"\">\r\n                                <img decoding=\"async\" src=\"https:\/\/trebolense.com.ar\/archivo\/wp-content\/uploads\/2026\/01\/trebolense-tribuna-final.jpg\" srcset=\"https:\/\/trebolense.com.ar\/archivo\/wp-content\/uploads\/2026\/01\/trebolense-tribuna-final.jpg 800w, https:\/\/trebolense.com.ar\/archivo\/wp-content\/uploads\/2026\/01\/trebolense-tribuna-final-300x189.jpg 300w, https:\/\/trebolense.com.ar\/archivo\/wp-content\/uploads\/2026\/01\/trebolense-tribuna-final-768x485.jpg 768w, https:\/\/trebolense.com.ar\/archivo\/wp-content\/uploads\/2026\/01\/trebolense-tribuna-final-696x439.jpg 696w\" sizes=\"(max-width: 800px) 100vw, 800px\" alt=\"\">\r\n                            <\/a>\r\n                            \r\n                        <\/figure>\r\n                    <\/div>\r\n                    <div class = \"td-slide-item td-item7\">\r\n                        <figure class=\"td-slide-galery-figure td-slide-popup-gallery\">\r\n                            <a class=\"slide-gallery-image-link\" href=\"https:\/\/trebolense.com.ar\/archivo\/wp-content\/uploads\/2026\/01\/WhatsApp-Image-2026-02-02-at-11.04.31-11.jpeg\" title=\"WhatsApp Image 2026-02-02 at 11.04.31 (11)\"  data-caption=\"\"  data-description=\"\">\r\n                                <img decoding=\"async\" src=\"https:\/\/trebolense.com.ar\/archivo\/wp-content\/uploads\/2026\/01\/WhatsApp-Image-2026-02-02-at-11.04.31-11.jpeg\" srcset=\"https:\/\/trebolense.com.ar\/archivo\/wp-content\/uploads\/2026\/01\/WhatsApp-Image-2026-02-02-at-11.04.31-11.jpeg 1200w, https:\/\/trebolense.com.ar\/archivo\/wp-content\/uploads\/2026\/01\/WhatsApp-Image-2026-02-02-at-11.04.31-11-300x135.jpeg 300w, https:\/\/trebolense.com.ar\/archivo\/wp-content\/uploads\/2026\/01\/WhatsApp-Image-2026-02-02-at-11.04.31-11-1024x462.jpeg 1024w, https:\/\/trebolense.com.ar\/archivo\/wp-content\/uploads\/2026\/01\/WhatsApp-Image-2026-02-02-at-11.04.31-11-768x346.jpeg 768w, https:\/\/trebolense.com.ar\/archivo\/wp-content\/uploads\/2026\/01\/WhatsApp-Image-2026-02-02-at-11.04.31-11-696x314.jpeg 696w, https:\/\/trebolense.com.ar\/archivo\/wp-content\/uploads\/2026\/01\/WhatsApp-Image-2026-02-02-at-11.04.31-11-1068x481.jpeg 1068w\" sizes=\"(max-width: 1200px) 100vw, 1200px\" alt=\"\">\r\n                            <\/a>\r\n                            \r\n                        <\/figure>\r\n                    <\/div>\r\n                    <div class = \"td-slide-item td-item8\">\r\n                        <figure class=\"td-slide-galery-figure td-slide-popup-gallery\">\r\n                            <a class=\"slide-gallery-image-link\" href=\"https:\/\/trebolense.com.ar\/archivo\/wp-content\/uploads\/2026\/01\/WhatsApp-Image-2026-02-02-at-11.04.31-7.jpeg\" title=\"WhatsApp Image 2026-02-02 at 11.04.31 (7)\"  data-caption=\"\"  data-description=\"\">\r\n                                <img decoding=\"async\" src=\"https:\/\/trebolense.com.ar\/archivo\/wp-content\/uploads\/2026\/01\/WhatsApp-Image-2026-02-02-at-11.04.31-7.jpeg\" srcset=\"https:\/\/trebolense.com.ar\/archivo\/wp-content\/uploads\/2026\/01\/WhatsApp-Image-2026-02-02-at-11.04.31-7.jpeg 1200w, https:\/\/trebolense.com.ar\/archivo\/wp-content\/uploads\/2026\/01\/WhatsApp-Image-2026-02-02-at-11.04.31-7-300x135.jpeg 300w, https:\/\/trebolense.com.ar\/archivo\/wp-content\/uploads\/2026\/01\/WhatsApp-Image-2026-02-02-at-11.04.31-7-1024x462.jpeg 1024w, https:\/\/trebolense.com.ar\/archivo\/wp-content\/uploads\/2026\/01\/WhatsApp-Image-2026-02-02-at-11.04.31-7-768x346.jpeg 768w, https:\/\/trebolense.com.ar\/archivo\/wp-content\/uploads\/2026\/01\/WhatsApp-Image-2026-02-02-at-11.04.31-7-696x314.jpeg 696w, https:\/\/trebolense.com.ar\/archivo\/wp-content\/uploads\/2026\/01\/WhatsApp-Image-2026-02-02-at-11.04.31-7-1068x481.jpeg 1068w\" sizes=\"(max-width: 1200px) 100vw, 1200px\" alt=\"\">\r\n                            <\/a>\r\n                            \r\n                        <\/figure>\r\n                    <\/div>\r\n                    <div class = \"td-slide-item td-item9\">\r\n                        <figure class=\"td-slide-galery-figure td-slide-popup-gallery\">\r\n                            <a class=\"slide-gallery-image-link\" href=\"https:\/\/trebolense.com.ar\/archivo\/wp-content\/uploads\/2026\/01\/20220725_163431.jpg\" title=\"20220725_163431\"  data-caption=\"\"  data-description=\"\">\r\n                                <img decoding=\"async\" src=\"https:\/\/trebolense.com.ar\/archivo\/wp-content\/uploads\/2026\/01\/20220725_163431.jpg\" srcset=\"https:\/\/trebolense.com.ar\/archivo\/wp-content\/uploads\/2026\/01\/20220725_163431.jpg 1200w, https:\/\/trebolense.com.ar\/archivo\/wp-content\/uploads\/2026\/01\/20220725_163431-300x135.jpg 300w, https:\/\/trebolense.com.ar\/archivo\/wp-content\/uploads\/2026\/01\/20220725_163431-1024x461.jpg 1024w, https:\/\/trebolense.com.ar\/archivo\/wp-content\/uploads\/2026\/01\/20220725_163431-768x346.jpg 768w, https:\/\/trebolense.com.ar\/archivo\/wp-content\/uploads\/2026\/01\/20220725_163431-696x313.jpg 696w, https:\/\/trebolense.com.ar\/archivo\/wp-content\/uploads\/2026\/01\/20220725_163431-1068x481.jpg 1068w\" sizes=\"(max-width: 1200px) 100vw, 1200px\" alt=\"\">\r\n                            <\/a>\r\n                            \r\n                        <\/figure>\r\n                    <\/div>\r\n                            <\/div>\r\n                        <\/div>\r\n\r\n                        <div class = \"td-doubleSlider-2\">\r\n                            <div class = \"td-slider\">\r\n                                \r\n                    <div class = \"td-button td-item1\">\r\n                        <div class = \"td-border\"><\/div>\r\n                    <\/div>\r\n                    <div class = \"td-button td-item2\">\r\n                        <div class = \"td-border\"><\/div>\r\n                    <\/div>\r\n                    <div class = \"td-button td-item3\">\r\n                        <div class = \"td-border\"><\/div>\r\n                    <\/div>\r\n                    <div class = \"td-button td-item4\">\r\n                        <div class = \"td-border\"><\/div>\r\n                    <\/div>\r\n                    <div class = \"td-button td-item5\">\r\n                        <div class = \"td-border\"><\/div>\r\n                    <\/div>\r\n                    <div class = \"td-button td-item6\">\r\n                        <div class = \"td-border\"><\/div>\r\n                    <\/div>\r\n                    <div class = \"td-button td-item7\">\r\n                        <div class = \"td-border\"><\/div>\r\n                    <\/div>\r\n                    <div class = \"td-button td-item8\">\r\n                        <div class = \"td-border\"><\/div>\r\n                    <\/div>\r\n                    <div class = \"td-button td-item9\">\r\n                        <div class = \"td-border\"><\/div>\r\n                    <\/div>\r\n                            <\/div>\r\n                        <\/div>\r\n\r\n                    <\/div>\r\n\r\n                <\/div>\r\n                \n<p style=\"text-align: center\">Tribuna Centenario, construida en 2009 con motivo de la celebraci\u00f3n del Aniversario N\u00ba100 del club.<\/p>\n<p style=\"text-align: justify\"><a href=\"https:\/\/trebolense.com.ar\/archivo\/wp-content\/uploads\/2026\/01\/20220616_104350.jpg\"><img loading=\"lazy\" decoding=\"async\" class=\"wp-image-1635 aligncenter\" src=\"https:\/\/trebolense.com.ar\/archivo\/wp-content\/uploads\/2026\/01\/20220616_104350-300x135.jpg\" alt=\"\" width=\"540\" height=\"243\" srcset=\"https:\/\/trebolense.com.ar\/archivo\/wp-content\/uploads\/2026\/01\/20220616_104350-300x135.jpg 300w, https:\/\/trebolense.com.ar\/archivo\/wp-content\/uploads\/2026\/01\/20220616_104350-1024x462.jpg 1024w, https:\/\/trebolense.com.ar\/archivo\/wp-content\/uploads\/2026\/01\/20220616_104350-768x346.jpg 768w, https:\/\/trebolense.com.ar\/archivo\/wp-content\/uploads\/2026\/01\/20220616_104350-696x314.jpg 696w, https:\/\/trebolense.com.ar\/archivo\/wp-content\/uploads\/2026\/01\/20220616_104350-1068x481.jpg 1068w, https:\/\/trebolense.com.ar\/archivo\/wp-content\/uploads\/2026\/01\/20220616_104350.jpg 1200w\" sizes=\"auto, (max-width: 540px) 100vw, 540px\" \/><\/a><\/p>\n<p style=\"text-align: center\">Nuevas cabinas de transmisi\u00f3n.<\/p>\n<p><a href=\"https:\/\/trebolense.com.ar\/archivo\/wp-content\/uploads\/2026\/01\/20220429_163300.jpg\"><img loading=\"lazy\" decoding=\"async\" class=\" wp-image-1650 aligncenter\" src=\"https:\/\/trebolense.com.ar\/archivo\/wp-content\/uploads\/2026\/01\/20220429_163300-300x135.jpg\" alt=\"\" width=\"528\" height=\"238\" srcset=\"https:\/\/trebolense.com.ar\/archivo\/wp-content\/uploads\/2026\/01\/20220429_163300-300x135.jpg 300w, https:\/\/trebolense.com.ar\/archivo\/wp-content\/uploads\/2026\/01\/20220429_163300-1024x462.jpg 1024w, https:\/\/trebolense.com.ar\/archivo\/wp-content\/uploads\/2026\/01\/20220429_163300-768x346.jpg 768w, https:\/\/trebolense.com.ar\/archivo\/wp-content\/uploads\/2026\/01\/20220429_163300-696x314.jpg 696w, https:\/\/trebolense.com.ar\/archivo\/wp-content\/uploads\/2026\/01\/20220429_163300-1068x481.jpg 1068w, https:\/\/trebolense.com.ar\/archivo\/wp-content\/uploads\/2026\/01\/20220429_163300.jpg 1200w\" sizes=\"auto, (max-width: 528px) 100vw, 528px\" \/><\/a> <a href=\"https:\/\/trebolense.com.ar\/archivo\/wp-content\/uploads\/2026\/01\/20220319_124812.jpg\"><img loading=\"lazy\" decoding=\"async\" class=\" wp-image-1651 aligncenter\" src=\"https:\/\/trebolense.com.ar\/archivo\/wp-content\/uploads\/2026\/01\/20220319_124812-300x135.jpg\" alt=\"\" width=\"523\" height=\"235\" srcset=\"https:\/\/trebolense.com.ar\/archivo\/wp-content\/uploads\/2026\/01\/20220319_124812-300x135.jpg 300w, https:\/\/trebolense.com.ar\/archivo\/wp-content\/uploads\/2026\/01\/20220319_124812-1024x461.jpg 1024w, https:\/\/trebolense.com.ar\/archivo\/wp-content\/uploads\/2026\/01\/20220319_124812-768x346.jpg 768w, https:\/\/trebolense.com.ar\/archivo\/wp-content\/uploads\/2026\/01\/20220319_124812-696x313.jpg 696w, https:\/\/trebolense.com.ar\/archivo\/wp-content\/uploads\/2026\/01\/20220319_124812-1068x481.jpg 1068w, https:\/\/trebolense.com.ar\/archivo\/wp-content\/uploads\/2026\/01\/20220319_124812.jpg 1200w\" sizes=\"auto, (max-width: 523px) 100vw, 523px\" \/><\/a><\/p>\n","protected":false},"excerpt":{"rendered":"<p>Club Trebolense, desde su fundaci\u00f3n en 1909, no tuvo un predio propio sino hasta luego de 1945 en que se le adjudicaron los terrenos adonde hoy tiene el Campus central del Club y su estadio Centenario. Previamente la cancha de futbol deambul\u00f3 por distintos solares prestados por vecinos de la localidad que para esa \u00e9poca [&hellip;]<\/p>\n","protected":false},"author":2,"featured_media":1588,"comment_status":"closed","ping_status":"closed","sticky":false,"template":"","format":"standard","meta":{"footnotes":""},"categories":[108,24],"tags":[175],"class_list":["post-1529","post","type-post","status-publish","format-standard","has-post-thumbnail","category-canchas-de-futbol","tag-4db2ec-span-style-text-align-justify-u-a-style-color"],"_links":{"self":[{"href":"https:\/\/trebolense.com.ar\/archivo\/wp-json\/wp\/v2\/posts\/1529","targetHints":{"allow":["GET"]}}],"collection":[{"href":"https:\/\/trebolense.com.ar\/archivo\/wp-json\/wp\/v2\/posts"}],"about":[{"href":"https:\/\/trebolense.com.ar\/archivo\/wp-json\/wp\/v2\/types\/post"}],"author":[{"embeddable":true,"href":"https:\/\/trebolense.com.ar\/archivo\/wp-json\/wp\/v2\/users\/2"}],"replies":[{"embeddable":true,"href":"https:\/\/trebolense.com.ar\/archivo\/wp-json\/wp\/v2\/comments?post=1529"}],"version-history":[{"count":23,"href":"https:\/\/trebolense.com.ar\/archivo\/wp-json\/wp\/v2\/posts\/1529\/revisions"}],"predecessor-version":[{"id":2265,"href":"https:\/\/trebolense.com.ar\/archivo\/wp-json\/wp\/v2\/posts\/1529\/revisions\/2265"}],"wp:featuredmedia":[{"embeddable":true,"href":"https:\/\/trebolense.com.ar\/archivo\/wp-json\/wp\/v2\/media\/1588"}],"wp:attachment":[{"href":"https:\/\/trebolense.com.ar\/archivo\/wp-json\/wp\/v2\/media?parent=1529"}],"wp:term":[{"taxonomy":"category","embeddable":true,"href":"https:\/\/trebolense.com.ar\/archivo\/wp-json\/wp\/v2\/categories?post=1529"},{"taxonomy":"post_tag","embeddable":true,"href":"https:\/\/trebolense.com.ar\/archivo\/wp-json\/wp\/v2\/tags?post=1529"}],"curies":[{"name":"wp","href":"https:\/\/api.w.org\/{rel}","templated":true}]}}