{"id":1527,"date":"2026-01-29T17:40:17","date_gmt":"2026-01-29T20:40:17","guid":{"rendered":"https:\/\/trebolense.com.ar\/archivo\/?p=1527"},"modified":"2026-03-12T11:16:35","modified_gmt":"2026-03-12T14:16:35","slug":"fotos-el-predio-alberto-burdisso","status":"publish","type":"post","link":"https:\/\/trebolense.com.ar\/archivo\/fotos-el-predio-alberto-burdisso\/","title":{"rendered":"Fotos  El Predio Alberto Burdisso"},"content":{"rendered":"<p style=\"text-align: justify\">Merecido homenaje de Trebolense al \u00abBurdi\u00bb, como le llam\u00e1bamos quienes tuvimos la fortuna de conocerle. Un gordo bueno, amigo de todos, aunque a veces pon\u00eda cara de malo y taciturno, \u00e9l era quien estaba para socorrer a todos los empleados.<a href=\"https:\/\/trebolense.com.ar\/archivo\/wp-content\/uploads\/2026\/01\/FRENTE-BURDISSO.jpg\"><img loading=\"lazy\" decoding=\"async\" class=\"wp-image-1573 aligncenter\" src=\"https:\/\/trebolense.com.ar\/archivo\/wp-content\/uploads\/2026\/01\/FRENTE-BURDISSO-300x177.jpg\" alt=\"\" width=\"339\" height=\"200\" srcset=\"https:\/\/trebolense.com.ar\/archivo\/wp-content\/uploads\/2026\/01\/FRENTE-BURDISSO-300x177.jpg 300w, https:\/\/trebolense.com.ar\/archivo\/wp-content\/uploads\/2026\/01\/FRENTE-BURDISSO-1024x605.jpg 1024w, https:\/\/trebolense.com.ar\/archivo\/wp-content\/uploads\/2026\/01\/FRENTE-BURDISSO-768x454.jpg 768w, https:\/\/trebolense.com.ar\/archivo\/wp-content\/uploads\/2026\/01\/FRENTE-BURDISSO-696x411.jpg 696w, https:\/\/trebolense.com.ar\/archivo\/wp-content\/uploads\/2026\/01\/FRENTE-BURDISSO-1068x631.jpg 1068w, https:\/\/trebolense.com.ar\/archivo\/wp-content\/uploads\/2026\/01\/FRENTE-BURDISSO.jpg 1200w\" sizes=\"auto, (max-width: 339px) 100vw, 339px\" \/><\/a>Tuvo tr\u00e1gico final que tronch\u00f3 su vida siendo empleado del Club, fuimos presos de una congoja generalizada; pero Trebolense (que es un grande) fue grande en la decisi\u00f3n de llamar Predio Alberto Burdisso desde 1998 al espacio f\u00edsico que poseemos en calle Juan F. Segu\u00ed al 300.<a style=\"color: #4db2ec;text-align: justify\" href=\"https:\/\/trebolense.com.ar\/archivo\/wp-content\/uploads\/2026\/01\/frente-nuevo-e1770209919383.jpeg\"><img loading=\"lazy\" decoding=\"async\" class=\"wp-image-1706 aligncenter\" src=\"https:\/\/trebolense.com.ar\/archivo\/wp-content\/uploads\/2026\/01\/frente-nuevo-e1770209919383-300x158.jpeg\" alt=\"\" width=\"367\" height=\"193\" srcset=\"https:\/\/trebolense.com.ar\/archivo\/wp-content\/uploads\/2026\/01\/frente-nuevo-e1770209919383-300x158.jpeg 300w, https:\/\/trebolense.com.ar\/archivo\/wp-content\/uploads\/2026\/01\/frente-nuevo-e1770209919383-768x405.jpeg 768w, https:\/\/trebolense.com.ar\/archivo\/wp-content\/uploads\/2026\/01\/frente-nuevo-e1770209919383-696x367.jpeg 696w, https:\/\/trebolense.com.ar\/archivo\/wp-content\/uploads\/2026\/01\/frente-nuevo-e1770209919383.jpeg 1004w\" sizes=\"auto, (max-width: 367px) 100vw, 367px\" \/><\/a>All\u00ed se practican dos actividades que son el orgullo de Trebolense.<\/p>\n<p>Una de ellas es el Karate.<\/p>\n<p><a href=\"https:\/\/trebolense.com.ar\/archivo\/wp-content\/uploads\/2026\/01\/KARATE-2.jpeg\"><img loading=\"lazy\" decoding=\"async\" class=\"size-medium wp-image-1576 aligncenter\" src=\"https:\/\/trebolense.com.ar\/archivo\/wp-content\/uploads\/2026\/01\/KARATE-2-300x225.jpeg\" alt=\"\" width=\"300\" height=\"225\" srcset=\"https:\/\/trebolense.com.ar\/archivo\/wp-content\/uploads\/2026\/01\/KARATE-2-300x225.jpeg 300w, https:\/\/trebolense.com.ar\/archivo\/wp-content\/uploads\/2026\/01\/KARATE-2-1024x768.jpeg 1024w, https:\/\/trebolense.com.ar\/archivo\/wp-content\/uploads\/2026\/01\/KARATE-2-768x576.jpeg 768w, https:\/\/trebolense.com.ar\/archivo\/wp-content\/uploads\/2026\/01\/KARATE-2-696x522.jpeg 696w, https:\/\/trebolense.com.ar\/archivo\/wp-content\/uploads\/2026\/01\/KARATE-2-1068x801.jpeg 1068w, https:\/\/trebolense.com.ar\/archivo\/wp-content\/uploads\/2026\/01\/KARATE-2.jpeg 1200w\" sizes=\"auto, (max-width: 300px) 100vw, 300px\" \/><\/a> <a href=\"https:\/\/trebolense.com.ar\/archivo\/wp-content\/uploads\/2026\/01\/KARATE.jpeg\"><img loading=\"lazy\" decoding=\"async\" class=\"size-medium wp-image-1579 aligncenter\" src=\"https:\/\/trebolense.com.ar\/archivo\/wp-content\/uploads\/2026\/01\/KARATE-300x225.jpeg\" alt=\"\" width=\"300\" height=\"225\" srcset=\"https:\/\/trebolense.com.ar\/archivo\/wp-content\/uploads\/2026\/01\/KARATE-300x225.jpeg 300w, https:\/\/trebolense.com.ar\/archivo\/wp-content\/uploads\/2026\/01\/KARATE-1024x768.jpeg 1024w, https:\/\/trebolense.com.ar\/archivo\/wp-content\/uploads\/2026\/01\/KARATE-768x576.jpeg 768w, https:\/\/trebolense.com.ar\/archivo\/wp-content\/uploads\/2026\/01\/KARATE-696x522.jpeg 696w, https:\/\/trebolense.com.ar\/archivo\/wp-content\/uploads\/2026\/01\/KARATE-1068x801.jpeg 1068w, https:\/\/trebolense.com.ar\/archivo\/wp-content\/uploads\/2026\/01\/KARATE.jpeg 1200w\" sizes=\"auto, (max-width: 300px) 100vw, 300px\" \/><\/a>Otra la Gimnasia Art\u00edstica.<\/p>\n<p><a href=\"https:\/\/trebolense.com.ar\/archivo\/wp-content\/uploads\/2026\/01\/BURDISSO-INTERIOR.jpeg\"><img loading=\"lazy\" decoding=\"async\" class=\" wp-image-1580 aligncenter\" src=\"https:\/\/trebolense.com.ar\/archivo\/wp-content\/uploads\/2026\/01\/BURDISSO-INTERIOR-300x169.jpeg\" alt=\"\" width=\"416\" height=\"234\" srcset=\"https:\/\/trebolense.com.ar\/archivo\/wp-content\/uploads\/2026\/01\/BURDISSO-INTERIOR-300x169.jpeg 300w, https:\/\/trebolense.com.ar\/archivo\/wp-content\/uploads\/2026\/01\/BURDISSO-INTERIOR-1024x576.jpeg 1024w, https:\/\/trebolense.com.ar\/archivo\/wp-content\/uploads\/2026\/01\/BURDISSO-INTERIOR-768x432.jpeg 768w, https:\/\/trebolense.com.ar\/archivo\/wp-content\/uploads\/2026\/01\/BURDISSO-INTERIOR-696x392.jpeg 696w, https:\/\/trebolense.com.ar\/archivo\/wp-content\/uploads\/2026\/01\/BURDISSO-INTERIOR-1068x601.jpeg 1068w, https:\/\/trebolense.com.ar\/archivo\/wp-content\/uploads\/2026\/01\/BURDISSO-INTERIOR.jpeg 1200w\" sizes=\"auto, (max-width: 416px) 100vw, 416px\" \/><\/a> <a href=\"https:\/\/trebolense.com.ar\/archivo\/wp-content\/uploads\/2026\/01\/gimnasia.jpeg\"><img loading=\"lazy\" decoding=\"async\" class=\"size-medium wp-image-1575 aligncenter\" src=\"https:\/\/trebolense.com.ar\/archivo\/wp-content\/uploads\/2026\/01\/gimnasia-300x225.jpeg\" alt=\"\" width=\"300\" height=\"225\" srcset=\"https:\/\/trebolense.com.ar\/archivo\/wp-content\/uploads\/2026\/01\/gimnasia-300x225.jpeg 300w, https:\/\/trebolense.com.ar\/archivo\/wp-content\/uploads\/2026\/01\/gimnasia-1024x768.jpeg 1024w, https:\/\/trebolense.com.ar\/archivo\/wp-content\/uploads\/2026\/01\/gimnasia-768x576.jpeg 768w, https:\/\/trebolense.com.ar\/archivo\/wp-content\/uploads\/2026\/01\/gimnasia-696x522.jpeg 696w, https:\/\/trebolense.com.ar\/archivo\/wp-content\/uploads\/2026\/01\/gimnasia-1068x801.jpeg 1068w, https:\/\/trebolense.com.ar\/archivo\/wp-content\/uploads\/2026\/01\/gimnasia.jpeg 1200w\" sizes=\"auto, (max-width: 300px) 100vw, 300px\" \/><\/a> <a href=\"https:\/\/trebolense.com.ar\/archivo\/wp-content\/uploads\/2026\/01\/gimnasia-2.jpeg\"><img loading=\"lazy\" decoding=\"async\" class=\"size-medium wp-image-1574 aligncenter\" src=\"https:\/\/trebolense.com.ar\/archivo\/wp-content\/uploads\/2026\/01\/gimnasia-2-300x225.jpeg\" alt=\"\" width=\"300\" height=\"225\" srcset=\"https:\/\/trebolense.com.ar\/archivo\/wp-content\/uploads\/2026\/01\/gimnasia-2-300x225.jpeg 300w, https:\/\/trebolense.com.ar\/archivo\/wp-content\/uploads\/2026\/01\/gimnasia-2-1024x768.jpeg 1024w, https:\/\/trebolense.com.ar\/archivo\/wp-content\/uploads\/2026\/01\/gimnasia-2-768x576.jpeg 768w, https:\/\/trebolense.com.ar\/archivo\/wp-content\/uploads\/2026\/01\/gimnasia-2-696x522.jpeg 696w, https:\/\/trebolense.com.ar\/archivo\/wp-content\/uploads\/2026\/01\/gimnasia-2-1068x801.jpeg 1068w, https:\/\/trebolense.com.ar\/archivo\/wp-content\/uploads\/2026\/01\/gimnasia-2.jpeg 1200w\" sizes=\"auto, (max-width: 300px) 100vw, 300px\" \/><\/a><\/p>\n<p>&nbsp;<\/p>\n<p>&nbsp;<\/p>\n<p>&nbsp;<\/p>\n<p>&nbsp;<\/p>\n","protected":false},"excerpt":{"rendered":"<p>Merecido homenaje de Trebolense al \u00abBurdi\u00bb, como le llam\u00e1bamos quienes tuvimos la fortuna de conocerle. Un gordo bueno, amigo de todos, aunque a veces pon\u00eda cara de malo y taciturno, \u00e9l era quien estaba para socorrer a todos los empleados.Tuvo tr\u00e1gico final que tronch\u00f3 su vida siendo empleado del Club, fuimos presos de una congoja [&hellip;]<\/p>\n","protected":false},"author":2,"featured_media":1573,"comment_status":"closed","ping_status":"closed","sticky":false,"template":"","format":"standard","meta":{"footnotes":""},"categories":[24,115],"tags":[],"class_list":["post-1527","post","type-post","status-publish","format-standard","has-post-thumbnail","category-fotos","category-predio-burdisso"],"_links":{"self":[{"href":"https:\/\/trebolense.com.ar\/archivo\/wp-json\/wp\/v2\/posts\/1527","targetHints":{"allow":["GET"]}}],"collection":[{"href":"https:\/\/trebolense.com.ar\/archivo\/wp-json\/wp\/v2\/posts"}],"about":[{"href":"https:\/\/trebolense.com.ar\/archivo\/wp-json\/wp\/v2\/types\/post"}],"author":[{"embeddable":true,"href":"https:\/\/trebolense.com.ar\/archivo\/wp-json\/wp\/v2\/users\/2"}],"replies":[{"embeddable":true,"href":"https:\/\/trebolense.com.ar\/archivo\/wp-json\/wp\/v2\/comments?post=1527"}],"version-history":[{"count":6,"href":"https:\/\/trebolense.com.ar\/archivo\/wp-json\/wp\/v2\/posts\/1527\/revisions"}],"predecessor-version":[{"id":2209,"href":"https:\/\/trebolense.com.ar\/archivo\/wp-json\/wp\/v2\/posts\/1527\/revisions\/2209"}],"wp:featuredmedia":[{"embeddable":true,"href":"https:\/\/trebolense.com.ar\/archivo\/wp-json\/wp\/v2\/media\/1573"}],"wp:attachment":[{"href":"https:\/\/trebolense.com.ar\/archivo\/wp-json\/wp\/v2\/media?parent=1527"}],"wp:term":[{"taxonomy":"category","embeddable":true,"href":"https:\/\/trebolense.com.ar\/archivo\/wp-json\/wp\/v2\/categories?post=1527"},{"taxonomy":"post_tag","embeddable":true,"href":"https:\/\/trebolense.com.ar\/archivo\/wp-json\/wp\/v2\/tags?post=1527"}],"curies":[{"name":"wp","href":"https:\/\/api.w.org\/{rel}","templated":true}]}}