{"id":1375,"date":"2026-01-24T11:22:00","date_gmt":"2026-01-24T14:22:00","guid":{"rendered":"https:\/\/trebolense.com.ar\/archivo\/?p=1375"},"modified":"2026-04-21T10:15:07","modified_gmt":"2026-04-21T13:15:07","slug":"fotos-la-pileta-de-trebolense","status":"publish","type":"post","link":"https:\/\/trebolense.com.ar\/archivo\/fotos-la-pileta-de-trebolense\/","title":{"rendered":"Fotos  La Pileta de Trebolense"},"content":{"rendered":"<p style=\"text-align: justify\">El rubro ser\u00eda Nataci\u00f3n, pero la mayor\u00eda la llamamos La Pileta de Trebolense. Tiene una hermosa historia descripta en el Archivo Hist\u00f3rico del Club, aqu\u00ed s\u00f3lo haremos un repaso fotogr\u00e1fico r\u00e1pido de las tres grandes remodelaciones que se han realizado sobre la misma. En los a\u00f1os 1953 en adelante, un grupo de visionarios (Fernando Degano, Oscar Degano, Perico Aguilera, Olegario Caffaratti, Jos\u00e9 Caffaratti, Casio Scuotri, por nombrar a los m\u00e1s entusiastas) \u00a0pensaron en el esparcimiento de grandes y chicos y en el deporte de la nataci\u00f3n; en a\u00f1os en que las piletas particulares casi no exist\u00edan, Trebolense inauguraba en 1958 una gran Pileta de Nataci\u00f3n de 800.000 litros de capacidad, 12,5 mt de ancho por 25,0 mt de largo, con trampol\u00edn para saltos ornamentales y conectada a trav\u00e9s de un puentecito con una pileta para ni\u00f1os de forma de semic\u00edrculo. Adem\u00e1s con vestuarios y vestidores para damas y caballeros y cabina de control. Dotada la misma con excelente sistema de filtrado y aireado del agua que circulaba a trav\u00e9s de una fuente.<a href=\"https:\/\/trebolense.com.ar\/archivo\/wp-content\/uploads\/2026\/01\/WhatsApp-Image-2026-01-27-at-20.19.28.jpeg\"><img loading=\"lazy\" decoding=\"async\" class=\"wp-image-1475 aligncenter\" src=\"https:\/\/trebolense.com.ar\/archivo\/wp-content\/uploads\/2026\/01\/WhatsApp-Image-2026-01-27-at-20.19.28-300x164.jpeg\" alt=\"\" width=\"457\" height=\"250\" srcset=\"https:\/\/trebolense.com.ar\/archivo\/wp-content\/uploads\/2026\/01\/WhatsApp-Image-2026-01-27-at-20.19.28-300x164.jpeg 300w, https:\/\/trebolense.com.ar\/archivo\/wp-content\/uploads\/2026\/01\/WhatsApp-Image-2026-01-27-at-20.19.28-1024x558.jpeg 1024w, https:\/\/trebolense.com.ar\/archivo\/wp-content\/uploads\/2026\/01\/WhatsApp-Image-2026-01-27-at-20.19.28-768x419.jpeg 768w, https:\/\/trebolense.com.ar\/archivo\/wp-content\/uploads\/2026\/01\/WhatsApp-Image-2026-01-27-at-20.19.28-696x379.jpeg 696w, https:\/\/trebolense.com.ar\/archivo\/wp-content\/uploads\/2026\/01\/WhatsApp-Image-2026-01-27-at-20.19.28-1068x582.jpeg 1068w, https:\/\/trebolense.com.ar\/archivo\/wp-content\/uploads\/2026\/01\/WhatsApp-Image-2026-01-27-at-20.19.28.jpeg 1200w\" sizes=\"auto, (max-width: 457px) 100vw, 457px\" \/><\/a><\/p>\n<p>Fotograf\u00eda del natatorio de 1969 en el Cincuentenario del Club.<\/p>\n<p style=\"text-align: justify\">El d\u00eda de la inauguraci\u00f3n, un grupo de mujeres con sus trajes de ba\u00f1o, gran p\u00fablico presente y delegaciones de San Jorge:<\/p>\n<p><a href=\"https:\/\/trebolense.com.ar\/archivo\/wp-content\/uploads\/2026\/01\/NATAT-1.jpg\"><img loading=\"lazy\" decoding=\"async\" class=\" wp-image-1424 aligncenter\" src=\"https:\/\/trebolense.com.ar\/archivo\/wp-content\/uploads\/2026\/01\/NATAT-1-300x189.jpg\" alt=\"\" width=\"390\" height=\"246\" srcset=\"https:\/\/trebolense.com.ar\/archivo\/wp-content\/uploads\/2026\/01\/NATAT-1-300x189.jpg 300w, https:\/\/trebolense.com.ar\/archivo\/wp-content\/uploads\/2026\/01\/NATAT-1-1024x646.jpg 1024w, https:\/\/trebolense.com.ar\/archivo\/wp-content\/uploads\/2026\/01\/NATAT-1-768x484.jpg 768w, https:\/\/trebolense.com.ar\/archivo\/wp-content\/uploads\/2026\/01\/NATAT-1-696x439.jpg 696w, https:\/\/trebolense.com.ar\/archivo\/wp-content\/uploads\/2026\/01\/NATAT-1-1068x674.jpg 1068w, https:\/\/trebolense.com.ar\/archivo\/wp-content\/uploads\/2026\/01\/NATAT-1.jpg 1200w\" sizes=\"auto, (max-width: 390px) 100vw, 390px\" \/><\/a><\/p>\n<p>Grupo de colaboradores y miembros de la Subcomisi\u00f3n de Nataci\u00f3n Elsa Reschini, Emilda de Podest\u00e1, Jos\u00e9 Caffaratti, y con atuendos antiguos: Victorio Foresi. Fernando Degano, Ilard Salamano, Mirta Salamano, Mar\u00eda E. Felizia.<\/p>\n<p><a href=\"https:\/\/trebolense.com.ar\/archivo\/wp-content\/uploads\/2026\/01\/NATACION-100-ANIV-2.jpg\"><img loading=\"lazy\" decoding=\"async\" class=\"wp-image-1423 aligncenter\" src=\"https:\/\/trebolense.com.ar\/archivo\/wp-content\/uploads\/2026\/01\/NATACION-100-ANIV-2-300x175.jpg\" alt=\"\" width=\"410\" height=\"239\" srcset=\"https:\/\/trebolense.com.ar\/archivo\/wp-content\/uploads\/2026\/01\/NATACION-100-ANIV-2-300x175.jpg 300w, https:\/\/trebolense.com.ar\/archivo\/wp-content\/uploads\/2026\/01\/NATACION-100-ANIV-2-1024x598.jpg 1024w, https:\/\/trebolense.com.ar\/archivo\/wp-content\/uploads\/2026\/01\/NATACION-100-ANIV-2-768x449.jpg 768w, https:\/\/trebolense.com.ar\/archivo\/wp-content\/uploads\/2026\/01\/NATACION-100-ANIV-2-696x407.jpg 696w, https:\/\/trebolense.com.ar\/archivo\/wp-content\/uploads\/2026\/01\/NATACION-100-ANIV-2-1068x624.jpg 1068w, https:\/\/trebolense.com.ar\/archivo\/wp-content\/uploads\/2026\/01\/NATACION-100-ANIV-2.jpg 1200w\" sizes=\"auto, (max-width: 410px) 100vw, 410px\" \/><\/a><\/p>\n<p>Fotograf\u00eda de 1984 para el 75 Aniversario del Club. La fuente de aireaci\u00f3n con arreglos y refacciones debido al deterioro de sus ya 26 a\u00f1os de vida.<\/p>\n<p><a href=\"https:\/\/trebolense.com.ar\/archivo\/wp-content\/uploads\/2026\/01\/NATACION-75-ANIV.jpg\"><img loading=\"lazy\" decoding=\"async\" class=\" wp-image-1422 aligncenter\" src=\"https:\/\/trebolense.com.ar\/archivo\/wp-content\/uploads\/2026\/01\/NATACION-75-ANIV-300x188.jpg\" alt=\"\" width=\"391\" height=\"245\" srcset=\"https:\/\/trebolense.com.ar\/archivo\/wp-content\/uploads\/2026\/01\/NATACION-75-ANIV-300x188.jpg 300w, https:\/\/trebolense.com.ar\/archivo\/wp-content\/uploads\/2026\/01\/NATACION-75-ANIV-1024x640.jpg 1024w, https:\/\/trebolense.com.ar\/archivo\/wp-content\/uploads\/2026\/01\/NATACION-75-ANIV-768x480.jpg 768w, https:\/\/trebolense.com.ar\/archivo\/wp-content\/uploads\/2026\/01\/NATACION-75-ANIV-696x435.jpg 696w, https:\/\/trebolense.com.ar\/archivo\/wp-content\/uploads\/2026\/01\/NATACION-75-ANIV-1068x668.jpg 1068w, https:\/\/trebolense.com.ar\/archivo\/wp-content\/uploads\/2026\/01\/NATACION-75-ANIV.jpg 1200w\" sizes=\"auto, (max-width: 391px) 100vw, 391px\" \/><\/a><\/p>\n<p>D\u00eda de Competencias Zonales de Nataci\u00f3n. J\u00f3venes en el momento de Largada, los se\u00f1ores cronometristas y jueces de control.<\/p>\n<p><a href=\"https:\/\/trebolense.com.ar\/archivo\/wp-content\/uploads\/2026\/01\/pileta-.jpg\"><img loading=\"lazy\" decoding=\"async\" class=\" wp-image-1426 aligncenter\" src=\"https:\/\/trebolense.com.ar\/archivo\/wp-content\/uploads\/2026\/01\/pileta--300x184.jpg\" alt=\"\" width=\"385\" height=\"236\" srcset=\"https:\/\/trebolense.com.ar\/archivo\/wp-content\/uploads\/2026\/01\/pileta--300x184.jpg 300w, https:\/\/trebolense.com.ar\/archivo\/wp-content\/uploads\/2026\/01\/pileta--1024x626.jpg 1024w, https:\/\/trebolense.com.ar\/archivo\/wp-content\/uploads\/2026\/01\/pileta--768x470.jpg 768w, https:\/\/trebolense.com.ar\/archivo\/wp-content\/uploads\/2026\/01\/pileta--696x426.jpg 696w, https:\/\/trebolense.com.ar\/archivo\/wp-content\/uploads\/2026\/01\/pileta--1068x653.jpg 1068w, https:\/\/trebolense.com.ar\/archivo\/wp-content\/uploads\/2026\/01\/pileta-.jpg 1200w\" sizes=\"auto, (max-width: 385px) 100vw, 385px\" \/><\/a><\/p>\n<p style=\"text-align: justify\">Sobreviene luego la primera gran refacci\u00f3n de la Pileta en 1987 adonde se cambian los sistemas de filtrado por equipos modernos, se ampl\u00edan las veredas perimetrales al doble de ancho, se establecen dos lugares de acceso al natatorio (anteriormente exist\u00eda s\u00f3lo uno), se eliminan las tuyas perimetrales y se colocan cercos de ca\u00f1os estructurales, se colocan bancos con sombrillas de colores, se colocan dos duchadores de ingreso al natatorio y se construye un sol\u00e1rium en el lugar adonde estaba la fuente de aireaci\u00f3n.<\/p>\n<p><a href=\"https:\/\/trebolense.com.ar\/archivo\/wp-content\/uploads\/2026\/01\/1.jpeg\"><img loading=\"lazy\" decoding=\"async\" class=\" wp-image-1415 aligncenter\" src=\"https:\/\/trebolense.com.ar\/archivo\/wp-content\/uploads\/2026\/01\/1-300x216.jpeg\" alt=\"\" width=\"322\" height=\"232\" srcset=\"https:\/\/trebolense.com.ar\/archivo\/wp-content\/uploads\/2026\/01\/1-300x216.jpeg 300w, https:\/\/trebolense.com.ar\/archivo\/wp-content\/uploads\/2026\/01\/1-1024x738.jpeg 1024w, https:\/\/trebolense.com.ar\/archivo\/wp-content\/uploads\/2026\/01\/1-768x554.jpeg 768w, https:\/\/trebolense.com.ar\/archivo\/wp-content\/uploads\/2026\/01\/1-696x502.jpeg 696w, https:\/\/trebolense.com.ar\/archivo\/wp-content\/uploads\/2026\/01\/1-1068x770.jpeg 1068w, https:\/\/trebolense.com.ar\/archivo\/wp-content\/uploads\/2026\/01\/1.jpeg 1200w\" sizes=\"auto, (max-width: 322px) 100vw, 322px\" \/><\/a> <a href=\"https:\/\/trebolense.com.ar\/archivo\/wp-content\/uploads\/2026\/01\/PILETA-92-95.jpg\"><img loading=\"lazy\" decoding=\"async\" class=\"wp-image-1427 aligncenter\" src=\"https:\/\/trebolense.com.ar\/archivo\/wp-content\/uploads\/2026\/01\/PILETA-92-95-300x196.jpg\" alt=\"\" width=\"324\" height=\"212\" srcset=\"https:\/\/trebolense.com.ar\/archivo\/wp-content\/uploads\/2026\/01\/PILETA-92-95-300x196.jpg 300w, https:\/\/trebolense.com.ar\/archivo\/wp-content\/uploads\/2026\/01\/PILETA-92-95-1024x667.jpg 1024w, https:\/\/trebolense.com.ar\/archivo\/wp-content\/uploads\/2026\/01\/PILETA-92-95-768x500.jpg 768w, https:\/\/trebolense.com.ar\/archivo\/wp-content\/uploads\/2026\/01\/PILETA-92-95-696x454.jpg 696w, https:\/\/trebolense.com.ar\/archivo\/wp-content\/uploads\/2026\/01\/PILETA-92-95-1068x696.jpg 1068w, https:\/\/trebolense.com.ar\/archivo\/wp-content\/uploads\/2026\/01\/PILETA-92-95.jpg 1200w\" sizes=\"auto, (max-width: 324px) 100vw, 324px\" \/><\/a><\/p>\n<p style=\"text-align: justify\">Y la \u00faltima refacci\u00f3n realizada en 2013 en donde se ha utilizado el espacio de la pileta pero la misma fue construida toda nueva con m\u00faltiples prop\u00f3sitos dentro un dise\u00f1o ultramoderno: a) Pileta de competencia y entrenamiento, b) Pileta de Rehabilitaci\u00f3n con agua climatizada, c) Pileta de esparcimiento para mayores, d) Dos piletas para ni\u00f1os de distintas edades, e) Jacuzzi, f) Rancho de Servicios, g) Amplios veredones con reposeras, h) Ba\u00f1os y vestuarios ba\u00f1istas y para profesores.<\/p>\n<p><a href=\"https:\/\/trebolense.com.ar\/archivo\/wp-content\/uploads\/2026\/01\/4.jpeg\"><img loading=\"lazy\" decoding=\"async\" class=\"wp-image-1418 aligncenter\" src=\"https:\/\/trebolense.com.ar\/archivo\/wp-content\/uploads\/2026\/01\/4-300x135.jpeg\" alt=\"\" width=\"318\" height=\"143\" srcset=\"https:\/\/trebolense.com.ar\/archivo\/wp-content\/uploads\/2026\/01\/4-300x135.jpeg 300w, https:\/\/trebolense.com.ar\/archivo\/wp-content\/uploads\/2026\/01\/4-1024x461.jpeg 1024w, https:\/\/trebolense.com.ar\/archivo\/wp-content\/uploads\/2026\/01\/4-768x346.jpeg 768w, https:\/\/trebolense.com.ar\/archivo\/wp-content\/uploads\/2026\/01\/4-696x313.jpeg 696w, https:\/\/trebolense.com.ar\/archivo\/wp-content\/uploads\/2026\/01\/4-1068x481.jpeg 1068w, https:\/\/trebolense.com.ar\/archivo\/wp-content\/uploads\/2026\/01\/4.jpeg 1200w\" sizes=\"auto, (max-width: 318px) 100vw, 318px\" \/><\/a> <a href=\"https:\/\/trebolense.com.ar\/archivo\/wp-content\/uploads\/2026\/01\/3.jpeg\"><img loading=\"lazy\" decoding=\"async\" class=\"wp-image-1417 aligncenter\" src=\"https:\/\/trebolense.com.ar\/archivo\/wp-content\/uploads\/2026\/01\/3-300x135.jpeg\" alt=\"\" width=\"318\" height=\"143\" srcset=\"https:\/\/trebolense.com.ar\/archivo\/wp-content\/uploads\/2026\/01\/3-300x135.jpeg 300w, https:\/\/trebolense.com.ar\/archivo\/wp-content\/uploads\/2026\/01\/3-1024x461.jpeg 1024w, https:\/\/trebolense.com.ar\/archivo\/wp-content\/uploads\/2026\/01\/3-768x346.jpeg 768w, https:\/\/trebolense.com.ar\/archivo\/wp-content\/uploads\/2026\/01\/3-696x313.jpeg 696w, https:\/\/trebolense.com.ar\/archivo\/wp-content\/uploads\/2026\/01\/3-1068x481.jpeg 1068w, https:\/\/trebolense.com.ar\/archivo\/wp-content\/uploads\/2026\/01\/3.jpeg 1200w\" sizes=\"auto, (max-width: 318px) 100vw, 318px\" \/><\/a> <a href=\"https:\/\/trebolense.com.ar\/archivo\/wp-content\/uploads\/2026\/01\/20210101_224010.jpg\"><img loading=\"lazy\" decoding=\"async\" class=\" wp-image-1419 aligncenter\" src=\"https:\/\/trebolense.com.ar\/archivo\/wp-content\/uploads\/2026\/01\/20210101_224010-300x135.jpg\" alt=\"\" width=\"324\" height=\"146\" srcset=\"https:\/\/trebolense.com.ar\/archivo\/wp-content\/uploads\/2026\/01\/20210101_224010-300x135.jpg 300w, https:\/\/trebolense.com.ar\/archivo\/wp-content\/uploads\/2026\/01\/20210101_224010-1024x462.jpg 1024w, https:\/\/trebolense.com.ar\/archivo\/wp-content\/uploads\/2026\/01\/20210101_224010-768x346.jpg 768w, https:\/\/trebolense.com.ar\/archivo\/wp-content\/uploads\/2026\/01\/20210101_224010-696x314.jpg 696w, https:\/\/trebolense.com.ar\/archivo\/wp-content\/uploads\/2026\/01\/20210101_224010-1068x481.jpg 1068w, https:\/\/trebolense.com.ar\/archivo\/wp-content\/uploads\/2026\/01\/20210101_224010.jpg 1200w\" sizes=\"auto, (max-width: 324px) 100vw, 324px\" \/><\/a><\/p>\n<p>Para la temporada invernal se coloca un domo con climatizaci\u00f3n interior, donde se practica Nataci\u00f3n,matronataci\u00f3n,\u00a0 Aquagym. <a href=\"https:\/\/trebolense.com.ar\/archivo\/wp-content\/uploads\/2026\/01\/25.jpg\"><img loading=\"lazy\" decoding=\"async\" class=\" wp-image-2827 aligncenter\" src=\"https:\/\/trebolense.com.ar\/archivo\/wp-content\/uploads\/2026\/01\/25-300x210.jpg\" alt=\"\" width=\"340\" height=\"238\" srcset=\"https:\/\/trebolense.com.ar\/archivo\/wp-content\/uploads\/2026\/01\/25-300x210.jpg 300w, https:\/\/trebolense.com.ar\/archivo\/wp-content\/uploads\/2026\/01\/25-1024x716.jpg 1024w, https:\/\/trebolense.com.ar\/archivo\/wp-content\/uploads\/2026\/01\/25-768x537.jpg 768w, https:\/\/trebolense.com.ar\/archivo\/wp-content\/uploads\/2026\/01\/25-696x487.jpg 696w, https:\/\/trebolense.com.ar\/archivo\/wp-content\/uploads\/2026\/01\/25-1068x747.jpg 1068w, https:\/\/trebolense.com.ar\/archivo\/wp-content\/uploads\/2026\/01\/25.jpg 1200w\" sizes=\"auto, (max-width: 340px) 100vw, 340px\" \/><\/a><a href=\"https:\/\/trebolense.com.ar\/archivo\/wp-content\/uploads\/2026\/01\/24.jpg\"><img loading=\"lazy\" decoding=\"async\" class=\" wp-image-2826 aligncenter\" src=\"https:\/\/trebolense.com.ar\/archivo\/wp-content\/uploads\/2026\/01\/24-300x210.jpg\" alt=\"\" width=\"338\" height=\"237\" srcset=\"https:\/\/trebolense.com.ar\/archivo\/wp-content\/uploads\/2026\/01\/24-300x210.jpg 300w, https:\/\/trebolense.com.ar\/archivo\/wp-content\/uploads\/2026\/01\/24-1024x716.jpg 1024w, https:\/\/trebolense.com.ar\/archivo\/wp-content\/uploads\/2026\/01\/24-768x537.jpg 768w, https:\/\/trebolense.com.ar\/archivo\/wp-content\/uploads\/2026\/01\/24-696x487.jpg 696w, https:\/\/trebolense.com.ar\/archivo\/wp-content\/uploads\/2026\/01\/24-1068x747.jpg 1068w, https:\/\/trebolense.com.ar\/archivo\/wp-content\/uploads\/2026\/01\/24.jpg 1200w\" sizes=\"auto, (max-width: 338px) 100vw, 338px\" \/><\/a><\/p>\n<p><a href=\"https:\/\/trebolense.com.ar\/archivo\/wp-content\/uploads\/2026\/01\/2-1.jpeg\"><img loading=\"lazy\" decoding=\"async\" class=\"wp-image-1416 aligncenter\" src=\"https:\/\/trebolense.com.ar\/archivo\/wp-content\/uploads\/2026\/01\/2-1-300x169.jpeg\" alt=\"\" width=\"341\" height=\"192\" srcset=\"https:\/\/trebolense.com.ar\/archivo\/wp-content\/uploads\/2026\/01\/2-1-300x169.jpeg 300w, https:\/\/trebolense.com.ar\/archivo\/wp-content\/uploads\/2026\/01\/2-1-1024x576.jpeg 1024w, https:\/\/trebolense.com.ar\/archivo\/wp-content\/uploads\/2026\/01\/2-1-768x432.jpeg 768w, https:\/\/trebolense.com.ar\/archivo\/wp-content\/uploads\/2026\/01\/2-1-696x392.jpeg 696w, https:\/\/trebolense.com.ar\/archivo\/wp-content\/uploads\/2026\/01\/2-1-1068x601.jpeg 1068w, https:\/\/trebolense.com.ar\/archivo\/wp-content\/uploads\/2026\/01\/2-1.jpeg 1200w\" sizes=\"auto, (max-width: 341px) 100vw, 341px\" \/><\/a> <a href=\"https:\/\/trebolense.com.ar\/archivo\/wp-content\/uploads\/2026\/01\/DSC_5902.jpg\"><img loading=\"lazy\" decoding=\"async\" class=\"wp-image-1420 aligncenter\" src=\"https:\/\/trebolense.com.ar\/archivo\/wp-content\/uploads\/2026\/01\/DSC_5902-300x199.jpg\" alt=\"\" width=\"342\" height=\"227\" srcset=\"https:\/\/trebolense.com.ar\/archivo\/wp-content\/uploads\/2026\/01\/DSC_5902-300x199.jpg 300w, https:\/\/trebolense.com.ar\/archivo\/wp-content\/uploads\/2026\/01\/DSC_5902-1024x680.jpg 1024w, https:\/\/trebolense.com.ar\/archivo\/wp-content\/uploads\/2026\/01\/DSC_5902-768x510.jpg 768w, https:\/\/trebolense.com.ar\/archivo\/wp-content\/uploads\/2026\/01\/DSC_5902-696x462.jpg 696w, https:\/\/trebolense.com.ar\/archivo\/wp-content\/uploads\/2026\/01\/DSC_5902-1068x709.jpg 1068w, https:\/\/trebolense.com.ar\/archivo\/wp-content\/uploads\/2026\/01\/DSC_5902.jpg 1200w\" sizes=\"auto, (max-width: 342px) 100vw, 342px\" \/><\/a><\/p>\n<p style=\"text-align: justify\">Actividades de Aquagym y Matronataci\u00f3n, adonde adultos y madres con sus beb\u00e9s concurren a esparcimiento, conocimiento del medio acuoso y primeras armas de la nataci\u00f3n a los peque\u00f1os; todo con estricto seguimiento de profesores especializados en la materia.<\/p>\n<p><a href=\"https:\/\/trebolense.com.ar\/archivo\/wp-content\/uploads\/2026\/01\/trebolense-climatizada-aqua-gym.jpg\"><img loading=\"lazy\" decoding=\"async\" class=\"wp-image-1429 aligncenter\" src=\"https:\/\/trebolense.com.ar\/archivo\/wp-content\/uploads\/2026\/01\/trebolense-climatizada-aqua-gym-300x194.jpg\" alt=\"\" width=\"322\" height=\"208\" srcset=\"https:\/\/trebolense.com.ar\/archivo\/wp-content\/uploads\/2026\/01\/trebolense-climatizada-aqua-gym-300x194.jpg 300w, https:\/\/trebolense.com.ar\/archivo\/wp-content\/uploads\/2026\/01\/trebolense-climatizada-aqua-gym-768x496.jpg 768w, https:\/\/trebolense.com.ar\/archivo\/wp-content\/uploads\/2026\/01\/trebolense-climatizada-aqua-gym-696x450.jpg 696w, https:\/\/trebolense.com.ar\/archivo\/wp-content\/uploads\/2026\/01\/trebolense-climatizada-aqua-gym.jpg 960w\" sizes=\"auto, (max-width: 322px) 100vw, 322px\" \/><\/a> <a href=\"https:\/\/trebolense.com.ar\/archivo\/wp-content\/uploads\/2026\/01\/matro-natacion-manitos-2025.jpeg\"><img loading=\"lazy\" decoding=\"async\" class=\"wp-image-1421 aligncenter\" src=\"https:\/\/trebolense.com.ar\/archivo\/wp-content\/uploads\/2026\/01\/matro-natacion-manitos-2025-300x225.jpeg\" alt=\"\" width=\"320\" height=\"240\" srcset=\"https:\/\/trebolense.com.ar\/archivo\/wp-content\/uploads\/2026\/01\/matro-natacion-manitos-2025-300x225.jpeg 300w, https:\/\/trebolense.com.ar\/archivo\/wp-content\/uploads\/2026\/01\/matro-natacion-manitos-2025-1024x768.jpeg 1024w, https:\/\/trebolense.com.ar\/archivo\/wp-content\/uploads\/2026\/01\/matro-natacion-manitos-2025-768x576.jpeg 768w, https:\/\/trebolense.com.ar\/archivo\/wp-content\/uploads\/2026\/01\/matro-natacion-manitos-2025-696x522.jpeg 696w, https:\/\/trebolense.com.ar\/archivo\/wp-content\/uploads\/2026\/01\/matro-natacion-manitos-2025-1068x801.jpeg 1068w, https:\/\/trebolense.com.ar\/archivo\/wp-content\/uploads\/2026\/01\/matro-natacion-manitos-2025.jpeg 1200w\" sizes=\"auto, (max-width: 320px) 100vw, 320px\" \/><\/a><\/p>\n<p>&nbsp;<\/p>\n<p>&nbsp;<\/p>\n<p>&nbsp;<\/p>\n<p>&nbsp;<\/p>\n","protected":false},"excerpt":{"rendered":"<p>El rubro ser\u00eda Nataci\u00f3n, pero la mayor\u00eda la llamamos La Pileta de Trebolense. Tiene una hermosa historia descripta en el Archivo Hist\u00f3rico del Club, aqu\u00ed s\u00f3lo haremos un repaso fotogr\u00e1fico r\u00e1pido de las tres grandes remodelaciones que se han realizado sobre la misma. En los a\u00f1os 1953 en adelante, un grupo de visionarios (Fernando Degano, [&hellip;]<\/p>\n","protected":false},"author":2,"featured_media":1418,"comment_status":"closed","ping_status":"closed","sticky":false,"template":"","format":"standard","meta":{"footnotes":""},"categories":[24,107],"tags":[],"class_list":["post-1375","post","type-post","status-publish","format-standard","has-post-thumbnail","category-fotos","category-natatorio"],"_links":{"self":[{"href":"https:\/\/trebolense.com.ar\/archivo\/wp-json\/wp\/v2\/posts\/1375","targetHints":{"allow":["GET"]}}],"collection":[{"href":"https:\/\/trebolense.com.ar\/archivo\/wp-json\/wp\/v2\/posts"}],"about":[{"href":"https:\/\/trebolense.com.ar\/archivo\/wp-json\/wp\/v2\/types\/post"}],"author":[{"embeddable":true,"href":"https:\/\/trebolense.com.ar\/archivo\/wp-json\/wp\/v2\/users\/2"}],"replies":[{"embeddable":true,"href":"https:\/\/trebolense.com.ar\/archivo\/wp-json\/wp\/v2\/comments?post=1375"}],"version-history":[{"count":13,"href":"https:\/\/trebolense.com.ar\/archivo\/wp-json\/wp\/v2\/posts\/1375\/revisions"}],"predecessor-version":[{"id":2828,"href":"https:\/\/trebolense.com.ar\/archivo\/wp-json\/wp\/v2\/posts\/1375\/revisions\/2828"}],"wp:featuredmedia":[{"embeddable":true,"href":"https:\/\/trebolense.com.ar\/archivo\/wp-json\/wp\/v2\/media\/1418"}],"wp:attachment":[{"href":"https:\/\/trebolense.com.ar\/archivo\/wp-json\/wp\/v2\/media?parent=1375"}],"wp:term":[{"taxonomy":"category","embeddable":true,"href":"https:\/\/trebolense.com.ar\/archivo\/wp-json\/wp\/v2\/categories?post=1375"},{"taxonomy":"post_tag","embeddable":true,"href":"https:\/\/trebolense.com.ar\/archivo\/wp-json\/wp\/v2\/tags?post=1375"}],"curies":[{"name":"wp","href":"https:\/\/api.w.org\/{rel}","templated":true}]}}