{"id":1296,"date":"2026-01-20T18:36:21","date_gmt":"2026-01-20T21:36:21","guid":{"rendered":"https:\/\/trebolense.com.ar\/archivo\/?p=1296"},"modified":"2026-06-06T16:05:26","modified_gmt":"2026-06-06T19:05:26","slug":"fotos-gimnasio-mayor","status":"publish","type":"post","link":"https:\/\/trebolense.com.ar\/archivo\/fotos-gimnasio-mayor\/","title":{"rendered":"Fotos  Gimnasio Mayor"},"content":{"rendered":"<p style=\"text-align: justify\">Las \u00faltimas tres d\u00e9cadas del siglo pasado, concretamente desde 1970 en adelante, el desarrollo del deporte y el cuidado del ser humano, han sufrido, para bien, un vuelco en el comportamiento de la sociedad en su conjunto. Tanto en las escuelas como en los clubes la organizaci\u00f3n de las actividades f\u00edsicas han cobrado otras dimensiones.\u00a0La familia entera se hubo volcado a la pr\u00e1ctica de alguna disciplina que signifique un incremento de la salud y el bienestar de sus integrantes.<a href=\"https:\/\/trebolense.com.ar\/archivo\/wp-content\/uploads\/2026\/01\/GIMNASIO-1.jpg\"><img loading=\"lazy\" decoding=\"async\" class=\"wp-image-1359 aligncenter\" src=\"https:\/\/trebolense.com.ar\/archivo\/wp-content\/uploads\/2026\/01\/GIMNASIO-1-300x200.jpg\" alt=\"\" width=\"368\" height=\"245\" srcset=\"https:\/\/trebolense.com.ar\/archivo\/wp-content\/uploads\/2026\/01\/GIMNASIO-1-300x200.jpg 300w, https:\/\/trebolense.com.ar\/archivo\/wp-content\/uploads\/2026\/01\/GIMNASIO-1-768x512.jpg 768w, https:\/\/trebolense.com.ar\/archivo\/wp-content\/uploads\/2026\/01\/GIMNASIO-1-696x464.jpg 696w, https:\/\/trebolense.com.ar\/archivo\/wp-content\/uploads\/2026\/01\/GIMNASIO-1.jpg 945w\" sizes=\"auto, (max-width: 368px) 100vw, 368px\" \/><\/a><\/p>\n<p><a style=\"color: #4db2ec;text-align: justify\" href=\"https:\/\/trebolense.com.ar\/archivo\/wp-content\/uploads\/2026\/01\/GIMNASIO-MAYOR-LIBRO-100-ANOS-4.jpg\"><img loading=\"lazy\" decoding=\"async\" class=\"wp-image-1362 aligncenter\" src=\"https:\/\/trebolense.com.ar\/archivo\/wp-content\/uploads\/2026\/01\/GIMNASIO-MAYOR-LIBRO-100-ANOS-4-300x205.jpg\" alt=\"\" width=\"369\" height=\"252\" srcset=\"https:\/\/trebolense.com.ar\/archivo\/wp-content\/uploads\/2026\/01\/GIMNASIO-MAYOR-LIBRO-100-ANOS-4-300x205.jpg 300w, https:\/\/trebolense.com.ar\/archivo\/wp-content\/uploads\/2026\/01\/GIMNASIO-MAYOR-LIBRO-100-ANOS-4-1024x700.jpg 1024w, https:\/\/trebolense.com.ar\/archivo\/wp-content\/uploads\/2026\/01\/GIMNASIO-MAYOR-LIBRO-100-ANOS-4-768x525.jpg 768w, https:\/\/trebolense.com.ar\/archivo\/wp-content\/uploads\/2026\/01\/GIMNASIO-MAYOR-LIBRO-100-ANOS-4-218x150.jpg 218w, https:\/\/trebolense.com.ar\/archivo\/wp-content\/uploads\/2026\/01\/GIMNASIO-MAYOR-LIBRO-100-ANOS-4-696x476.jpg 696w, https:\/\/trebolense.com.ar\/archivo\/wp-content\/uploads\/2026\/01\/GIMNASIO-MAYOR-LIBRO-100-ANOS-4-1068x730.jpg 1068w, https:\/\/trebolense.com.ar\/archivo\/wp-content\/uploads\/2026\/01\/GIMNASIO-MAYOR-LIBRO-100-ANOS-4.jpg 1200w\" sizes=\"auto, (max-width: 369px) 100vw, 369px\" \/><\/a><\/p>\n<p style=\"text-align: justify\"><span style=\"text-align: justify\">Club Trebolense, avizorando semejante desaf\u00edo y ante la enorme masa de asociados que lo reclamaban comienza organizando las actividades nucleando las mismas a trav\u00e9s de DEFYDA (Departamento de Educaci\u00f3n<\/span> F\u00edsica y Deporte Amateur). Cobran un inusitado impulso disciplinas como voley, pat\u00edn, basquet, karate, gimnasia art\u00edstica, etc; todas con la necesidad imperiosa de un espacio cerrado para su pr\u00e1ctica deportiva.<a style=\"color: #4db2ec;text-align: justify\" href=\"https:\/\/trebolense.com.ar\/archivo\/wp-content\/uploads\/2026\/01\/GIMNASIO-MAYOR-LIBRO-100-ANOS-4-copia.jpg\"><img loading=\"lazy\" decoding=\"async\" class=\"wp-image-1361 aligncenter\" src=\"https:\/\/trebolense.com.ar\/archivo\/wp-content\/uploads\/2026\/01\/GIMNASIO-MAYOR-LIBRO-100-ANOS-4-copia-300x195.jpg\" alt=\"\" width=\"385\" height=\"250\" srcset=\"https:\/\/trebolense.com.ar\/archivo\/wp-content\/uploads\/2026\/01\/GIMNASIO-MAYOR-LIBRO-100-ANOS-4-copia-300x195.jpg 300w, https:\/\/trebolense.com.ar\/archivo\/wp-content\/uploads\/2026\/01\/GIMNASIO-MAYOR-LIBRO-100-ANOS-4-copia-1024x665.jpg 1024w, https:\/\/trebolense.com.ar\/archivo\/wp-content\/uploads\/2026\/01\/GIMNASIO-MAYOR-LIBRO-100-ANOS-4-copia-768x499.jpg 768w, https:\/\/trebolense.com.ar\/archivo\/wp-content\/uploads\/2026\/01\/GIMNASIO-MAYOR-LIBRO-100-ANOS-4-copia-696x452.jpg 696w, https:\/\/trebolense.com.ar\/archivo\/wp-content\/uploads\/2026\/01\/GIMNASIO-MAYOR-LIBRO-100-ANOS-4-copia-1068x693.jpg 1068w, https:\/\/trebolense.com.ar\/archivo\/wp-content\/uploads\/2026\/01\/GIMNASIO-MAYOR-LIBRO-100-ANOS-4-copia.jpg 1200w\" sizes=\"auto, (max-width: 385px) 100vw, 385px\" \/><\/a><\/p>\n<p style=\"text-align: justify\">Hubo un grupo de visionarios con el Sr. Edgar Degano a la cabeza que se impusieron la premisa: \u00abVamos a construir un Gimnasio\u00bb. Y vaya si lo lograron: 55 mts por 35 mts. El desaf\u00edo fue enorme y la inversi\u00f3n descabellada, pero este grupo lo ha logrado. Los detalles de semejante proeza est\u00e1n resguardados en el Archivo Hist\u00f3rico del Club. Aqu\u00ed mostraremos algunas fotograf\u00edas ilustrativas. El Gimnasio Mayor de Club Trebolense se llama \u00abEdgar Degano\u00bb, absolutamente merecido.<\/p>\n<p>Vistas exteriores, junto al albergue.<\/p>\n<p><a href=\"https:\/\/trebolense.com.ar\/archivo\/wp-content\/uploads\/2026\/01\/EXTERIOR-2.jpeg\"><img loading=\"lazy\" decoding=\"async\" class=\"wp-image-1363 aligncenter\" src=\"https:\/\/trebolense.com.ar\/archivo\/wp-content\/uploads\/2026\/01\/EXTERIOR-2-300x169.jpeg\" alt=\"\" width=\"354\" height=\"199\" srcset=\"https:\/\/trebolense.com.ar\/archivo\/wp-content\/uploads\/2026\/01\/EXTERIOR-2-300x169.jpeg 300w, https:\/\/trebolense.com.ar\/archivo\/wp-content\/uploads\/2026\/01\/EXTERIOR-2-1024x576.jpeg 1024w, https:\/\/trebolense.com.ar\/archivo\/wp-content\/uploads\/2026\/01\/EXTERIOR-2-768x432.jpeg 768w, https:\/\/trebolense.com.ar\/archivo\/wp-content\/uploads\/2026\/01\/EXTERIOR-2-696x392.jpeg 696w, https:\/\/trebolense.com.ar\/archivo\/wp-content\/uploads\/2026\/01\/EXTERIOR-2-1068x601.jpeg 1068w, https:\/\/trebolense.com.ar\/archivo\/wp-content\/uploads\/2026\/01\/EXTERIOR-2.jpeg 1200w\" sizes=\"auto, (max-width: 354px) 100vw, 354px\" \/><\/a> <a href=\"https:\/\/trebolense.com.ar\/archivo\/wp-content\/uploads\/2026\/01\/EXTERIOR.jpeg\"><img loading=\"lazy\" decoding=\"async\" class=\"wp-image-1364 aligncenter\" src=\"https:\/\/trebolense.com.ar\/archivo\/wp-content\/uploads\/2026\/01\/EXTERIOR-300x169.jpeg\" alt=\"\" width=\"352\" height=\"198\" srcset=\"https:\/\/trebolense.com.ar\/archivo\/wp-content\/uploads\/2026\/01\/EXTERIOR-300x169.jpeg 300w, https:\/\/trebolense.com.ar\/archivo\/wp-content\/uploads\/2026\/01\/EXTERIOR-1024x576.jpeg 1024w, https:\/\/trebolense.com.ar\/archivo\/wp-content\/uploads\/2026\/01\/EXTERIOR-768x432.jpeg 768w, https:\/\/trebolense.com.ar\/archivo\/wp-content\/uploads\/2026\/01\/EXTERIOR-696x392.jpeg 696w, https:\/\/trebolense.com.ar\/archivo\/wp-content\/uploads\/2026\/01\/EXTERIOR-1068x601.jpeg 1068w, https:\/\/trebolense.com.ar\/archivo\/wp-content\/uploads\/2026\/01\/EXTERIOR.jpeg 1200w\" sizes=\"auto, (max-width: 352px) 100vw, 352px\" \/><\/a><\/p>\n<p>Vistas interiores, anteriores al cambio de piso.<\/p>\n<p><a href=\"https:\/\/trebolense.com.ar\/archivo\/wp-content\/uploads\/2026\/01\/20210317_091932.jpg\"><img loading=\"lazy\" decoding=\"async\" class=\" wp-image-1356 aligncenter\" src=\"https:\/\/trebolense.com.ar\/archivo\/wp-content\/uploads\/2026\/01\/20210317_091932-300x135.jpg\" alt=\"\" width=\"396\" height=\"178\" srcset=\"https:\/\/trebolense.com.ar\/archivo\/wp-content\/uploads\/2026\/01\/20210317_091932-300x135.jpg 300w, https:\/\/trebolense.com.ar\/archivo\/wp-content\/uploads\/2026\/01\/20210317_091932-1024x461.jpg 1024w, https:\/\/trebolense.com.ar\/archivo\/wp-content\/uploads\/2026\/01\/20210317_091932-768x346.jpg 768w, https:\/\/trebolense.com.ar\/archivo\/wp-content\/uploads\/2026\/01\/20210317_091932-696x313.jpg 696w, https:\/\/trebolense.com.ar\/archivo\/wp-content\/uploads\/2026\/01\/20210317_091932-1068x481.jpg 1068w, https:\/\/trebolense.com.ar\/archivo\/wp-content\/uploads\/2026\/01\/20210317_091932.jpg 1200w\" sizes=\"auto, (max-width: 396px) 100vw, 396px\" \/><\/a> <a href=\"https:\/\/trebolense.com.ar\/archivo\/wp-content\/uploads\/2026\/01\/20200716_084312.jpg\"><img loading=\"lazy\" decoding=\"async\" class=\" wp-image-1355 aligncenter\" src=\"https:\/\/trebolense.com.ar\/archivo\/wp-content\/uploads\/2026\/01\/20200716_084312-300x135.jpg\" alt=\"\" width=\"395\" height=\"178\" srcset=\"https:\/\/trebolense.com.ar\/archivo\/wp-content\/uploads\/2026\/01\/20200716_084312-300x135.jpg 300w, https:\/\/trebolense.com.ar\/archivo\/wp-content\/uploads\/2026\/01\/20200716_084312-1024x461.jpg 1024w, https:\/\/trebolense.com.ar\/archivo\/wp-content\/uploads\/2026\/01\/20200716_084312-768x346.jpg 768w, https:\/\/trebolense.com.ar\/archivo\/wp-content\/uploads\/2026\/01\/20200716_084312-696x313.jpg 696w, https:\/\/trebolense.com.ar\/archivo\/wp-content\/uploads\/2026\/01\/20200716_084312-1068x481.jpg 1068w, https:\/\/trebolense.com.ar\/archivo\/wp-content\/uploads\/2026\/01\/20200716_084312.jpg 1200w\" sizes=\"auto, (max-width: 395px) 100vw, 395px\" \/><\/a><\/p>\n<p><a href=\"https:\/\/trebolense.com.ar\/archivo\/wp-content\/uploads\/2026\/01\/141-e1769175656176.jpg\"><img loading=\"lazy\" decoding=\"async\" class=\" wp-image-1353 aligncenter\" src=\"https:\/\/trebolense.com.ar\/archivo\/wp-content\/uploads\/2026\/01\/141-e1769175656176-300x138.jpg\" alt=\"\" width=\"397\" height=\"183\" srcset=\"https:\/\/trebolense.com.ar\/archivo\/wp-content\/uploads\/2026\/01\/141-e1769175656176-300x138.jpg 300w, https:\/\/trebolense.com.ar\/archivo\/wp-content\/uploads\/2026\/01\/141-e1769175656176-1024x469.jpg 1024w, https:\/\/trebolense.com.ar\/archivo\/wp-content\/uploads\/2026\/01\/141-e1769175656176-768x352.jpg 768w, https:\/\/trebolense.com.ar\/archivo\/wp-content\/uploads\/2026\/01\/141-e1769175656176-696x319.jpg 696w, https:\/\/trebolense.com.ar\/archivo\/wp-content\/uploads\/2026\/01\/141-e1769175656176-1068x490.jpg 1068w, https:\/\/trebolense.com.ar\/archivo\/wp-content\/uploads\/2026\/01\/141-e1769175656176.jpg 1200w\" sizes=\"auto, (max-width: 397px) 100vw, 397px\" \/><\/a><\/p>\n<p>Durante much\u00edsimos a\u00f1os el club ha realizado su Fiesta Aniversario en el Gimnasio Mayor, siendo la m\u00e1s significativa realizada durante los festejos del Centenario, en 2009. He aqu\u00ed dos fotos ilustrativas.<\/p>\n<p><a href=\"https:\/\/trebolense.com.ar\/archivo\/wp-content\/uploads\/2026\/01\/CENA-ANIV.jpg\"><img loading=\"lazy\" decoding=\"async\" class=\"wp-image-1394 aligncenter\" src=\"https:\/\/trebolense.com.ar\/archivo\/wp-content\/uploads\/2026\/01\/CENA-ANIV-300x181.jpg\" alt=\"\" width=\"318\" height=\"192\" srcset=\"https:\/\/trebolense.com.ar\/archivo\/wp-content\/uploads\/2026\/01\/CENA-ANIV-300x181.jpg 300w, https:\/\/trebolense.com.ar\/archivo\/wp-content\/uploads\/2026\/01\/CENA-ANIV-1024x619.jpg 1024w, https:\/\/trebolense.com.ar\/archivo\/wp-content\/uploads\/2026\/01\/CENA-ANIV-768x464.jpg 768w, https:\/\/trebolense.com.ar\/archivo\/wp-content\/uploads\/2026\/01\/CENA-ANIV-696x421.jpg 696w, https:\/\/trebolense.com.ar\/archivo\/wp-content\/uploads\/2026\/01\/CENA-ANIV-1068x645.jpg 1068w, https:\/\/trebolense.com.ar\/archivo\/wp-content\/uploads\/2026\/01\/CENA-ANIV.jpg 1200w\" sizes=\"auto, (max-width: 318px) 100vw, 318px\" \/><\/a> <a href=\"https:\/\/trebolense.com.ar\/archivo\/wp-content\/uploads\/2026\/01\/GIMN-CENA.jpg\"><img loading=\"lazy\" decoding=\"async\" class=\"wp-image-1395 aligncenter\" src=\"https:\/\/trebolense.com.ar\/archivo\/wp-content\/uploads\/2026\/01\/GIMN-CENA-300x181.jpg\" alt=\"\" width=\"316\" height=\"191\" srcset=\"https:\/\/trebolense.com.ar\/archivo\/wp-content\/uploads\/2026\/01\/GIMN-CENA-300x181.jpg 300w, https:\/\/trebolense.com.ar\/archivo\/wp-content\/uploads\/2026\/01\/GIMN-CENA-1024x619.jpg 1024w, https:\/\/trebolense.com.ar\/archivo\/wp-content\/uploads\/2026\/01\/GIMN-CENA-768x464.jpg 768w, https:\/\/trebolense.com.ar\/archivo\/wp-content\/uploads\/2026\/01\/GIMN-CENA-696x421.jpg 696w, https:\/\/trebolense.com.ar\/archivo\/wp-content\/uploads\/2026\/01\/GIMN-CENA-1068x645.jpg 1068w, https:\/\/trebolense.com.ar\/archivo\/wp-content\/uploads\/2026\/01\/GIMN-CENA.jpg 1200w\" sizes=\"auto, (max-width: 316px) 100vw, 316px\" \/><\/a><\/p>\n<p>Vista de nuestro gimnasio con el cambio de piso de una cancha.<a href=\"https:\/\/trebolense.com.ar\/archivo\/wp-content\/uploads\/2026\/01\/230.jpg\"><img loading=\"lazy\" decoding=\"async\" class=\" wp-image-1354 aligncenter\" src=\"https:\/\/trebolense.com.ar\/archivo\/wp-content\/uploads\/2026\/01\/230-300x169.jpg\" alt=\"\" width=\"376\" height=\"212\" srcset=\"https:\/\/trebolense.com.ar\/archivo\/wp-content\/uploads\/2026\/01\/230-300x169.jpg 300w, https:\/\/trebolense.com.ar\/archivo\/wp-content\/uploads\/2026\/01\/230-1024x576.jpg 1024w, https:\/\/trebolense.com.ar\/archivo\/wp-content\/uploads\/2026\/01\/230-768x432.jpg 768w, https:\/\/trebolense.com.ar\/archivo\/wp-content\/uploads\/2026\/01\/230-696x392.jpg 696w, https:\/\/trebolense.com.ar\/archivo\/wp-content\/uploads\/2026\/01\/230-1068x601.jpg 1068w, https:\/\/trebolense.com.ar\/archivo\/wp-content\/uploads\/2026\/01\/230.jpg 1200w\" sizes=\"auto, (max-width: 376px) 100vw, 376px\" \/><\/a><\/p>\n<p>Vista del gimnasio con el nuevo piso, vista actual.<\/p>\n<p><a href=\"https:\/\/trebolense.com.ar\/archivo\/wp-content\/uploads\/2026\/01\/20220616_205249.jpg\"><img loading=\"lazy\" decoding=\"async\" class=\"wp-image-1357 aligncenter\" src=\"https:\/\/trebolense.com.ar\/archivo\/wp-content\/uploads\/2026\/01\/20220616_205249-300x135.jpg\" alt=\"\" width=\"335\" height=\"151\" srcset=\"https:\/\/trebolense.com.ar\/archivo\/wp-content\/uploads\/2026\/01\/20220616_205249-300x135.jpg 300w, https:\/\/trebolense.com.ar\/archivo\/wp-content\/uploads\/2026\/01\/20220616_205249-1024x461.jpg 1024w, https:\/\/trebolense.com.ar\/archivo\/wp-content\/uploads\/2026\/01\/20220616_205249-768x346.jpg 768w, https:\/\/trebolense.com.ar\/archivo\/wp-content\/uploads\/2026\/01\/20220616_205249-696x313.jpg 696w, https:\/\/trebolense.com.ar\/archivo\/wp-content\/uploads\/2026\/01\/20220616_205249-1068x481.jpg 1068w, https:\/\/trebolense.com.ar\/archivo\/wp-content\/uploads\/2026\/01\/20220616_205249.jpg 1200w\" sizes=\"auto, (max-width: 335px) 100vw, 335px\" \/><\/a> <a href=\"https:\/\/trebolense.com.ar\/archivo\/wp-content\/uploads\/2026\/01\/20220709_095515.jpg\"><img loading=\"lazy\" decoding=\"async\" class=\"wp-image-1358 aligncenter\" src=\"https:\/\/trebolense.com.ar\/archivo\/wp-content\/uploads\/2026\/01\/20220709_095515-300x135.jpg\" alt=\"\" width=\"333\" height=\"150\" srcset=\"https:\/\/trebolense.com.ar\/archivo\/wp-content\/uploads\/2026\/01\/20220709_095515-300x135.jpg 300w, https:\/\/trebolense.com.ar\/archivo\/wp-content\/uploads\/2026\/01\/20220709_095515-1024x461.jpg 1024w, https:\/\/trebolense.com.ar\/archivo\/wp-content\/uploads\/2026\/01\/20220709_095515-768x346.jpg 768w, https:\/\/trebolense.com.ar\/archivo\/wp-content\/uploads\/2026\/01\/20220709_095515-696x313.jpg 696w, https:\/\/trebolense.com.ar\/archivo\/wp-content\/uploads\/2026\/01\/20220709_095515-1068x481.jpg 1068w, https:\/\/trebolense.com.ar\/archivo\/wp-content\/uploads\/2026\/01\/20220709_095515.jpg 1200w\" sizes=\"auto, (max-width: 333px) 100vw, 333px\" \/><\/a><\/p>\n<p><a href=\"https:\/\/trebolense.com.ar\/archivo\/wp-content\/uploads\/2026\/01\/PISO-NUEVO.jpeg\"><img loading=\"lazy\" decoding=\"async\" class=\" wp-image-1366 aligncenter\" src=\"https:\/\/trebolense.com.ar\/archivo\/wp-content\/uploads\/2026\/01\/PISO-NUEVO-300x220.jpeg\" alt=\"\" width=\"335\" height=\"246\" srcset=\"https:\/\/trebolense.com.ar\/archivo\/wp-content\/uploads\/2026\/01\/PISO-NUEVO-300x220.jpeg 300w, https:\/\/trebolense.com.ar\/archivo\/wp-content\/uploads\/2026\/01\/PISO-NUEVO-1024x750.jpeg 1024w, https:\/\/trebolense.com.ar\/archivo\/wp-content\/uploads\/2026\/01\/PISO-NUEVO-768x563.jpeg 768w, https:\/\/trebolense.com.ar\/archivo\/wp-content\/uploads\/2026\/01\/PISO-NUEVO-696x510.jpeg 696w, https:\/\/trebolense.com.ar\/archivo\/wp-content\/uploads\/2026\/01\/PISO-NUEVO-1068x782.jpeg 1068w, https:\/\/trebolense.com.ar\/archivo\/wp-content\/uploads\/2026\/01\/PISO-NUEVO.jpeg 1200w\" sizes=\"auto, (max-width: 335px) 100vw, 335px\" \/><\/a><\/p>\n","protected":false},"excerpt":{"rendered":"<p>Las \u00faltimas tres d\u00e9cadas del siglo pasado, concretamente desde 1970 en adelante, el desarrollo del deporte y el cuidado del ser humano, han sufrido, para bien, un vuelco en el comportamiento de la sociedad en su conjunto. Tanto en las escuelas como en los clubes la organizaci\u00f3n de las actividades f\u00edsicas han cobrado otras dimensiones.\u00a0La [&hellip;]<\/p>\n","protected":false},"author":2,"featured_media":1366,"comment_status":"closed","ping_status":"closed","sticky":false,"template":"","format":"standard","meta":{"footnotes":""},"categories":[24,105],"tags":[],"class_list":["post-1296","post","type-post","status-publish","format-standard","has-post-thumbnail","category-fotos","category-gimnasio"],"_links":{"self":[{"href":"https:\/\/trebolense.com.ar\/archivo\/wp-json\/wp\/v2\/posts\/1296","targetHints":{"allow":["GET"]}}],"collection":[{"href":"https:\/\/trebolense.com.ar\/archivo\/wp-json\/wp\/v2\/posts"}],"about":[{"href":"https:\/\/trebolense.com.ar\/archivo\/wp-json\/wp\/v2\/types\/post"}],"author":[{"embeddable":true,"href":"https:\/\/trebolense.com.ar\/archivo\/wp-json\/wp\/v2\/users\/2"}],"replies":[{"embeddable":true,"href":"https:\/\/trebolense.com.ar\/archivo\/wp-json\/wp\/v2\/comments?post=1296"}],"version-history":[{"count":12,"href":"https:\/\/trebolense.com.ar\/archivo\/wp-json\/wp\/v2\/posts\/1296\/revisions"}],"predecessor-version":[{"id":2217,"href":"https:\/\/trebolense.com.ar\/archivo\/wp-json\/wp\/v2\/posts\/1296\/revisions\/2217"}],"wp:featuredmedia":[{"embeddable":true,"href":"https:\/\/trebolense.com.ar\/archivo\/wp-json\/wp\/v2\/media\/1366"}],"wp:attachment":[{"href":"https:\/\/trebolense.com.ar\/archivo\/wp-json\/wp\/v2\/media?parent=1296"}],"wp:term":[{"taxonomy":"category","embeddable":true,"href":"https:\/\/trebolense.com.ar\/archivo\/wp-json\/wp\/v2\/categories?post=1296"},{"taxonomy":"post_tag","embeddable":true,"href":"https:\/\/trebolense.com.ar\/archivo\/wp-json\/wp\/v2\/tags?post=1296"}],"curies":[{"name":"wp","href":"https:\/\/api.w.org\/{rel}","templated":true}]}}