{"id":1290,"date":"2026-01-20T17:55:29","date_gmt":"2026-01-20T20:55:29","guid":{"rendered":"https:\/\/trebolense.com.ar\/archivo\/?p=1290"},"modified":"2026-03-16T10:15:30","modified_gmt":"2026-03-16T13:15:30","slug":"fotos-sum-salon-de-usos-multiples","status":"publish","type":"post","link":"https:\/\/trebolense.com.ar\/archivo\/fotos-sum-salon-de-usos-multiples\/","title":{"rendered":"Fotos  SUM (Sal\u00f3n de usos m\u00faltiples)"},"content":{"rendered":"<p style=\"text-align: justify\">Cuando el Sr. Edgar Degano perge\u00f1\u00f3 por all\u00e1 por 1980 el Gimnasio Mayor de CAT del que tambi\u00e9n mostramos sus fotograf\u00edas en otro apartado, no imagin\u00f3 seguramente que el ingreso al mismo por Calle C\u00f3rdoba significar\u00eda otra obra de singular importancia para el Club. El SUM que cuenta con dimensiones similares al gimnasio mayor en su ancho pero de s\u00f3lo 25 metros de profundidad fue construido por etapas luego del Gimnasio y el mismo fue utilizado por un sinn\u00famero de actividades como gimnasia de aparatos, pat\u00edn, voley, recreaci\u00f3n en d\u00edas de lluvia, y tambi\u00e9n como alojamiento de evacuados en d\u00edas de inundaciones en la localidad.<\/p>\n<p>Frente del SUM EN 2010.<\/p>\n<p><a href=\"https:\/\/trebolense.com.ar\/archivo\/wp-content\/uploads\/2026\/01\/WhatsApp-Image-2026-01-21-at-10.32.33-2.jpeg\"><img loading=\"lazy\" decoding=\"async\" class=\"size-medium wp-image-1320 aligncenter\" src=\"https:\/\/trebolense.com.ar\/archivo\/wp-content\/uploads\/2026\/01\/WhatsApp-Image-2026-01-21-at-10.32.33-2-300x206.jpeg\" alt=\"\" width=\"300\" height=\"206\" srcset=\"https:\/\/trebolense.com.ar\/archivo\/wp-content\/uploads\/2026\/01\/WhatsApp-Image-2026-01-21-at-10.32.33-2-300x206.jpeg 300w, https:\/\/trebolense.com.ar\/archivo\/wp-content\/uploads\/2026\/01\/WhatsApp-Image-2026-01-21-at-10.32.33-2-1024x701.jpeg 1024w, https:\/\/trebolense.com.ar\/archivo\/wp-content\/uploads\/2026\/01\/WhatsApp-Image-2026-01-21-at-10.32.33-2-768x526.jpeg 768w, https:\/\/trebolense.com.ar\/archivo\/wp-content\/uploads\/2026\/01\/WhatsApp-Image-2026-01-21-at-10.32.33-2-218x150.jpeg 218w, https:\/\/trebolense.com.ar\/archivo\/wp-content\/uploads\/2026\/01\/WhatsApp-Image-2026-01-21-at-10.32.33-2-696x477.jpeg 696w, https:\/\/trebolense.com.ar\/archivo\/wp-content\/uploads\/2026\/01\/WhatsApp-Image-2026-01-21-at-10.32.33-2-1068x732.jpeg 1068w, https:\/\/trebolense.com.ar\/archivo\/wp-content\/uploads\/2026\/01\/WhatsApp-Image-2026-01-21-at-10.32.33-2.jpeg 1200w\" sizes=\"auto, (max-width: 300px) 100vw, 300px\" \/><\/a><\/p>\n<p>Frente del SUM en 2026.<a href=\"https:\/\/trebolense.com.ar\/archivo\/wp-content\/uploads\/2026\/01\/2.jpeg\"><img loading=\"lazy\" decoding=\"async\" class=\"size-medium wp-image-1318 aligncenter\" src=\"https:\/\/trebolense.com.ar\/archivo\/wp-content\/uploads\/2026\/01\/2-300x112.jpeg\" alt=\"\" width=\"300\" height=\"112\" srcset=\"https:\/\/trebolense.com.ar\/archivo\/wp-content\/uploads\/2026\/01\/2-300x112.jpeg 300w, https:\/\/trebolense.com.ar\/archivo\/wp-content\/uploads\/2026\/01\/2-1024x382.jpeg 1024w, https:\/\/trebolense.com.ar\/archivo\/wp-content\/uploads\/2026\/01\/2-768x287.jpeg 768w, https:\/\/trebolense.com.ar\/archivo\/wp-content\/uploads\/2026\/01\/2-696x260.jpeg 696w, https:\/\/trebolense.com.ar\/archivo\/wp-content\/uploads\/2026\/01\/2-1068x399.jpeg 1068w, https:\/\/trebolense.com.ar\/archivo\/wp-content\/uploads\/2026\/01\/2.jpeg 1200w\" sizes=\"auto, (max-width: 300px) 100vw, 300px\" \/><\/a><\/p>\n<p>Utilizado como Gimnasio de Aparatos.<\/p>\n<p><a href=\"https:\/\/trebolense.com.ar\/archivo\/wp-content\/uploads\/2026\/01\/WhatsApp-Image-2026-01-21-at-10.33.37.jpeg\"><img loading=\"lazy\" decoding=\"async\" class=\"size-medium wp-image-1325 aligncenter\" src=\"https:\/\/trebolense.com.ar\/archivo\/wp-content\/uploads\/2026\/01\/WhatsApp-Image-2026-01-21-at-10.33.37-300x169.jpeg\" alt=\"\" width=\"300\" height=\"169\" srcset=\"https:\/\/trebolense.com.ar\/archivo\/wp-content\/uploads\/2026\/01\/WhatsApp-Image-2026-01-21-at-10.33.37-300x169.jpeg 300w, https:\/\/trebolense.com.ar\/archivo\/wp-content\/uploads\/2026\/01\/WhatsApp-Image-2026-01-21-at-10.33.37-1024x576.jpeg 1024w, https:\/\/trebolense.com.ar\/archivo\/wp-content\/uploads\/2026\/01\/WhatsApp-Image-2026-01-21-at-10.33.37-768x432.jpeg 768w, https:\/\/trebolense.com.ar\/archivo\/wp-content\/uploads\/2026\/01\/WhatsApp-Image-2026-01-21-at-10.33.37-696x392.jpeg 696w, https:\/\/trebolense.com.ar\/archivo\/wp-content\/uploads\/2026\/01\/WhatsApp-Image-2026-01-21-at-10.33.37-1068x601.jpeg 1068w, https:\/\/trebolense.com.ar\/archivo\/wp-content\/uploads\/2026\/01\/WhatsApp-Image-2026-01-21-at-10.33.37.jpeg 1200w\" sizes=\"auto, (max-width: 300px) 100vw, 300px\" \/><\/a><\/p>\n<p>Vista de los laterales del SUM.<\/p>\n<p><a href=\"https:\/\/trebolense.com.ar\/archivo\/wp-content\/uploads\/2026\/01\/WhatsApp-Image-2026-01-21-at-10.32.33.jpeg\"><img loading=\"lazy\" decoding=\"async\" class=\"size-medium wp-image-1321 aligncenter\" src=\"https:\/\/trebolense.com.ar\/archivo\/wp-content\/uploads\/2026\/01\/WhatsApp-Image-2026-01-21-at-10.32.33-300x169.jpeg\" alt=\"\" width=\"300\" height=\"169\" srcset=\"https:\/\/trebolense.com.ar\/archivo\/wp-content\/uploads\/2026\/01\/WhatsApp-Image-2026-01-21-at-10.32.33-300x169.jpeg 300w, https:\/\/trebolense.com.ar\/archivo\/wp-content\/uploads\/2026\/01\/WhatsApp-Image-2026-01-21-at-10.32.33-1024x576.jpeg 1024w, https:\/\/trebolense.com.ar\/archivo\/wp-content\/uploads\/2026\/01\/WhatsApp-Image-2026-01-21-at-10.32.33-768x432.jpeg 768w, https:\/\/trebolense.com.ar\/archivo\/wp-content\/uploads\/2026\/01\/WhatsApp-Image-2026-01-21-at-10.32.33-696x392.jpeg 696w, https:\/\/trebolense.com.ar\/archivo\/wp-content\/uploads\/2026\/01\/WhatsApp-Image-2026-01-21-at-10.32.33-1068x601.jpeg 1068w, https:\/\/trebolense.com.ar\/archivo\/wp-content\/uploads\/2026\/01\/WhatsApp-Image-2026-01-21-at-10.32.33.jpeg 1200w\" sizes=\"auto, (max-width: 300px) 100vw, 300px\" \/><\/a><br \/>\nRenovaci\u00f3n de\u00a0los sostenes y sistemas de Iluminaci\u00f3n. Un recuerdo para un trabajador incansable de Trebolense en el SUM y en la SubComisi\u00f3n de Tenis Gerardo De Bernardo.<\/p>\n<p><a href=\"https:\/\/trebolense.com.ar\/archivo\/wp-content\/uploads\/2026\/01\/WhatsApp-Image-2026-01-21-at-10.33.37-2.jpeg\"><img loading=\"lazy\" decoding=\"async\" class=\"size-medium wp-image-1323 aligncenter\" src=\"https:\/\/trebolense.com.ar\/archivo\/wp-content\/uploads\/2026\/01\/WhatsApp-Image-2026-01-21-at-10.33.37-2-300x169.jpeg\" alt=\"\" width=\"300\" height=\"169\" srcset=\"https:\/\/trebolense.com.ar\/archivo\/wp-content\/uploads\/2026\/01\/WhatsApp-Image-2026-01-21-at-10.33.37-2-300x169.jpeg 300w, https:\/\/trebolense.com.ar\/archivo\/wp-content\/uploads\/2026\/01\/WhatsApp-Image-2026-01-21-at-10.33.37-2-1024x576.jpeg 1024w, https:\/\/trebolense.com.ar\/archivo\/wp-content\/uploads\/2026\/01\/WhatsApp-Image-2026-01-21-at-10.33.37-2-768x432.jpeg 768w, https:\/\/trebolense.com.ar\/archivo\/wp-content\/uploads\/2026\/01\/WhatsApp-Image-2026-01-21-at-10.33.37-2-696x392.jpeg 696w, https:\/\/trebolense.com.ar\/archivo\/wp-content\/uploads\/2026\/01\/WhatsApp-Image-2026-01-21-at-10.33.37-2-1068x601.jpeg 1068w, https:\/\/trebolense.com.ar\/archivo\/wp-content\/uploads\/2026\/01\/WhatsApp-Image-2026-01-21-at-10.33.37-2.jpeg 1200w\" sizes=\"auto, (max-width: 300px) 100vw, 300px\" \/><\/a> <a href=\"https:\/\/trebolense.com.ar\/archivo\/wp-content\/uploads\/2026\/01\/WhatsApp-Image-2026-01-21-at-10.33.37-1.jpeg\"><img loading=\"lazy\" decoding=\"async\" class=\"size-medium wp-image-1322 aligncenter\" src=\"https:\/\/trebolense.com.ar\/archivo\/wp-content\/uploads\/2026\/01\/WhatsApp-Image-2026-01-21-at-10.33.37-1-300x169.jpeg\" alt=\"\" width=\"300\" height=\"169\" srcset=\"https:\/\/trebolense.com.ar\/archivo\/wp-content\/uploads\/2026\/01\/WhatsApp-Image-2026-01-21-at-10.33.37-1-300x169.jpeg 300w, https:\/\/trebolense.com.ar\/archivo\/wp-content\/uploads\/2026\/01\/WhatsApp-Image-2026-01-21-at-10.33.37-1-1024x576.jpeg 1024w, https:\/\/trebolense.com.ar\/archivo\/wp-content\/uploads\/2026\/01\/WhatsApp-Image-2026-01-21-at-10.33.37-1-768x432.jpeg 768w, https:\/\/trebolense.com.ar\/archivo\/wp-content\/uploads\/2026\/01\/WhatsApp-Image-2026-01-21-at-10.33.37-1-696x392.jpeg 696w, https:\/\/trebolense.com.ar\/archivo\/wp-content\/uploads\/2026\/01\/WhatsApp-Image-2026-01-21-at-10.33.37-1-1068x601.jpeg 1068w, https:\/\/trebolense.com.ar\/archivo\/wp-content\/uploads\/2026\/01\/WhatsApp-Image-2026-01-21-at-10.33.37-1.jpeg 1200w\" sizes=\"auto, (max-width: 300px) 100vw, 300px\" \/><\/a><\/p>\n<p>Vista de la Cocina.<\/p>\n<p><a href=\"https:\/\/trebolense.com.ar\/archivo\/wp-content\/uploads\/2026\/01\/COCINA-SUM-e1769172864631.jpg\"><img loading=\"lazy\" decoding=\"async\" class=\"wp-image-1345 aligncenter\" src=\"https:\/\/trebolense.com.ar\/archivo\/wp-content\/uploads\/2026\/01\/COCINA-SUM-e1769172864631-300x200.jpg\" alt=\"\" width=\"353\" height=\"235\" srcset=\"https:\/\/trebolense.com.ar\/archivo\/wp-content\/uploads\/2026\/01\/COCINA-SUM-e1769172864631-300x200.jpg 300w, https:\/\/trebolense.com.ar\/archivo\/wp-content\/uploads\/2026\/01\/COCINA-SUM-e1769172864631-1024x681.jpg 1024w, https:\/\/trebolense.com.ar\/archivo\/wp-content\/uploads\/2026\/01\/COCINA-SUM-e1769172864631-768x511.jpg 768w, https:\/\/trebolense.com.ar\/archivo\/wp-content\/uploads\/2026\/01\/COCINA-SUM-e1769172864631-696x463.jpg 696w, https:\/\/trebolense.com.ar\/archivo\/wp-content\/uploads\/2026\/01\/COCINA-SUM-e1769172864631-1068x710.jpg 1068w, https:\/\/trebolense.com.ar\/archivo\/wp-content\/uploads\/2026\/01\/COCINA-SUM-e1769172864631.jpg 1200w\" sizes=\"auto, (max-width: 353px) 100vw, 353px\" \/><\/a><a href=\"https:\/\/trebolense.com.ar\/archivo\/wp-content\/uploads\/2026\/01\/COCINA.jpeg\"><img loading=\"lazy\" decoding=\"async\" class=\"wp-image-1327 aligncenter\" src=\"https:\/\/trebolense.com.ar\/archivo\/wp-content\/uploads\/2026\/01\/COCINA-300x169.jpeg\" alt=\"\" width=\"355\" height=\"200\" srcset=\"https:\/\/trebolense.com.ar\/archivo\/wp-content\/uploads\/2026\/01\/COCINA-300x169.jpeg 300w, https:\/\/trebolense.com.ar\/archivo\/wp-content\/uploads\/2026\/01\/COCINA-1024x576.jpeg 1024w, https:\/\/trebolense.com.ar\/archivo\/wp-content\/uploads\/2026\/01\/COCINA-768x432.jpeg 768w, https:\/\/trebolense.com.ar\/archivo\/wp-content\/uploads\/2026\/01\/COCINA-696x392.jpeg 696w, https:\/\/trebolense.com.ar\/archivo\/wp-content\/uploads\/2026\/01\/COCINA-1068x601.jpeg 1068w, https:\/\/trebolense.com.ar\/archivo\/wp-content\/uploads\/2026\/01\/COCINA.jpeg 1200w\" sizes=\"auto, (max-width: 355px) 100vw, 355px\" \/><\/a><\/p>\n<p style=\"text-align: justify\">Hace 3 a\u00f1os, debido al cambio de piso del Gimnasio Mayor y la imposibilidad de ser utilizado para actividades no espec\u00edficas, el SUM es utilizado en las Fiestas Aniversario del Club donde se alojan hasta 500 comensales.<a href=\"https:\/\/trebolense.com.ar\/archivo\/wp-content\/uploads\/2026\/01\/SUM-ANIVERSARIOS.jpg\"><img loading=\"lazy\" decoding=\"async\" class=\"size-medium wp-image-1346 aligncenter\" src=\"https:\/\/trebolense.com.ar\/archivo\/wp-content\/uploads\/2026\/01\/SUM-ANIVERSARIOS-300x213.jpg\" alt=\"\" width=\"300\" height=\"213\" srcset=\"https:\/\/trebolense.com.ar\/archivo\/wp-content\/uploads\/2026\/01\/SUM-ANIVERSARIOS-300x213.jpg 300w, https:\/\/trebolense.com.ar\/archivo\/wp-content\/uploads\/2026\/01\/SUM-ANIVERSARIOS-1024x727.jpg 1024w, https:\/\/trebolense.com.ar\/archivo\/wp-content\/uploads\/2026\/01\/SUM-ANIVERSARIOS-768x545.jpg 768w, https:\/\/trebolense.com.ar\/archivo\/wp-content\/uploads\/2026\/01\/SUM-ANIVERSARIOS-696x494.jpg 696w, https:\/\/trebolense.com.ar\/archivo\/wp-content\/uploads\/2026\/01\/SUM-ANIVERSARIOS-1068x758.jpg 1068w, https:\/\/trebolense.com.ar\/archivo\/wp-content\/uploads\/2026\/01\/SUM-ANIVERSARIOS.jpg 1200w\" sizes=\"auto, (max-width: 300px) 100vw, 300px\" \/><\/a> <a href=\"https:\/\/trebolense.com.ar\/archivo\/wp-content\/uploads\/2026\/01\/SUM-MUSICA.jpg\"><img loading=\"lazy\" decoding=\"async\" class=\" wp-image-1347 aligncenter\" src=\"https:\/\/trebolense.com.ar\/archivo\/wp-content\/uploads\/2026\/01\/SUM-MUSICA-300x199.jpg\" alt=\"\" width=\"308\" height=\"204\" srcset=\"https:\/\/trebolense.com.ar\/archivo\/wp-content\/uploads\/2026\/01\/SUM-MUSICA-300x199.jpg 300w, https:\/\/trebolense.com.ar\/archivo\/wp-content\/uploads\/2026\/01\/SUM-MUSICA-1024x680.jpg 1024w, https:\/\/trebolense.com.ar\/archivo\/wp-content\/uploads\/2026\/01\/SUM-MUSICA-768x510.jpg 768w, https:\/\/trebolense.com.ar\/archivo\/wp-content\/uploads\/2026\/01\/SUM-MUSICA-696x462.jpg 696w, https:\/\/trebolense.com.ar\/archivo\/wp-content\/uploads\/2026\/01\/SUM-MUSICA-1068x709.jpg 1068w, https:\/\/trebolense.com.ar\/archivo\/wp-content\/uploads\/2026\/01\/SUM-MUSICA.jpg 1200w\" sizes=\"auto, (max-width: 308px) 100vw, 308px\" \/><\/a><\/p>\n<p>&nbsp;<\/p>\n<p>&nbsp;<\/p>\n","protected":false},"excerpt":{"rendered":"<p>Cuando el Sr. Edgar Degano perge\u00f1\u00f3 por all\u00e1 por 1980 el Gimnasio Mayor de CAT del que tambi\u00e9n mostramos sus fotograf\u00edas en otro apartado, no imagin\u00f3 seguramente que el ingreso al mismo por Calle C\u00f3rdoba significar\u00eda otra obra de singular importancia para el Club. El SUM que cuenta con dimensiones similares al gimnasio mayor en [&hellip;]<\/p>\n","protected":false},"author":2,"featured_media":1318,"comment_status":"closed","ping_status":"closed","sticky":false,"template":"","format":"standard","meta":{"footnotes":""},"categories":[24,106],"tags":[],"class_list":["post-1290","post","type-post","status-publish","format-standard","has-post-thumbnail","category-fotos","category-sum"],"_links":{"self":[{"href":"https:\/\/trebolense.com.ar\/archivo\/wp-json\/wp\/v2\/posts\/1290","targetHints":{"allow":["GET"]}}],"collection":[{"href":"https:\/\/trebolense.com.ar\/archivo\/wp-json\/wp\/v2\/posts"}],"about":[{"href":"https:\/\/trebolense.com.ar\/archivo\/wp-json\/wp\/v2\/types\/post"}],"author":[{"embeddable":true,"href":"https:\/\/trebolense.com.ar\/archivo\/wp-json\/wp\/v2\/users\/2"}],"replies":[{"embeddable":true,"href":"https:\/\/trebolense.com.ar\/archivo\/wp-json\/wp\/v2\/comments?post=1290"}],"version-history":[{"count":12,"href":"https:\/\/trebolense.com.ar\/archivo\/wp-json\/wp\/v2\/posts\/1290\/revisions"}],"predecessor-version":[{"id":2218,"href":"https:\/\/trebolense.com.ar\/archivo\/wp-json\/wp\/v2\/posts\/1290\/revisions\/2218"}],"wp:featuredmedia":[{"embeddable":true,"href":"https:\/\/trebolense.com.ar\/archivo\/wp-json\/wp\/v2\/media\/1318"}],"wp:attachment":[{"href":"https:\/\/trebolense.com.ar\/archivo\/wp-json\/wp\/v2\/media?parent=1290"}],"wp:term":[{"taxonomy":"category","embeddable":true,"href":"https:\/\/trebolense.com.ar\/archivo\/wp-json\/wp\/v2\/categories?post=1290"},{"taxonomy":"post_tag","embeddable":true,"href":"https:\/\/trebolense.com.ar\/archivo\/wp-json\/wp\/v2\/tags?post=1290"}],"curies":[{"name":"wp","href":"https:\/\/api.w.org\/{rel}","templated":true}]}}