{"id":1117,"date":"2025-12-14T17:32:35","date_gmt":"2025-12-14T20:32:35","guid":{"rendered":"https:\/\/trebolense.com.ar\/archivo\/?p=1117"},"modified":"2026-02-24T20:44:10","modified_gmt":"2026-02-24T23:44:10","slug":"las-damas-en-trebolense","status":"publish","type":"post","link":"https:\/\/trebolense.com.ar\/archivo\/las-damas-en-trebolense\/","title":{"rendered":"Las damas en Trebolense"},"content":{"rendered":"<p style=\"text-align: justify\">Trebolense ha nacido como un Club de Futbol all\u00e1 por 1909, cuando nuestro pueblo ten\u00eda s\u00f3lo 19 a\u00f1os de vida y la necesidad de nuestros antepasados inmigrantes, presos de la nostalgia por la tierra y la familia abandonada, hac\u00edan que el esparcimiento y las reuniones de conocidos y amigos resultaran de grandes aliados para acompa\u00f1ar esas interminables jornadas de trabajo, la mayor\u00eda en el campo. El futbol, que tra\u00eda desde sus albores all\u00e1 en Europa las rudimentarias bases y reglamentos, comenz\u00f3 a practicarse en la mayor\u00eda de estos pueblos de colonos, que para esas \u00e9pocas ya ten\u00edan sus hijos y hasta nietos argentinos. Trebolense transit\u00f3 sus primeros 30 a\u00f1os de vida s\u00f3lo como Club de Futbol, de manera tal que las reuniones sociales eran durante las jornadas de partidos o las fiestas aniversario en donde la familia concurr\u00eda, realiz\u00e1ndose las mismas al aire libre con las b\u00e1sicas cosas materiales pero con un infinito amor hacia los amigos y la familia qui\u00e9n ya participaba de dichos eventos.<\/p>\n<p style=\"text-align: justify\">Hacia mediados del siglo pasado el Club comienza a construir su patrimonio con dos hechos fundamentales ocurridos en la d\u00e9cada de 1940 como lo fueron la adjudicaci\u00f3n de las cuatro manzanas que componen hoy su predio central y la adquisici\u00f3n por los socios del Teatro Cervantes a la desaparecida Sociedad Espa\u00f1ola.<\/p>\n<p style=\"text-align: justify\">Y en la d\u00e9cada de 1950 comienzan a aparecer las distintas disciplinas deportivas y actividades sociales en donde la mujer desempe\u00f1ar\u00e1 desde ah\u00ed hacia el futuro los roles trascendentes que les conocemos. En Club Trebolense comienzan a aparecer las distintas Sub Comisiones de Damas. He aqu\u00ed algunas fotograf\u00edas que son s\u00f3lo una muestra microsc\u00f3pica del rol de la mujer en C.A. Trebolense.<\/p>\n<figure id=\"attachment_1127\" aria-describedby=\"caption-attachment-1127\" style=\"width: 487px\" class=\"wp-caption aligncenter\"><a href=\"https:\/\/trebolense.com.ar\/archivo\/wp-content\/uploads\/2026\/01\/DAMAS-1.jpg\"><img loading=\"lazy\" decoding=\"async\" class=\"wp-image-1127\" src=\"https:\/\/trebolense.com.ar\/archivo\/wp-content\/uploads\/2026\/01\/DAMAS-1-300x205.jpg\" alt=\"\" width=\"487\" height=\"333\" srcset=\"https:\/\/trebolense.com.ar\/archivo\/wp-content\/uploads\/2026\/01\/DAMAS-1-300x205.jpg 300w, https:\/\/trebolense.com.ar\/archivo\/wp-content\/uploads\/2026\/01\/DAMAS-1-1024x698.jpg 1024w, https:\/\/trebolense.com.ar\/archivo\/wp-content\/uploads\/2026\/01\/DAMAS-1-768x524.jpg 768w, https:\/\/trebolense.com.ar\/archivo\/wp-content\/uploads\/2026\/01\/DAMAS-1-218x150.jpg 218w, https:\/\/trebolense.com.ar\/archivo\/wp-content\/uploads\/2026\/01\/DAMAS-1-696x474.jpg 696w, https:\/\/trebolense.com.ar\/archivo\/wp-content\/uploads\/2026\/01\/DAMAS-1-1068x728.jpg 1068w, https:\/\/trebolense.com.ar\/archivo\/wp-content\/uploads\/2026\/01\/DAMAS-1.jpg 1200w\" sizes=\"auto, (max-width: 487px) 100vw, 487px\" \/><\/a><figcaption id=\"caption-attachment-1127\" class=\"wp-caption-text\">Perla de Etbul, Elsa Reschini, Mafalda Grosso, Dolly de Aragno, Mar\u00eda N. Raposo, Ana de Aguilera<\/figcaption><\/figure>\n<figure id=\"attachment_1132\" aria-describedby=\"caption-attachment-1132\" style=\"width: 499px\" class=\"wp-caption aligncenter\"><a href=\"https:\/\/trebolense.com.ar\/archivo\/wp-content\/uploads\/2026\/01\/SUB-COMISION-DAMAS.jpg\"><img loading=\"lazy\" decoding=\"async\" class=\"wp-image-1132\" src=\"https:\/\/trebolense.com.ar\/archivo\/wp-content\/uploads\/2026\/01\/SUB-COMISION-DAMAS-300x171.jpg\" alt=\"\" width=\"499\" height=\"285\" srcset=\"https:\/\/trebolense.com.ar\/archivo\/wp-content\/uploads\/2026\/01\/SUB-COMISION-DAMAS-300x171.jpg 300w, https:\/\/trebolense.com.ar\/archivo\/wp-content\/uploads\/2026\/01\/SUB-COMISION-DAMAS-1024x583.jpg 1024w, https:\/\/trebolense.com.ar\/archivo\/wp-content\/uploads\/2026\/01\/SUB-COMISION-DAMAS-768x437.jpg 768w, https:\/\/trebolense.com.ar\/archivo\/wp-content\/uploads\/2026\/01\/SUB-COMISION-DAMAS-696x396.jpg 696w, https:\/\/trebolense.com.ar\/archivo\/wp-content\/uploads\/2026\/01\/SUB-COMISION-DAMAS-1068x608.jpg 1068w, https:\/\/trebolense.com.ar\/archivo\/wp-content\/uploads\/2026\/01\/SUB-COMISION-DAMAS.jpg 1200w\" sizes=\"auto, (max-width: 499px) 100vw, 499px\" \/><\/a><figcaption id=\"caption-attachment-1132\" class=\"wp-caption-text\">Fanny Chiappa, Adelma Becchio, Celita Aimone, Clara P. Ovejero, Zunilda Aimone, Elena Broardo, Pura P. Ovejero, Nelly Foressi. Lida Battaini, Haydee Decorte, Perla de Etbul, Herminda Becchio, Mar\u00eda N. Raposso<\/figcaption><\/figure>\n<figure id=\"attachment_1131\" aria-describedby=\"caption-attachment-1131\" style=\"width: 499px\" class=\"wp-caption aligncenter\"><a href=\"https:\/\/trebolense.com.ar\/archivo\/wp-content\/uploads\/2026\/01\/SUB-COMISION-DAMAS-1950.jpg\"><img loading=\"lazy\" decoding=\"async\" class=\"wp-image-1131\" src=\"https:\/\/trebolense.com.ar\/archivo\/wp-content\/uploads\/2026\/01\/SUB-COMISION-DAMAS-1950-300x184.jpg\" alt=\"\" width=\"499\" height=\"306\" srcset=\"https:\/\/trebolense.com.ar\/archivo\/wp-content\/uploads\/2026\/01\/SUB-COMISION-DAMAS-1950-300x184.jpg 300w, https:\/\/trebolense.com.ar\/archivo\/wp-content\/uploads\/2026\/01\/SUB-COMISION-DAMAS-1950-1024x627.jpg 1024w, https:\/\/trebolense.com.ar\/archivo\/wp-content\/uploads\/2026\/01\/SUB-COMISION-DAMAS-1950-768x470.jpg 768w, https:\/\/trebolense.com.ar\/archivo\/wp-content\/uploads\/2026\/01\/SUB-COMISION-DAMAS-1950-696x426.jpg 696w, https:\/\/trebolense.com.ar\/archivo\/wp-content\/uploads\/2026\/01\/SUB-COMISION-DAMAS-1950-1068x654.jpg 1068w, https:\/\/trebolense.com.ar\/archivo\/wp-content\/uploads\/2026\/01\/SUB-COMISION-DAMAS-1950.jpg 1200w\" sizes=\"auto, (max-width: 499px) 100vw, 499px\" \/><\/a><figcaption id=\"caption-attachment-1131\" class=\"wp-caption-text\">Jos\u00e9 Aragno, Mirta Salamano, Iris Charles, Mar\u00eda Nieves Raposso, Mar\u00eda P Biolatto<\/figcaption><\/figure>\n<figure id=\"attachment_1129\" aria-describedby=\"caption-attachment-1129\" style=\"width: 504px\" class=\"wp-caption aligncenter\"><a href=\"https:\/\/trebolense.com.ar\/archivo\/wp-content\/uploads\/2026\/01\/DAMAS-2.jpg\"><img loading=\"lazy\" decoding=\"async\" class=\"wp-image-1129\" src=\"https:\/\/trebolense.com.ar\/archivo\/wp-content\/uploads\/2026\/01\/DAMAS-2-300x208.jpg\" alt=\"\" width=\"504\" height=\"349\" srcset=\"https:\/\/trebolense.com.ar\/archivo\/wp-content\/uploads\/2026\/01\/DAMAS-2-300x208.jpg 300w, https:\/\/trebolense.com.ar\/archivo\/wp-content\/uploads\/2026\/01\/DAMAS-2-1024x711.jpg 1024w, https:\/\/trebolense.com.ar\/archivo\/wp-content\/uploads\/2026\/01\/DAMAS-2-768x533.jpg 768w, https:\/\/trebolense.com.ar\/archivo\/wp-content\/uploads\/2026\/01\/DAMAS-2-218x150.jpg 218w, https:\/\/trebolense.com.ar\/archivo\/wp-content\/uploads\/2026\/01\/DAMAS-2-696x483.jpg 696w, https:\/\/trebolense.com.ar\/archivo\/wp-content\/uploads\/2026\/01\/DAMAS-2-1068x741.jpg 1068w, https:\/\/trebolense.com.ar\/archivo\/wp-content\/uploads\/2026\/01\/DAMAS-2.jpg 1200w\" sizes=\"auto, (max-width: 504px) 100vw, 504px\" \/><\/a><figcaption id=\"caption-attachment-1129\" class=\"wp-caption-text\">Coronaci\u00f3n Reina 1984. Sub Comisi\u00f3n Damas<\/figcaption><\/figure>\n<figure id=\"attachment_1130\" aria-describedby=\"caption-attachment-1130\" style=\"width: 504px\" class=\"wp-caption aligncenter\"><a href=\"https:\/\/trebolense.com.ar\/archivo\/wp-content\/uploads\/2026\/01\/DAMAS-3.jpg\"><img loading=\"lazy\" decoding=\"async\" class=\"wp-image-1130\" src=\"https:\/\/trebolense.com.ar\/archivo\/wp-content\/uploads\/2026\/01\/DAMAS-3-300x217.jpg\" alt=\"\" width=\"504\" height=\"365\" srcset=\"https:\/\/trebolense.com.ar\/archivo\/wp-content\/uploads\/2026\/01\/DAMAS-3-300x217.jpg 300w, https:\/\/trebolense.com.ar\/archivo\/wp-content\/uploads\/2026\/01\/DAMAS-3-1024x742.jpg 1024w, https:\/\/trebolense.com.ar\/archivo\/wp-content\/uploads\/2026\/01\/DAMAS-3-768x556.jpg 768w, https:\/\/trebolense.com.ar\/archivo\/wp-content\/uploads\/2026\/01\/DAMAS-3-696x504.jpg 696w, https:\/\/trebolense.com.ar\/archivo\/wp-content\/uploads\/2026\/01\/DAMAS-3-1068x773.jpg 1068w, https:\/\/trebolense.com.ar\/archivo\/wp-content\/uploads\/2026\/01\/DAMAS-3.jpg 1200w\" sizes=\"auto, (max-width: 504px) 100vw, 504px\" \/><\/a><figcaption id=\"caption-attachment-1130\" class=\"wp-caption-text\">Delia Zaffal\u00f3n, Milka G. de Baquin, Patricia Celio, Claudia Celio, Betiana Baquin, Mariel Carignano, Valeria Bonardo, Ver\u00f3nica Castagno, Claudia Benitez, Griselda Paulone, Maia Becerra, Stella Sanchez, Cristina Ferrato, Ana M. Possio, Laura Boasso, Susana Mondina, Silvia de Nelly<\/figcaption><\/figure>\n<figure id=\"attachment_1126\" aria-describedby=\"caption-attachment-1126\" style=\"width: 503px\" class=\"wp-caption aligncenter\"><a href=\"https:\/\/trebolense.com.ar\/archivo\/wp-content\/uploads\/2026\/01\/DAMAS-1.jpeg\"><img loading=\"lazy\" decoding=\"async\" class=\"wp-image-1126\" src=\"https:\/\/trebolense.com.ar\/archivo\/wp-content\/uploads\/2026\/01\/DAMAS-1-300x226.jpeg\" alt=\"\" width=\"503\" height=\"379\" srcset=\"https:\/\/trebolense.com.ar\/archivo\/wp-content\/uploads\/2026\/01\/DAMAS-1-300x226.jpeg 300w, https:\/\/trebolense.com.ar\/archivo\/wp-content\/uploads\/2026\/01\/DAMAS-1-1024x771.jpeg 1024w, https:\/\/trebolense.com.ar\/archivo\/wp-content\/uploads\/2026\/01\/DAMAS-1-768x578.jpeg 768w, https:\/\/trebolense.com.ar\/archivo\/wp-content\/uploads\/2026\/01\/DAMAS-1-696x524.jpeg 696w, https:\/\/trebolense.com.ar\/archivo\/wp-content\/uploads\/2026\/01\/DAMAS-1-1068x804.jpeg 1068w, https:\/\/trebolense.com.ar\/archivo\/wp-content\/uploads\/2026\/01\/DAMAS-1.jpeg 1200w\" sizes=\"auto, (max-width: 503px) 100vw, 503px\" \/><\/a><figcaption id=\"caption-attachment-1126\" class=\"wp-caption-text\">Griselda Paulone, Mar\u00eda Teresa Burdisso, Maia Becerra, Mariel Carignano<\/figcaption><\/figure>\n<p>&nbsp;<\/p>\n<p>En el apartado de Reinas y Abanderados podr\u00e1 observarse una muestra representativa de la mujer Trebolense. En el \u00edtem correspondiente a Damas de Honor, el Club homenajea a mujeres que han dado todo por la instituci\u00f3n, les invitamos a explorarlo.<\/p>\n<p>&nbsp;<\/p>\n<p>&nbsp;<\/p>\n","protected":false},"excerpt":{"rendered":"<p>Trebolense ha nacido como un Club de Futbol all\u00e1 por 1909, cuando nuestro pueblo ten\u00eda s\u00f3lo 19 a\u00f1os de vida y la necesidad de nuestros antepasados inmigrantes, presos de la nostalgia por la tierra y la familia abandonada, hac\u00edan que el esparcimiento y las reuniones de conocidos y amigos resultaran de grandes aliados para acompa\u00f1ar [&hellip;]<\/p>\n","protected":false},"author":2,"featured_media":1175,"comment_status":"closed","ping_status":"closed","sticky":false,"template":"","format":"standard","meta":{"footnotes":""},"categories":[5,102],"tags":[],"class_list":["post-1117","post","type-post","status-publish","format-standard","has-post-thumbnail","category-autoridades","category-comisiones-damas"],"_links":{"self":[{"href":"https:\/\/trebolense.com.ar\/archivo\/wp-json\/wp\/v2\/posts\/1117","targetHints":{"allow":["GET"]}}],"collection":[{"href":"https:\/\/trebolense.com.ar\/archivo\/wp-json\/wp\/v2\/posts"}],"about":[{"href":"https:\/\/trebolense.com.ar\/archivo\/wp-json\/wp\/v2\/types\/post"}],"author":[{"embeddable":true,"href":"https:\/\/trebolense.com.ar\/archivo\/wp-json\/wp\/v2\/users\/2"}],"replies":[{"embeddable":true,"href":"https:\/\/trebolense.com.ar\/archivo\/wp-json\/wp\/v2\/comments?post=1117"}],"version-history":[{"count":16,"href":"https:\/\/trebolense.com.ar\/archivo\/wp-json\/wp\/v2\/posts\/1117\/revisions"}],"predecessor-version":[{"id":2077,"href":"https:\/\/trebolense.com.ar\/archivo\/wp-json\/wp\/v2\/posts\/1117\/revisions\/2077"}],"wp:featuredmedia":[{"embeddable":true,"href":"https:\/\/trebolense.com.ar\/archivo\/wp-json\/wp\/v2\/media\/1175"}],"wp:attachment":[{"href":"https:\/\/trebolense.com.ar\/archivo\/wp-json\/wp\/v2\/media?parent=1117"}],"wp:term":[{"taxonomy":"category","embeddable":true,"href":"https:\/\/trebolense.com.ar\/archivo\/wp-json\/wp\/v2\/categories?post=1117"},{"taxonomy":"post_tag","embeddable":true,"href":"https:\/\/trebolense.com.ar\/archivo\/wp-json\/wp\/v2\/tags?post=1117"}],"curies":[{"name":"wp","href":"https:\/\/api.w.org\/{rel}","templated":true}]}}