{"id":1019,"date":"2026-01-05T17:01:25","date_gmt":"2026-01-05T20:01:25","guid":{"rendered":"https:\/\/trebolense.com.ar\/archivo\/?p=1019"},"modified":"2026-03-16T10:23:23","modified_gmt":"2026-03-16T13:23:23","slug":"fotos-secretaria","status":"publish","type":"post","link":"https:\/\/trebolense.com.ar\/archivo\/fotos-secretaria\/","title":{"rendered":"Fotos  Secretar\u00eda"},"content":{"rendered":"<p style=\"text-align: justify\">Repasando un poco la historia gloriosa de Club Trebolense debemos tener en cuenta que la instituci\u00f3n fue fundada en 1909 pero los primeros t\u00edtulos de propiedad de alg\u00fan inmueble datan de 1948, cuando le fue adjudicado el predio adonde actualmente se hallan las instalaciones centrales de nuestro club, ubicadas tal como dice Pancho el Jefe de Prensa: Nuestro querido Trebolense de la punta del Bulevar.<\/p>\n<p style=\"text-align: justify\">Por lo expuesto decimos que en los primeros a\u00f1os las canchas de futbol las encontr\u00e1bamos en predios prestados en los que exist\u00eda casi nada de instalaciones y la administraci\u00f3n o sea la secretar\u00eda deambulaba en habitaciones de casa de familia prestadas o rentadas.<\/p>\n<p style=\"text-align: justify\">En el momento de la adquisici\u00f3n del Teatro Cervantes en el a\u00f1o 1945 la secretar\u00eda del club pas\u00f3 a desempe\u00f1arse en el Hall de Ingreso al mismo. Y en poco tiempo dicho Hall se utilizar\u00eda como Gimnasio con Aparatos y en Eventos Sociales. Por lo que hubo que mudar la secretar\u00eda.<\/p>\n<p style=\"text-align: justify\">Exponemos algunas fotos de las secretar\u00edas de Trebolense.<\/p>\n<p style=\"text-align: justify\">1) La oficina la rentaba el Sr. Le\u00f3n Etbul. Estaba ubicada en Bv. Am\u00e9rica al 900, al lado de Tienda Anah\u00ed, en la actualidad es propiedad de la Sra. Cristina Ferrato y all\u00ed comenz\u00f3 su funcionamiento MutualCAT. Club Trebolense tuvo all\u00ed su secretar\u00eda por espacio de 30 a\u00f1os. En la foto vemos a Etbul, Tagliatti, Felizia, Aragno, Brussa, Corte, Maurino, Carlini, Caffaratti, Bonetto, Piancatelli, Aguilera, Salamano, Bosio. Fotograf\u00eda de 1952.<\/p>\n<p><img loading=\"lazy\" decoding=\"async\" class=\"wp-image-1154 aligncenter\" src=\"https:\/\/trebolense.com.ar\/archivo\/wp-content\/uploads\/2026\/01\/COMISION-DIRECTIVA-1952-300x196.jpg\" alt=\"\" width=\"505\" height=\"330\" srcset=\"https:\/\/trebolense.com.ar\/archivo\/wp-content\/uploads\/2026\/01\/COMISION-DIRECTIVA-1952-300x196.jpg 300w, https:\/\/trebolense.com.ar\/archivo\/wp-content\/uploads\/2026\/01\/COMISION-DIRECTIVA-1952-1024x669.jpg 1024w, https:\/\/trebolense.com.ar\/archivo\/wp-content\/uploads\/2026\/01\/COMISION-DIRECTIVA-1952-768x502.jpg 768w, https:\/\/trebolense.com.ar\/archivo\/wp-content\/uploads\/2026\/01\/COMISION-DIRECTIVA-1952-696x455.jpg 696w, https:\/\/trebolense.com.ar\/archivo\/wp-content\/uploads\/2026\/01\/COMISION-DIRECTIVA-1952-1068x698.jpg 1068w, https:\/\/trebolense.com.ar\/archivo\/wp-content\/uploads\/2026\/01\/COMISION-DIRECTIVA-1952.jpg 1200w\" sizes=\"auto, (max-width: 505px) 100vw, 505px\" \/><\/p>\n<p>&nbsp;<\/p>\n<p style=\"text-align: justify\">2) La primera secretar\u00eda construida en predio propio, junto al Pino de San Lorenzo. Contaba con ingreso, ba\u00f1os, cocina, office y sala de reuniones. El dise\u00f1o original constaba de dos plantas reserv\u00e1ndose la planta alta para Biblioteca. Inaugurada en 1983 fue luego demolida en 2020 a la espera de una secretar\u00eda de mayores dimensiones, considerando la gran cantidad de disciplinas deportivas, eventos sociales y concurrentes que diariamente visitan el Club.<a style=\"color: #4db2ec;text-align: justify\" href=\"https:\/\/trebolense.com.ar\/archivo\/wp-content\/uploads\/2026\/01\/SECRETARIA-BIBLIOTECA.jpg\"><img loading=\"lazy\" decoding=\"async\" class=\" wp-image-1159 aligncenter\" src=\"https:\/\/trebolense.com.ar\/archivo\/wp-content\/uploads\/2026\/01\/SECRETARIA-BIBLIOTECA-300x194.jpg\" alt=\"\" width=\"513\" height=\"332\" srcset=\"https:\/\/trebolense.com.ar\/archivo\/wp-content\/uploads\/2026\/01\/SECRETARIA-BIBLIOTECA-300x194.jpg 300w, https:\/\/trebolense.com.ar\/archivo\/wp-content\/uploads\/2026\/01\/SECRETARIA-BIBLIOTECA-1024x660.jpg 1024w, https:\/\/trebolense.com.ar\/archivo\/wp-content\/uploads\/2026\/01\/SECRETARIA-BIBLIOTECA-768x495.jpg 768w, https:\/\/trebolense.com.ar\/archivo\/wp-content\/uploads\/2026\/01\/SECRETARIA-BIBLIOTECA-696x449.jpg 696w, https:\/\/trebolense.com.ar\/archivo\/wp-content\/uploads\/2026\/01\/SECRETARIA-BIBLIOTECA-1068x689.jpg 1068w, https:\/\/trebolense.com.ar\/archivo\/wp-content\/uploads\/2026\/01\/SECRETARIA-BIBLIOTECA.jpg 1200w\" sizes=\"auto, (max-width: 513px) 100vw, 513px\" \/><\/a><\/p>\n<p style=\"text-align: justify\">3) Vista exterior del Coloso, Secretar\u00eda y Pino de San Lorenzo.<\/p>\n<p><a style=\"color: #4db2ec;text-align: justify\" href=\"https:\/\/trebolense.com.ar\/archivo\/wp-content\/uploads\/2026\/01\/SECRETARIA-2017.jpg\"><img loading=\"lazy\" decoding=\"async\" class=\" wp-image-1158 aligncenter\" src=\"https:\/\/trebolense.com.ar\/archivo\/wp-content\/uploads\/2026\/01\/SECRETARIA-2017-300x135.jpg\" alt=\"\" width=\"607\" height=\"273\" srcset=\"https:\/\/trebolense.com.ar\/archivo\/wp-content\/uploads\/2026\/01\/SECRETARIA-2017-300x135.jpg 300w, https:\/\/trebolense.com.ar\/archivo\/wp-content\/uploads\/2026\/01\/SECRETARIA-2017-1024x461.jpg 1024w, https:\/\/trebolense.com.ar\/archivo\/wp-content\/uploads\/2026\/01\/SECRETARIA-2017-768x346.jpg 768w, https:\/\/trebolense.com.ar\/archivo\/wp-content\/uploads\/2026\/01\/SECRETARIA-2017-696x313.jpg 696w, https:\/\/trebolense.com.ar\/archivo\/wp-content\/uploads\/2026\/01\/SECRETARIA-2017-1068x481.jpg 1068w, https:\/\/trebolense.com.ar\/archivo\/wp-content\/uploads\/2026\/01\/SECRETARIA-2017.jpg 1200w\" sizes=\"auto, (max-width: 607px) 100vw, 607px\" \/><\/a>4) Demolici\u00f3n de Secretar\u00eda en 2020<\/p>\n<p><a style=\"color: #4db2ec\" href=\"https:\/\/trebolense.com.ar\/archivo\/wp-content\/uploads\/2026\/01\/20201022_163603.jpg\"><img loading=\"lazy\" decoding=\"async\" class=\" wp-image-1197 aligncenter\" src=\"https:\/\/trebolense.com.ar\/archivo\/wp-content\/uploads\/2026\/01\/20201022_163603-300x135.jpg\" alt=\"\" width=\"508\" height=\"229\" srcset=\"https:\/\/trebolense.com.ar\/archivo\/wp-content\/uploads\/2026\/01\/20201022_163603-300x135.jpg 300w, https:\/\/trebolense.com.ar\/archivo\/wp-content\/uploads\/2026\/01\/20201022_163603-1024x461.jpg 1024w, https:\/\/trebolense.com.ar\/archivo\/wp-content\/uploads\/2026\/01\/20201022_163603-768x346.jpg 768w, https:\/\/trebolense.com.ar\/archivo\/wp-content\/uploads\/2026\/01\/20201022_163603-696x313.jpg 696w, https:\/\/trebolense.com.ar\/archivo\/wp-content\/uploads\/2026\/01\/20201022_163603-1068x481.jpg 1068w, https:\/\/trebolense.com.ar\/archivo\/wp-content\/uploads\/2026\/01\/20201022_163603.jpg 1200w\" sizes=\"auto, (max-width: 508px) 100vw, 508px\" \/><\/a>5)\u00a0 Actual secretar\u00eda alojada moment\u00e1neamente en el interior de la Sede Social.<\/p>\n<p><img loading=\"lazy\" decoding=\"async\" class=\"size-medium wp-image-1156 aligncenter\" style=\"color: #4db2ec\" src=\"https:\/\/trebolense.com.ar\/archivo\/wp-content\/uploads\/2026\/01\/nueva-secretaria-2-300x139.jpeg\" alt=\"\" width=\"300\" height=\"139\" srcset=\"https:\/\/trebolense.com.ar\/archivo\/wp-content\/uploads\/2026\/01\/nueva-secretaria-2-300x139.jpeg 300w, https:\/\/trebolense.com.ar\/archivo\/wp-content\/uploads\/2026\/01\/nueva-secretaria-2-1024x473.jpeg 1024w, https:\/\/trebolense.com.ar\/archivo\/wp-content\/uploads\/2026\/01\/nueva-secretaria-2-768x355.jpeg 768w, https:\/\/trebolense.com.ar\/archivo\/wp-content\/uploads\/2026\/01\/nueva-secretaria-2-696x321.jpeg 696w, https:\/\/trebolense.com.ar\/archivo\/wp-content\/uploads\/2026\/01\/nueva-secretaria-2-1068x493.jpeg 1068w, https:\/\/trebolense.com.ar\/archivo\/wp-content\/uploads\/2026\/01\/nueva-secretaria-2.jpeg 1200w\" sizes=\"auto, (max-width: 300px) 100vw, 300px\" \/><\/p>\n<p><img loading=\"lazy\" decoding=\"async\" class=\"size-medium wp-image-1155 aligncenter\" src=\"https:\/\/trebolense.com.ar\/archivo\/wp-content\/uploads\/2026\/01\/nueva-secretaria-1-300x139.jpeg\" alt=\"\" width=\"300\" height=\"139\" srcset=\"https:\/\/trebolense.com.ar\/archivo\/wp-content\/uploads\/2026\/01\/nueva-secretaria-1-300x139.jpeg 300w, https:\/\/trebolense.com.ar\/archivo\/wp-content\/uploads\/2026\/01\/nueva-secretaria-1-1024x473.jpeg 1024w, https:\/\/trebolense.com.ar\/archivo\/wp-content\/uploads\/2026\/01\/nueva-secretaria-1-768x355.jpeg 768w, https:\/\/trebolense.com.ar\/archivo\/wp-content\/uploads\/2026\/01\/nueva-secretaria-1-696x321.jpeg 696w, https:\/\/trebolense.com.ar\/archivo\/wp-content\/uploads\/2026\/01\/nueva-secretaria-1-1068x493.jpeg 1068w, https:\/\/trebolense.com.ar\/archivo\/wp-content\/uploads\/2026\/01\/nueva-secretaria-1.jpeg 1200w\" sizes=\"auto, (max-width: 300px) 100vw, 300px\" \/><\/p>\n","protected":false},"excerpt":{"rendered":"<p>Repasando un poco la historia gloriosa de Club Trebolense debemos tener en cuenta que la instituci\u00f3n fue fundada en 1909 pero los primeros t\u00edtulos de propiedad de alg\u00fan inmueble datan de 1948, cuando le fue adjudicado el predio adonde actualmente se hallan las instalaciones centrales de nuestro club, ubicadas tal como dice Pancho el Jefe [&hellip;]<\/p>\n","protected":false},"author":2,"featured_media":1159,"comment_status":"closed","ping_status":"closed","sticky":false,"template":"","format":"standard","meta":{"footnotes":""},"categories":[24,104],"tags":[],"class_list":["post-1019","post","type-post","status-publish","format-standard","has-post-thumbnail","category-fotos","category-secretaria"],"_links":{"self":[{"href":"https:\/\/trebolense.com.ar\/archivo\/wp-json\/wp\/v2\/posts\/1019","targetHints":{"allow":["GET"]}}],"collection":[{"href":"https:\/\/trebolense.com.ar\/archivo\/wp-json\/wp\/v2\/posts"}],"about":[{"href":"https:\/\/trebolense.com.ar\/archivo\/wp-json\/wp\/v2\/types\/post"}],"author":[{"embeddable":true,"href":"https:\/\/trebolense.com.ar\/archivo\/wp-json\/wp\/v2\/users\/2"}],"replies":[{"embeddable":true,"href":"https:\/\/trebolense.com.ar\/archivo\/wp-json\/wp\/v2\/comments?post=1019"}],"version-history":[{"count":12,"href":"https:\/\/trebolense.com.ar\/archivo\/wp-json\/wp\/v2\/posts\/1019\/revisions"}],"predecessor-version":[{"id":2224,"href":"https:\/\/trebolense.com.ar\/archivo\/wp-json\/wp\/v2\/posts\/1019\/revisions\/2224"}],"wp:featuredmedia":[{"embeddable":true,"href":"https:\/\/trebolense.com.ar\/archivo\/wp-json\/wp\/v2\/media\/1159"}],"wp:attachment":[{"href":"https:\/\/trebolense.com.ar\/archivo\/wp-json\/wp\/v2\/media?parent=1019"}],"wp:term":[{"taxonomy":"category","embeddable":true,"href":"https:\/\/trebolense.com.ar\/archivo\/wp-json\/wp\/v2\/categories?post=1019"},{"taxonomy":"post_tag","embeddable":true,"href":"https:\/\/trebolense.com.ar\/archivo\/wp-json\/wp\/v2\/tags?post=1019"}],"curies":[{"name":"wp","href":"https:\/\/api.w.org\/{rel}","templated":true}]}}